{"id":1003,"date":"2024-08-30T15:44:00","date_gmt":"2024-08-30T18:44:00","guid":{"rendered":"https:\/\/www.forumcampinas.org.br\/interdependencia\/?post_type=blog&#038;p=1003"},"modified":"2024-08-30T15:44:00","modified_gmt":"2024-08-30T18:44:00","slug":"instituto-de-pesca-festa-tem-peixe-na-vila","status":"publish","type":"blog","link":"https:\/\/www.forumcampinas.org.br\/interdependencia\/blog\/instituto-de-pesca-festa-tem-peixe-na-vila\/","title":{"rendered":"Instituto de Pesca: Festa Tem Peixe Na Vila"},"content":{"rendered":"<p>O Instituto de Pesca (IP) \u00e9 uma institui\u00e7\u00e3o de refer\u00eancia na pesquisa cient\u00edfica e tecnol\u00f3gica voltada para as \u00e1reas de pesca, aquicultura e recursos h\u00eddricos. Vinculado \u00e0 Ag\u00eancia Paulista de Tecnologia dos Agroneg\u00f3cios (APTA), da Secretaria de Agricultura e Abastecimento do Estado de S\u00e3o Paulo, o IP tem desempenhado um papel fundamental na constru\u00e7\u00e3o e transfer\u00eancia de conhecimentos e tecnologias que visam melhorar o agroneg\u00f3cio do pescado e preservar a qualidade ambiental.<\/p>\n<p><strong>Hist\u00f3ria e Miss\u00e3o do Instituto de Pesca<\/strong><\/p>\n<p>A hist\u00f3ria do Instituto de Pesca remonta ao ano de 1734, em Santos, onde come\u00e7ou sua trajet\u00f3ria de estudos e pesquisa. No entanto, foi em 8 de abril de 1969 que o Instituto assumiu sua forma atual, quando o Governo de S\u00e3o Paulo transformou a Divis\u00e3o de Prote\u00e7\u00e3o e Produ\u00e7\u00e3o de Peixes e Animais Silvestres no Instituto de Pesca. Desde ent\u00e3o, o IP tem se dedicado a realizar pesquisas e a desenvolver tecnologias que promovam o uso sustent\u00e1vel dos recursos aqu\u00e1ticos, contribuindo para a melhoria da qualidade de vida da popula\u00e7\u00e3o e o desenvolvimento do setor pesqueiro.<\/p>\n<figure id=\"attachment_1002\" aria-describedby=\"caption-attachment-1002\" style=\"width: 1000px\" class=\"wp-caption aligncenter\"><img loading=\"lazy\" decoding=\"async\" class=\"size-full wp-image-1002\" src=\"https:\/\/www.forumcampinas.org.br\/interdependencia\/wp-content\/uploads\/2024\/08\/Instituto-de-pesca-aerea.jpg\" alt=\"\" width=\"1000\" height=\"553\" srcset=\"https:\/\/www.forumcampinas.org.br\/interdependencia\/wp-content\/uploads\/2024\/08\/Instituto-de-pesca-aerea.jpg 1000w, https:\/\/www.forumcampinas.org.br\/interdependencia\/wp-content\/uploads\/2024\/08\/Instituto-de-pesca-aerea-300x166.jpg 300w, https:\/\/www.forumcampinas.org.br\/interdependencia\/wp-content\/uploads\/2024\/08\/Instituto-de-pesca-aerea-768x425.jpg 768w\" sizes=\"auto, (max-width: 1000px) 100vw, 1000px\" \/><figcaption id=\"caption-attachment-1002\" class=\"wp-caption-text\">Foto: Divulga\u00e7\u00e3o<\/figcaption><\/figure>\n<p><strong>Atividades e Servi\u00e7os do Instituto de Pesca<\/strong><\/p>\n<p>Entre as principais atividades do Instituto de Pesca, destacam-se a realiza\u00e7\u00e3o de pesquisas cient\u00edficas e tecnol\u00f3gicas, a adapta\u00e7\u00e3o e difus\u00e3o de conhecimentos na \u00e1rea de pesca e aquicultura, e a transfer\u00eancia de tecnologia para o uso racional dos recursos aqu\u00e1ticos. O IP oferece informa\u00e7\u00f5es sobre tecnologia, produ\u00e7\u00e3o e estoques pesqueiros, disponibiliza servi\u00e7os laboratoriais especializados e desenvolve insumos e material reprodutivo para atender \u00e0s demandas do setor produtivo. A institui\u00e7\u00e3o tamb\u00e9m se dedica \u00e0 preserva\u00e7\u00e3o de organismos de interesse para a aquicultura e \u00e0 forma\u00e7\u00e3o profissional, oferecendo cursos de especializa\u00e7\u00e3o, treinamentos, est\u00e1gios e outras atividades educativas.<\/p>\n<p>Al\u00e9m de suas fun\u00e7\u00f5es cient\u00edficas e educacionais, o Instituto de Pesca apoia iniciativas culturais e de divulga\u00e7\u00e3o, como o Museu do Instituto de Pesca e o Aqu\u00e1rio, contribuindo para a promo\u00e7\u00e3o e valoriza\u00e7\u00e3o da pesca como atividade econ\u00f4mica e cultural.<\/p>\n<p><strong>Festa Tem Peixe na Vila: Uma Celebra\u00e7\u00e3o da Cultura do Pescado<\/strong><\/p>\n<p>O Instituto de Pesca iniciou um novo cap\u00edtulo em sua hist\u00f3ria ao lan\u00e7ar a Festa Tem Peixe na Vila, um evento que celebra a cultura do pescado e promove o consumo de produtos pesqueiros. Realizada na sede do Instituto de Pesca, na Vila Mariana, em S\u00e3o Paulo, a festa \u00e9 uma verdadeira homenagem ao pescado, reunindo o melhor da gastronomia, cultura e pesquisa pesqueira em um s\u00f3 lugar.<\/p>\n<p><strong>Objetivos e Prop\u00f3sito da Festa<\/strong><\/p>\n<p>A Festa Tem Peixe na Vila, que acontece nos pr\u00f3ximos dia 31 de agosto e 1 de setembro de 2024, tem como principal objetivo incentivar o consumo de pescado, uma das melhores prote\u00ednas para a preven\u00e7\u00e3o de doen\u00e7as e melhoria da sa\u00fade humana, al\u00e9m de promover e fortalecer a cadeia produtiva do setor. O evento visa conscientizar a sociedade sobre a import\u00e2ncia da pesca sustent\u00e1vel e o papel das pesquisas cient\u00edficas na preserva\u00e7\u00e3o dos recursos aqu\u00e1ticos. Ao longo da festa, os participantes s\u00e3o expostos a diversas atividades que destacam a import\u00e2ncia do pescado na alimenta\u00e7\u00e3o e na cultura local, criando uma conex\u00e3o mais profunda entre o p\u00fablico e o mundo da pesca.<\/p>\n<p><strong>Atra\u00e7\u00f5es Gastron\u00f4micas e Culturais<\/strong><\/p>\n<p>Durante o evento, os visitantes t\u00eam a oportunidade de saborear uma ampla gama de produtos e pratos \u00e0 base de pescado, preparados por chefs e cozinheiros especializados. A Pra\u00e7a do Peixe, ponto central da festa, oferece uma variedade de del\u00edcias, como lingui\u00e7a de pirarucu, carne de jacar\u00e9, espetinho de salm\u00e3o, coxinha de til\u00e1pia e a banda de tambaqui assada, uma das estrelas da primeira edi\u00e7\u00e3o da festa. Al\u00e9m disso, os participantes podem comprar produtos para levar para casa e experimentar novas receitas.<\/p>\n<p>A festa tamb\u00e9m conta com uma feira vibrante, organizada pela Associa\u00e7\u00e3o de Moradores da Vila Mariana, que re\u00fane mais de cem expositores vendendo produtos aliment\u00edcios, bebidas autorais e artesanatos, muitos dos quais s\u00e3o feitos com mat\u00e9ria-prima proveniente da pesca, como escamas de peixes e couro de til\u00e1pia.<\/p>\n<p><strong>Atividades Educativas e Interativas<\/strong><\/p>\n<p>A programa\u00e7\u00e3o inclui diversas atividades socioculturais, cient\u00edficas, interativas e educacionais, voltadas para todas as idades. Para os adultos, s\u00e3o oferecidas oficinas t\u00e9cnicas de preparo e cortes de pescado, palestras sobre os benef\u00edcios do consumo de pescado para a sa\u00fade, e sess\u00f5es de perguntas e respostas com pesquisadores do Instituto de Pesca. Essas atividades s\u00e3o desenhadas para educar e envolver o p\u00fablico, proporcionando uma compreens\u00e3o mais profunda dos benef\u00edcios e desafios da pesca e aquicultura.<\/p>\n<p><strong>Espa\u00e7o para as Crian\u00e7as<\/strong><\/p>\n<p>As crian\u00e7as tamb\u00e9m t\u00eam um espa\u00e7o especial na festa, com um parque de brinquedos infl\u00e1veis e atividades l\u00fadicas que as introduzem ao universo do pescado de forma divertida e educativa. Entre as atividades, est\u00e3o oficinas de dobraduras, pinturas, xilogravuras e massinha, al\u00e9m de demonstra\u00e7\u00f5es de pesca, onde as crian\u00e7as podem aprender a lan\u00e7ar redes e pescar com profissionais experientes. Essas atividades s\u00e3o fundamentais para inspirar as futuras gera\u00e7\u00f5es a valorizar e preservar os recursos aqu\u00e1ticos.<\/p>\n<p><strong>Uma Experi\u00eancia Inesquec\u00edvel para Todos os P\u00fablicos<\/strong><\/p>\n<p>A Festa Tem Peixe na Vila \u00e9 uma celebra\u00e7\u00e3o que combina tradi\u00e7\u00e3o e inova\u00e7\u00e3o, oferecendo uma experi\u00eancia \u00fanica que agrada a todos os p\u00fablicos. Seja pelo sabor dos pratos, pela riqueza das atividades culturais e educativas, ou pela oportunidade de aprender mais sobre a pesca e a aquicultura, o evento tem algo especial para cada visitante.<\/p>\n<p><strong>Depoimento da Diretora Geral do Instituto de Pesca<\/strong><\/p>\n<p>A diretora geral do Instituto de Pesca, Cristiane Rodrigues Pinheiro Neiva, destaca que a festa busca sensibilizar os participantes para a diversidade da prote\u00edna do pescado, apresentando diferentes esp\u00e9cies de peixes, camar\u00f5es, moluscos, r\u00e9pteis, anf\u00edbios e algas. A diversidade de op\u00e7\u00f5es, que inclui pescados de \u00e1gua salgada, doce e de piscicultura, permite que os consumidores explorem novas experi\u00eancias gastron\u00f4micas e descubram novos sabores. \u201cAl\u00e9m de promover o consumo de pescado, queremos educar e criar uma consci\u00eancia sobre a import\u00e2ncia de uma alimenta\u00e7\u00e3o saud\u00e1vel e sustent\u00e1vel\u201d, afirma Cristiane.<\/p>\n<p><strong>Conclus\u00e3o<\/strong><\/p>\n<p>A Festa Tem Peixe na Vila \u00e9 mais do que um evento gastron\u00f4mico; \u00e9 uma celebra\u00e7\u00e3o da cultura e da tradi\u00e7\u00e3o pesqueira, que promove a conscientiza\u00e7\u00e3o sobre a import\u00e2ncia da pesca sustent\u00e1vel e valoriza o trabalho de todos aqueles que contribuem para a cadeia produtiva do pescado. Ao reunir ci\u00eancia, cultura e gastronomia, o Instituto de Pesca reafirma seu compromisso com o desenvolvimento sustent\u00e1vel e a melhoria da qualidade de vida da sociedade.<\/p>\n<p>O evento \u00e9 uma oportunidade \u00fanica para os paulistas se conectarem com o mundo da pesca, aprenderem mais sobre os benef\u00edcios do pescado e desfrutarem de momentos inesquec\u00edveis. Com sua combina\u00e7\u00e3o de atra\u00e7\u00f5es educativas, culturais e gastron\u00f4micas, a Festa Tem Peixe na Vila se consolida como um dos eventos mais esperados do calend\u00e1rio paulistano, promovendo o melhor do pescado que o Brasil tem a oferecer.<\/p>\n","protected":false},"excerpt":{"rendered":"<p>Desempenhado um papel fundamental na constru\u00e7\u00e3o e transfer\u00eancia de conhecimentos e tecnologias para melhorar o agroneg\u00f3cio do pescado e preservar a qualidade ambiental<\/p>\n","protected":false},"featured_media":1002,"parent":0,"template":"","class_list":["post-1003","blog","type-blog","status-publish","has-post-thumbnail","hentry"],"acf":[],"yoast_head":"<!-- This site is optimized with the Yoast SEO plugin v27.4 - https:\/\/yoast.com\/product\/yoast-seo-wordpress\/ -->\n<title>Instituto de Pesca: Festa Tem Peixe Na Vila - Interdepend\u00eancia<\/title>\n<meta name=\"description\" content=\"Construindo e transferindo conhecimentos e tecnologias para melhorar o agroneg\u00f3cio do pescado e preservar a qualidade ambiental\" \/>\n<meta name=\"robots\" content=\"index, follow, max-snippet:-1, max-image-preview:large, max-video-preview:-1\" \/>\n<link rel=\"canonical\" href=\"https:\/\/www.forumcampinas.org.br\/interdependencia\/blog\/instituto-de-pesca-festa-tem-peixe-na-vila\/\" \/>\n<meta property=\"og:locale\" content=\"pt_BR\" \/>\n<meta property=\"og:type\" content=\"article\" \/>\n<meta property=\"og:title\" content=\"Instituto de Pesca: Festa Tem Peixe Na Vila - Interdepend\u00eancia\" \/>\n<meta property=\"og:description\" content=\"Construindo e transferindo conhecimentos e tecnologias para melhorar o agroneg\u00f3cio do pescado e preservar a qualidade ambiental\" \/>\n<meta property=\"og:url\" content=\"https:\/\/www.forumcampinas.org.br\/interdependencia\/blog\/instituto-de-pesca-festa-tem-peixe-na-vila\/\" \/>\n<meta property=\"og:site_name\" content=\"Interdepend\u00eancia\" \/>\n<meta property=\"og:image\" content=\"https:\/\/www.forumcampinas.org.br\/interdependencia\/wp-content\/uploads\/2024\/08\/Instituto-de-pesca-aerea.jpg\" \/>\n\t<meta property=\"og:image:width\" content=\"1000\" \/>\n\t<meta property=\"og:image:height\" content=\"553\" \/>\n\t<meta property=\"og:image:type\" content=\"image\/jpeg\" \/>\n<meta name=\"twitter:card\" content=\"summary_large_image\" \/>\n<meta name=\"twitter:label1\" content=\"Est. tempo de leitura\" \/>\n\t<meta name=\"twitter:data1\" content=\"7 minutos\" \/>\n<script type=\"application\/ld+json\" class=\"yoast-schema-graph\">{\"@context\":\"https:\\\/\\\/schema.org\",\"@graph\":[{\"@type\":\"WebPage\",\"@id\":\"https:\\\/\\\/www.forumcampinas.org.br\\\/interdependencia\\\/blog\\\/instituto-de-pesca-festa-tem-peixe-na-vila\\\/\",\"url\":\"https:\\\/\\\/www.forumcampinas.org.br\\\/interdependencia\\\/blog\\\/instituto-de-pesca-festa-tem-peixe-na-vila\\\/\",\"name\":\"Instituto de Pesca: Festa Tem Peixe Na Vila - Interdepend\u00eancia\",\"isPartOf\":{\"@id\":\"https:\\\/\\\/www.forumcampinas.org.br\\\/interdependencia\\\/#website\"},\"primaryImageOfPage\":{\"@id\":\"https:\\\/\\\/www.forumcampinas.org.br\\\/interdependencia\\\/blog\\\/instituto-de-pesca-festa-tem-peixe-na-vila\\\/#primaryimage\"},\"image\":{\"@id\":\"https:\\\/\\\/www.forumcampinas.org.br\\\/interdependencia\\\/blog\\\/instituto-de-pesca-festa-tem-peixe-na-vila\\\/#primaryimage\"},\"thumbnailUrl\":\"https:\\\/\\\/www.forumcampinas.org.br\\\/interdependencia\\\/wp-content\\\/uploads\\\/2024\\\/08\\\/Instituto-de-pesca-aerea.jpg\",\"datePublished\":\"2024-08-30T18:44:00+00:00\",\"description\":\"Construindo e transferindo conhecimentos e tecnologias para melhorar o agroneg\u00f3cio do pescado e preservar a qualidade ambiental\",\"breadcrumb\":{\"@id\":\"https:\\\/\\\/www.forumcampinas.org.br\\\/interdependencia\\\/blog\\\/instituto-de-pesca-festa-tem-peixe-na-vila\\\/#breadcrumb\"},\"inLanguage\":\"pt-BR\",\"potentialAction\":[{\"@type\":\"ReadAction\",\"target\":[\"https:\\\/\\\/www.forumcampinas.org.br\\\/interdependencia\\\/blog\\\/instituto-de-pesca-festa-tem-peixe-na-vila\\\/\"]}]},{\"@type\":\"ImageObject\",\"inLanguage\":\"pt-BR\",\"@id\":\"https:\\\/\\\/www.forumcampinas.org.br\\\/interdependencia\\\/blog\\\/instituto-de-pesca-festa-tem-peixe-na-vila\\\/#primaryimage\",\"url\":\"https:\\\/\\\/www.forumcampinas.org.br\\\/interdependencia\\\/wp-content\\\/uploads\\\/2024\\\/08\\\/Instituto-de-pesca-aerea.jpg\",\"contentUrl\":\"https:\\\/\\\/www.forumcampinas.org.br\\\/interdependencia\\\/wp-content\\\/uploads\\\/2024\\\/08\\\/Instituto-de-pesca-aerea.jpg\",\"width\":1000,\"height\":553,\"caption\":\"Foto: Divulga\u00e7\u00e3o\"},{\"@type\":\"BreadcrumbList\",\"@id\":\"https:\\\/\\\/www.forumcampinas.org.br\\\/interdependencia\\\/blog\\\/instituto-de-pesca-festa-tem-peixe-na-vila\\\/#breadcrumb\",\"itemListElement\":[{\"@type\":\"ListItem\",\"position\":1,\"name\":\"In\u00edcio\",\"item\":\"https:\\\/\\\/www.forumcampinas.org.br\\\/interdependencia\\\/\"},{\"@type\":\"ListItem\",\"position\":2,\"name\":\"Blog\",\"item\":\"https:\\\/\\\/www.forumcampinas.org.br\\\/interdependencia\\\/blog\\\/\"},{\"@type\":\"ListItem\",\"position\":3,\"name\":\"Instituto de Pesca: Festa Tem Peixe Na Vila\"}]},{\"@type\":\"WebSite\",\"@id\":\"https:\\\/\\\/www.forumcampinas.org.br\\\/interdependencia\\\/#website\",\"url\":\"https:\\\/\\\/www.forumcampinas.org.br\\\/interdependencia\\\/\",\"name\":\"Interdepend\u00eancia\",\"description\":\"Ci\u00eancia, Tecnologia e Inova\u00e7\u00e3o e a Regi\u00e3o de Campinas\",\"publisher\":{\"@id\":\"https:\\\/\\\/www.forumcampinas.org.br\\\/interdependencia\\\/#organization\"},\"potentialAction\":[{\"@type\":\"SearchAction\",\"target\":{\"@type\":\"EntryPoint\",\"urlTemplate\":\"https:\\\/\\\/www.forumcampinas.org.br\\\/interdependencia\\\/?s={search_term_string}\"},\"query-input\":{\"@type\":\"PropertyValueSpecification\",\"valueRequired\":true,\"valueName\":\"search_term_string\"}}],\"inLanguage\":\"pt-BR\"},{\"@type\":\"Organization\",\"@id\":\"https:\\\/\\\/www.forumcampinas.org.br\\\/interdependencia\\\/#organization\",\"name\":\"Interdepend\u00eancia\",\"url\":\"https:\\\/\\\/www.forumcampinas.org.br\\\/interdependencia\\\/\",\"logo\":{\"@type\":\"ImageObject\",\"inLanguage\":\"pt-BR\",\"@id\":\"https:\\\/\\\/www.forumcampinas.org.br\\\/interdependencia\\\/#\\\/schema\\\/logo\\\/image\\\/\",\"url\":\"https:\\\/\\\/www.forumcampinas.org.br\\\/interdependencia\\\/wp-content\\\/uploads\\\/2023\\\/11\\\/interdependencia.png\",\"contentUrl\":\"https:\\\/\\\/www.forumcampinas.org.br\\\/interdependencia\\\/wp-content\\\/uploads\\\/2023\\\/11\\\/interdependencia.png\",\"width\":757,\"height\":195,\"caption\":\"Interdepend\u00eancia\"},\"image\":{\"@id\":\"https:\\\/\\\/www.forumcampinas.org.br\\\/interdependencia\\\/#\\\/schema\\\/logo\\\/image\\\/\"}}]}<\/script>\n<!-- \/ Yoast SEO plugin. -->","yoast_head_json":{"title":"Instituto de Pesca: Festa Tem Peixe Na Vila - Interdepend\u00eancia","description":"Construindo e transferindo conhecimentos e tecnologias para melhorar o agroneg\u00f3cio do pescado e preservar a qualidade ambiental","robots":{"index":"index","follow":"follow","max-snippet":"max-snippet:-1","max-image-preview":"max-image-preview:large","max-video-preview":"max-video-preview:-1"},"canonical":"https:\/\/www.forumcampinas.org.br\/interdependencia\/blog\/instituto-de-pesca-festa-tem-peixe-na-vila\/","og_locale":"pt_BR","og_type":"article","og_title":"Instituto de Pesca: Festa Tem Peixe Na Vila - Interdepend\u00eancia","og_description":"Construindo e transferindo conhecimentos e tecnologias para melhorar o agroneg\u00f3cio do pescado e preservar a qualidade ambiental","og_url":"https:\/\/www.forumcampinas.org.br\/interdependencia\/blog\/instituto-de-pesca-festa-tem-peixe-na-vila\/","og_site_name":"Interdepend\u00eancia","og_image":[{"width":1000,"height":553,"url":"https:\/\/www.forumcampinas.org.br\/interdependencia\/wp-content\/uploads\/2024\/08\/Instituto-de-pesca-aerea.jpg","type":"image\/jpeg"}],"twitter_card":"summary_large_image","twitter_misc":{"Est. tempo de leitura":"7 minutos"},"schema":{"@context":"https:\/\/schema.org","@graph":[{"@type":"WebPage","@id":"https:\/\/www.forumcampinas.org.br\/interdependencia\/blog\/instituto-de-pesca-festa-tem-peixe-na-vila\/","url":"https:\/\/www.forumcampinas.org.br\/interdependencia\/blog\/instituto-de-pesca-festa-tem-peixe-na-vila\/","name":"Instituto de Pesca: Festa Tem Peixe Na Vila - Interdepend\u00eancia","isPartOf":{"@id":"https:\/\/www.forumcampinas.org.br\/interdependencia\/#website"},"primaryImageOfPage":{"@id":"https:\/\/www.forumcampinas.org.br\/interdependencia\/blog\/instituto-de-pesca-festa-tem-peixe-na-vila\/#primaryimage"},"image":{"@id":"https:\/\/www.forumcampinas.org.br\/interdependencia\/blog\/instituto-de-pesca-festa-tem-peixe-na-vila\/#primaryimage"},"thumbnailUrl":"https:\/\/www.forumcampinas.org.br\/interdependencia\/wp-content\/uploads\/2024\/08\/Instituto-de-pesca-aerea.jpg","datePublished":"2024-08-30T18:44:00+00:00","description":"Construindo e transferindo conhecimentos e tecnologias para melhorar o agroneg\u00f3cio do pescado e preservar a qualidade ambiental","breadcrumb":{"@id":"https:\/\/www.forumcampinas.org.br\/interdependencia\/blog\/instituto-de-pesca-festa-tem-peixe-na-vila\/#breadcrumb"},"inLanguage":"pt-BR","potentialAction":[{"@type":"ReadAction","target":["https:\/\/www.forumcampinas.org.br\/interdependencia\/blog\/instituto-de-pesca-festa-tem-peixe-na-vila\/"]}]},{"@type":"ImageObject","inLanguage":"pt-BR","@id":"https:\/\/www.forumcampinas.org.br\/interdependencia\/blog\/instituto-de-pesca-festa-tem-peixe-na-vila\/#primaryimage","url":"https:\/\/www.forumcampinas.org.br\/interdependencia\/wp-content\/uploads\/2024\/08\/Instituto-de-pesca-aerea.jpg","contentUrl":"https:\/\/www.forumcampinas.org.br\/interdependencia\/wp-content\/uploads\/2024\/08\/Instituto-de-pesca-aerea.jpg","width":1000,"height":553,"caption":"Foto: Divulga\u00e7\u00e3o"},{"@type":"BreadcrumbList","@id":"https:\/\/www.forumcampinas.org.br\/interdependencia\/blog\/instituto-de-pesca-festa-tem-peixe-na-vila\/#breadcrumb","itemListElement":[{"@type":"ListItem","position":1,"name":"In\u00edcio","item":"https:\/\/www.forumcampinas.org.br\/interdependencia\/"},{"@type":"ListItem","position":2,"name":"Blog","item":"https:\/\/www.forumcampinas.org.br\/interdependencia\/blog\/"},{"@type":"ListItem","position":3,"name":"Instituto de Pesca: Festa Tem Peixe Na Vila"}]},{"@type":"WebSite","@id":"https:\/\/www.forumcampinas.org.br\/interdependencia\/#website","url":"https:\/\/www.forumcampinas.org.br\/interdependencia\/","name":"Interdepend\u00eancia","description":"Ci\u00eancia, Tecnologia e Inova\u00e7\u00e3o e a Regi\u00e3o de Campinas","publisher":{"@id":"https:\/\/www.forumcampinas.org.br\/interdependencia\/#organization"},"potentialAction":[{"@type":"SearchAction","target":{"@type":"EntryPoint","urlTemplate":"https:\/\/www.forumcampinas.org.br\/interdependencia\/?s={search_term_string}"},"query-input":{"@type":"PropertyValueSpecification","valueRequired":true,"valueName":"search_term_string"}}],"inLanguage":"pt-BR"},{"@type":"Organization","@id":"https:\/\/www.forumcampinas.org.br\/interdependencia\/#organization","name":"Interdepend\u00eancia","url":"https:\/\/www.forumcampinas.org.br\/interdependencia\/","logo":{"@type":"ImageObject","inLanguage":"pt-BR","@id":"https:\/\/www.forumcampinas.org.br\/interdependencia\/#\/schema\/logo\/image\/","url":"https:\/\/www.forumcampinas.org.br\/interdependencia\/wp-content\/uploads\/2023\/11\/interdependencia.png","contentUrl":"https:\/\/www.forumcampinas.org.br\/interdependencia\/wp-content\/uploads\/2023\/11\/interdependencia.png","width":757,"height":195,"caption":"Interdepend\u00eancia"},"image":{"@id":"https:\/\/www.forumcampinas.org.br\/interdependencia\/#\/schema\/logo\/image\/"}}]}},"_links":{"self":[{"href":"https:\/\/www.forumcampinas.org.br\/interdependencia\/wp-json\/wp\/v2\/blog\/1003","targetHints":{"allow":["GET"]}}],"collection":[{"href":"https:\/\/www.forumcampinas.org.br\/interdependencia\/wp-json\/wp\/v2\/blog"}],"about":[{"href":"https:\/\/www.forumcampinas.org.br\/interdependencia\/wp-json\/wp\/v2\/types\/blog"}],"wp:featuredmedia":[{"embeddable":true,"href":"https:\/\/www.forumcampinas.org.br\/interdependencia\/wp-json\/wp\/v2\/media\/1002"}],"wp:attachment":[{"href":"https:\/\/www.forumcampinas.org.br\/interdependencia\/wp-json\/wp\/v2\/media?parent=1003"}],"curies":[{"name":"wp","href":"https:\/\/api.w.org\/{rel}","templated":true}]}}