{"id":1005,"date":"2024-09-06T07:50:51","date_gmt":"2024-09-06T10:50:51","guid":{"rendered":"https:\/\/www.forumcampinas.org.br\/interdependencia\/?post_type=blog&#038;p=1005"},"modified":"2024-09-06T08:01:32","modified_gmt":"2024-09-06T11:01:32","slug":"desenvolvimento-sustentavel-em-barao-geraldo","status":"publish","type":"blog","link":"https:\/\/www.forumcampinas.org.br\/interdependencia\/blog\/desenvolvimento-sustentavel-em-barao-geraldo\/","title":{"rendered":"Desenvolvimento Sustent\u00e1vel em Bar\u00e3o Geraldo"},"content":{"rendered":"<p>O HUB Internacional para o Desenvolvimento Sustent\u00e1vel (HIDS) \u00e9 um ambicioso projeto em desenvolvimento em Campinas, especificamente na regi\u00e3o de Bar\u00e3o Geraldo, na Fazenda Argentina. Essa \u00e1rea, adquirida pela Universidade Estadual de Campinas (Unicamp) em 2013, ser\u00e1 transformada em um Distrito Inteligente, voltado para a pesquisa, inova\u00e7\u00e3o e sustentabilidade. O plano de ocupa\u00e7\u00e3o do HIDS, com diretrizes at\u00e9 2050, foi apresentado \u00e0 comunidade universit\u00e1ria no dia 3 de setembro de 2024 por Roberto Donato da Silva Junior, Coordenador do projeto.<\/p>\n<figure id=\"attachment_1006\" aria-describedby=\"caption-attachment-1006\" style=\"width: 1000px\" class=\"wp-caption aligncenter\"><img loading=\"lazy\" decoding=\"async\" class=\"size-full wp-image-1006\" src=\"https:\/\/www.forumcampinas.org.br\/interdependencia\/wp-content\/uploads\/2024\/09\/image-materia-hids.jpg\" alt=\"\" width=\"1000\" height=\"553\" srcset=\"https:\/\/www.forumcampinas.org.br\/interdependencia\/wp-content\/uploads\/2024\/09\/image-materia-hids.jpg 1000w, https:\/\/www.forumcampinas.org.br\/interdependencia\/wp-content\/uploads\/2024\/09\/image-materia-hids-300x166.jpg 300w, https:\/\/www.forumcampinas.org.br\/interdependencia\/wp-content\/uploads\/2024\/09\/image-materia-hids-768x425.jpg 768w\" sizes=\"auto, (max-width: 1000px) 100vw, 1000px\" \/><figcaption id=\"caption-attachment-1006\" class=\"wp-caption-text\">Foto: Correio Popular\/Alessandro Torres<\/figcaption><\/figure>\n<p>O HIDS tem como objetivo promover um modelo de desenvolvimento urbano sustent\u00e1vel, alinhando tecnologia, pesquisa e preserva\u00e7\u00e3o ambiental. A proposta \u00e9 transformar o espa\u00e7o em um polo de inova\u00e7\u00e3o que integrar\u00e1 empresas, universidades e institui\u00e7\u00f5es de pesquisa, fortalecendo o ecossistema de ci\u00eancia e tecnologia da regi\u00e3o.<\/p>\n<p><strong>O V\u00ednculo com a Unicamp e a Funda\u00e7\u00e3o F\u00f3rum Campinas Inovadora<\/strong><\/p>\n<p>O HIDS surge como uma extens\u00e3o do papel da Unicamp no desenvolvimento de tecnologias e solu\u00e7\u00f5es inovadoras. A Universidade tem um papel central na coordena\u00e7\u00e3o e execu\u00e7\u00e3o do projeto, utilizando sua expertise para transformar a Fazenda Argentina em um modelo de urbanismo sustent\u00e1vel.<\/p>\n<p>Um dos principais atores na implementa\u00e7\u00e3o do HIDS \u00e9 a Funda\u00e7\u00e3o F\u00f3rum Campinas Inovadora (FFCi), formada por 24 empresas e institui\u00e7\u00f5es, que incluem o Centro de Pesquisa e Desenvolvimento em Telecomunica\u00e7\u00f5es (CPqD), o Centro Nacional de Pesquisa em Energia e Materiais (CNPEM), o Instituto Eldorado e a Empresa Brasileira de Pesquisa Agropecu\u00e1ria (Embrapa). A Funda\u00e7\u00e3o atua como uma conex\u00e3o entre a Unicamp e o setor privado, facilitando a integra\u00e7\u00e3o de startups, empresas de tecnologia e centros de pesquisa no novo distrito.<\/p>\n<p>Esse v\u00ednculo com a Unicamp reflete a import\u00e2ncia da academia no avan\u00e7o de pesquisas de ponta e na cria\u00e7\u00e3o de inova\u00e7\u00f5es aplic\u00e1veis ao setor produtivo. A expectativa \u00e9 que o HIDS atue como um catalisador para o desenvolvimento de solu\u00e7\u00f5es sustent\u00e1veis, impactando positivamente a economia regional e global.<\/p>\n<p><strong>Estruturas Planejadas e Objetivos do HIDS<\/strong><\/p>\n<p>O plano de ocupa\u00e7\u00e3o do HIDS \u00e9 baseado em princ\u00edpios de sustentabilidade e preserva\u00e7\u00e3o ambiental. A Fazenda Argentina, que ocupa uma \u00e1rea de 1,4 milh\u00e3o de metros quadrados, ter\u00e1 75% de seu territ\u00f3rio preservado, com \u00e1reas ecol\u00f3gicas, de uso social, agricultura experimental e uma usina solar. A por\u00e7\u00e3o restante, correspondente a 25% do territ\u00f3rio (aproximadamente 350 mil metros quadrados), ser\u00e1 destinada \u00e0 constru\u00e7\u00e3o de edifica\u00e7\u00f5es voltadas para pesquisa, empresas de tecnologia e \u00e1reas residenciais.<\/p>\n<p>O primeiro grande projeto a ser implementado \u00e9 a Vila das Startups, que ocupar\u00e1 uma \u00e1rea de 3 mil metros quadrados e ser\u00e1 conclu\u00edda at\u00e9 2026. Esse espa\u00e7o abrigar\u00e1 at\u00e9 60 novos neg\u00f3cios de base tecnol\u00f3gica, fortalecendo o papel do HIDS como um polo de inova\u00e7\u00e3o e empreendedorismo. Al\u00e9m disso, outros 73 projetos da Unicamp est\u00e3o previstos para serem instalados na \u00e1rea, o que refor\u00e7a o comprometimento da universidade com o desenvolvimento cient\u00edfico e tecnol\u00f3gico.<\/p>\n<p>A proposta do HIDS tamb\u00e9m prev\u00ea a cria\u00e7\u00e3o de um corredor ecol\u00f3gico que conectar\u00e1 a Fazenda Argentina com a \u00c1rea de Preserva\u00e7\u00e3o Ambiental (APA) de Sousas, promovendo a conserva\u00e7\u00e3o da biodiversidade. Estudos realizados pela Unicamp identificaram a presen\u00e7a de uma rica fauna e flora no local, com destaque para esp\u00e9cies como capivaras, on\u00e7as-pardas, lontras e diversas esp\u00e9cies nativas da Mata Atl\u00e2ntica. A preserva\u00e7\u00e3o dessas \u00e1reas ser\u00e1 uma prioridade, com a cria\u00e7\u00e3o de zonas de prote\u00e7\u00e3o ao longo de c\u00f3rregos e nascentes.<\/p>\n<p>Al\u00e9m da preserva\u00e7\u00e3o ambiental, o HIDS prop\u00f5e uma infraestrutura vi\u00e1ria sustent\u00e1vel, com redu\u00e7\u00e3o no n\u00famero de faixas para ve\u00edculos, incentivo ao uso de bicicletas e transporte p\u00fablico, e cria\u00e7\u00e3o de ruas compartilhadas, que ter\u00e3o pavimenta\u00e7\u00e3o perme\u00e1vel e ser\u00e3o adaptadas para pedestres e ciclistas. A mobilidade ativa ser\u00e1 estimulada, com caminhos verdes atravessando as \u00e1reas urbanizadas.<\/p>\n<p>O uso inteligente do solo \u00e9 outro pilar do projeto, com um adensamento controlado das constru\u00e7\u00f5es para minimizar a impermeabiliza\u00e7\u00e3o do terreno e garantir a preserva\u00e7\u00e3o de \u00e1reas verdes. A \u00e1rea ser\u00e1 dividida em 26 quadras interligadas por vias de diferentes dimens\u00f5es, sempre respeitando as \u00c1reas de Preserva\u00e7\u00e3o Permanente (APPs) e os corredores ecol\u00f3gicos.<\/p>\n<p><strong>A Reuni\u00e3o de Apresenta\u00e7\u00e3o e os Pr\u00f3ximos Passos<\/strong><\/p>\n<p>No dia 3 de setembro de 2024, a equipe do HIDS apresentou o plano de ocupa\u00e7\u00e3o da Fazenda Argentina \u00e0 comunidade universit\u00e1ria da Unicamp. O evento foi conduzido por Roberto Donato da Silva Junior, que destacou a import\u00e2ncia do projeto para o futuro da universidade e da cidade de Campinas. Segundo ele, o HIDS ser\u00e1 mais do que um simples espa\u00e7o de desenvolvimento tecnol\u00f3gico; ser\u00e1 um modelo de conviv\u00eancia sustent\u00e1vel entre tecnologia, sociedade e meio ambiente.<\/p>\n<p>A primeira fase de ocupa\u00e7\u00e3o das edifica\u00e7\u00f5es est\u00e1 prevista para ocorrer entre 2025 e 2030, aproveitando a infraestrutura existente na borda norte da Fazenda Argentina, pr\u00f3xima \u00e0 Avenida Ricardo Benetton. Essa implanta\u00e7\u00e3o gradual permitir\u00e1 que o projeto evolua de maneira ordenada, enquanto os conceitos de urbanismo sustent\u00e1vel s\u00e3o aplicados na pr\u00e1tica.<\/p>\n<p>O plano de ocupa\u00e7\u00e3o j\u00e1 foi aprovado pela Comiss\u00e3o de Planejamento Estrat\u00e9gico Institucional (Copei) da Unicamp e agora ser\u00e1 submetido \u00e0 delibera\u00e7\u00e3o do Conselho Universit\u00e1rio. Al\u00e9m disso, o projeto tamb\u00e9m depende da aprova\u00e7\u00e3o do <strong>Polo de Inova\u00e7\u00e3o para o Desenvolvimento Sustent\u00e1vel (PIDS)<\/strong>, uma iniciativa da Prefeitura de Campinas que regulamenta o uso do solo na \u00e1rea de 17,8 milh\u00f5es de metros quadrados onde o HIDS ser\u00e1 instalado.<\/p>\n<p><strong>Etapas Burocr\u00e1ticas em Andamento<\/strong><\/p>\n<p>Para que o HIDS se torne uma realidade completa, ainda restam algumas etapas burocr\u00e1ticas importantes a serem cumpridas. A primeira delas \u00e9 a tramita\u00e7\u00e3o do <strong>Projeto de Lei Complementar (PLC) n\u00ba 03\/2024<\/strong>, que regula o parcelamento, uso e ocupa\u00e7\u00e3o do solo na \u00e1rea designada para o PIDS. O projeto est\u00e1 atualmente em an\u00e1lise pela Comiss\u00e3o de Constitui\u00e7\u00e3o e Legalidade (Constileg) da C\u00e2mara Municipal de Campinas, e a primeira reuni\u00e3o para sua avalia\u00e7\u00e3o est\u00e1 agendada para o dia 18 de setembro de 2024. Caso o parecer da Constileg seja favor\u00e1vel, a proposta ser\u00e1 encaminhada para vota\u00e7\u00e3o em plen\u00e1rio.<\/p>\n<p>Se aprovado pelo plen\u00e1rio da C\u00e2mara Municipal, o PLC seguir\u00e1 para outras comiss\u00f5es internas do Legislativo, como as de Meio Ambiente, Administra\u00e7\u00e3o P\u00fablica e Finan\u00e7as e Or\u00e7amento. Al\u00e9m disso, ser\u00e1 necess\u00e1ria a realiza\u00e7\u00e3o de uma audi\u00eancia p\u00fablica para discuss\u00e3o do m\u00e9rito do projeto antes da segunda vota\u00e7\u00e3o.<\/p>\n<p>A expectativa da Prefeitura \u00e9 que o PLC seja aprovado at\u00e9 o in\u00edcio do recesso legislativo, em 11 de dezembro de 2024, permitindo o avan\u00e7o do HIDS dentro dos prazos estipulados. No entanto, o cronograma pode ser ajustado de acordo com a velocidade da tramita\u00e7\u00e3o no Legislativo, j\u00e1 que ainda depende da an\u00e1lise dos 33 vereadores que comp\u00f5em a C\u00e2mara de Campinas.<\/p>\n<p>Com a aprova\u00e7\u00e3o final do PLC e a regulamenta\u00e7\u00e3o do PIDS, o HIDS ter\u00e1 o caminho burocr\u00e1tico liberado para come\u00e7ar a implementa\u00e7\u00e3o de suas fases mais avan\u00e7adas. Esse processo inclui a instala\u00e7\u00e3o de empresas, laborat\u00f3rios de pesquisa e startups, sempre respeitando as diretrizes ambientais e urban\u00edsticas estabelecidas pelo plano de ocupa\u00e7\u00e3o.<\/p>\n<p>Link:<br \/>\n<a href=\"https:\/\/correio.rac.com.br\/campinasermc\/plano-de-ocupac-o-para-o-hids-foi-apresentado-ontem-a-comunidade-universitaria-1.1560169\" target=\"_blank\" rel=\"noopener\">https:\/\/correio.rac.com.br\/ campinasermc\/ plano-de-ocupac-o-para-o-hids -foi-apresentado-ontem -a-comunidade-universitaria-1.1560169<\/a><\/p>\n","protected":false},"excerpt":{"rendered":"<p>O HIDS tem como objetivo promover um modelo de desenvolvimento urbano sustent\u00e1vel, alinhando tecnologia, pesquisa e preserva\u00e7\u00e3o ambiental.<\/p>\n","protected":false},"featured_media":1006,"parent":0,"template":"","class_list":["post-1005","blog","type-blog","status-publish","has-post-thumbnail","hentry"],"acf":[],"yoast_head":"<!-- This site is optimized with the Yoast SEO plugin v27.4 - https:\/\/yoast.com\/product\/yoast-seo-wordpress\/ -->\n<title>Desenvolvimento Sustent\u00e1vel em Bar\u00e3o Geraldo - Interdepend\u00eancia<\/title>\n<meta name=\"description\" content=\"O HIDS tem como objetivo promover um modelo de desenvolvimento urbano sustent\u00e1vel, alinhando tecnologia, pesquisa e preserva\u00e7\u00e3o ambiental.\" \/>\n<meta name=\"robots\" content=\"index, follow, max-snippet:-1, max-image-preview:large, max-video-preview:-1\" \/>\n<link rel=\"canonical\" href=\"https:\/\/www.forumcampinas.org.br\/interdependencia\/blog\/desenvolvimento-sustentavel-em-barao-geraldo\/\" \/>\n<meta property=\"og:locale\" content=\"pt_BR\" \/>\n<meta property=\"og:type\" content=\"article\" \/>\n<meta property=\"og:title\" content=\"Desenvolvimento Sustent\u00e1vel em Bar\u00e3o Geraldo - Interdepend\u00eancia\" \/>\n<meta property=\"og:description\" content=\"O HIDS tem como objetivo promover um modelo de desenvolvimento urbano sustent\u00e1vel, alinhando tecnologia, pesquisa e preserva\u00e7\u00e3o ambiental.\" \/>\n<meta property=\"og:url\" content=\"https:\/\/www.forumcampinas.org.br\/interdependencia\/blog\/desenvolvimento-sustentavel-em-barao-geraldo\/\" \/>\n<meta property=\"og:site_name\" content=\"Interdepend\u00eancia\" \/>\n<meta property=\"article:modified_time\" content=\"2024-09-06T11:01:32+00:00\" \/>\n<meta property=\"og:image\" content=\"https:\/\/www.forumcampinas.org.br\/interdependencia\/wp-content\/uploads\/2024\/09\/image-materia-hids.jpg\" \/>\n\t<meta property=\"og:image:width\" content=\"1000\" \/>\n\t<meta property=\"og:image:height\" content=\"553\" \/>\n\t<meta property=\"og:image:type\" content=\"image\/jpeg\" \/>\n<meta name=\"twitter:card\" content=\"summary_large_image\" \/>\n<meta name=\"twitter:label1\" content=\"Est. tempo de leitura\" \/>\n\t<meta name=\"twitter:data1\" content=\"7 minutos\" \/>\n<script type=\"application\/ld+json\" class=\"yoast-schema-graph\">{\"@context\":\"https:\\\/\\\/schema.org\",\"@graph\":[{\"@type\":\"WebPage\",\"@id\":\"https:\\\/\\\/www.forumcampinas.org.br\\\/interdependencia\\\/blog\\\/desenvolvimento-sustentavel-em-barao-geraldo\\\/\",\"url\":\"https:\\\/\\\/www.forumcampinas.org.br\\\/interdependencia\\\/blog\\\/desenvolvimento-sustentavel-em-barao-geraldo\\\/\",\"name\":\"Desenvolvimento Sustent\u00e1vel em Bar\u00e3o Geraldo - Interdepend\u00eancia\",\"isPartOf\":{\"@id\":\"https:\\\/\\\/www.forumcampinas.org.br\\\/interdependencia\\\/#website\"},\"primaryImageOfPage\":{\"@id\":\"https:\\\/\\\/www.forumcampinas.org.br\\\/interdependencia\\\/blog\\\/desenvolvimento-sustentavel-em-barao-geraldo\\\/#primaryimage\"},\"image\":{\"@id\":\"https:\\\/\\\/www.forumcampinas.org.br\\\/interdependencia\\\/blog\\\/desenvolvimento-sustentavel-em-barao-geraldo\\\/#primaryimage\"},\"thumbnailUrl\":\"https:\\\/\\\/www.forumcampinas.org.br\\\/interdependencia\\\/wp-content\\\/uploads\\\/2024\\\/09\\\/image-materia-hids.jpg\",\"datePublished\":\"2024-09-06T10:50:51+00:00\",\"dateModified\":\"2024-09-06T11:01:32+00:00\",\"description\":\"O HIDS tem como objetivo promover um modelo de desenvolvimento urbano sustent\u00e1vel, alinhando tecnologia, pesquisa e preserva\u00e7\u00e3o ambiental.\",\"breadcrumb\":{\"@id\":\"https:\\\/\\\/www.forumcampinas.org.br\\\/interdependencia\\\/blog\\\/desenvolvimento-sustentavel-em-barao-geraldo\\\/#breadcrumb\"},\"inLanguage\":\"pt-BR\",\"potentialAction\":[{\"@type\":\"ReadAction\",\"target\":[\"https:\\\/\\\/www.forumcampinas.org.br\\\/interdependencia\\\/blog\\\/desenvolvimento-sustentavel-em-barao-geraldo\\\/\"]}]},{\"@type\":\"ImageObject\",\"inLanguage\":\"pt-BR\",\"@id\":\"https:\\\/\\\/www.forumcampinas.org.br\\\/interdependencia\\\/blog\\\/desenvolvimento-sustentavel-em-barao-geraldo\\\/#primaryimage\",\"url\":\"https:\\\/\\\/www.forumcampinas.org.br\\\/interdependencia\\\/wp-content\\\/uploads\\\/2024\\\/09\\\/image-materia-hids.jpg\",\"contentUrl\":\"https:\\\/\\\/www.forumcampinas.org.br\\\/interdependencia\\\/wp-content\\\/uploads\\\/2024\\\/09\\\/image-materia-hids.jpg\",\"width\":1000,\"height\":553,\"caption\":\"Foto: Correio Popular\\\/Alessandro Torres\"},{\"@type\":\"BreadcrumbList\",\"@id\":\"https:\\\/\\\/www.forumcampinas.org.br\\\/interdependencia\\\/blog\\\/desenvolvimento-sustentavel-em-barao-geraldo\\\/#breadcrumb\",\"itemListElement\":[{\"@type\":\"ListItem\",\"position\":1,\"name\":\"In\u00edcio\",\"item\":\"https:\\\/\\\/www.forumcampinas.org.br\\\/interdependencia\\\/\"},{\"@type\":\"ListItem\",\"position\":2,\"name\":\"Blog\",\"item\":\"https:\\\/\\\/www.forumcampinas.org.br\\\/interdependencia\\\/blog\\\/\"},{\"@type\":\"ListItem\",\"position\":3,\"name\":\"Desenvolvimento Sustent\u00e1vel em Bar\u00e3o Geraldo\"}]},{\"@type\":\"WebSite\",\"@id\":\"https:\\\/\\\/www.forumcampinas.org.br\\\/interdependencia\\\/#website\",\"url\":\"https:\\\/\\\/www.forumcampinas.org.br\\\/interdependencia\\\/\",\"name\":\"Interdepend\u00eancia\",\"description\":\"Ci\u00eancia, Tecnologia e Inova\u00e7\u00e3o e a Regi\u00e3o de Campinas\",\"publisher\":{\"@id\":\"https:\\\/\\\/www.forumcampinas.org.br\\\/interdependencia\\\/#organization\"},\"potentialAction\":[{\"@type\":\"SearchAction\",\"target\":{\"@type\":\"EntryPoint\",\"urlTemplate\":\"https:\\\/\\\/www.forumcampinas.org.br\\\/interdependencia\\\/?s={search_term_string}\"},\"query-input\":{\"@type\":\"PropertyValueSpecification\",\"valueRequired\":true,\"valueName\":\"search_term_string\"}}],\"inLanguage\":\"pt-BR\"},{\"@type\":\"Organization\",\"@id\":\"https:\\\/\\\/www.forumcampinas.org.br\\\/interdependencia\\\/#organization\",\"name\":\"Interdepend\u00eancia\",\"url\":\"https:\\\/\\\/www.forumcampinas.org.br\\\/interdependencia\\\/\",\"logo\":{\"@type\":\"ImageObject\",\"inLanguage\":\"pt-BR\",\"@id\":\"https:\\\/\\\/www.forumcampinas.org.br\\\/interdependencia\\\/#\\\/schema\\\/logo\\\/image\\\/\",\"url\":\"https:\\\/\\\/www.forumcampinas.org.br\\\/interdependencia\\\/wp-content\\\/uploads\\\/2023\\\/11\\\/interdependencia.png\",\"contentUrl\":\"https:\\\/\\\/www.forumcampinas.org.br\\\/interdependencia\\\/wp-content\\\/uploads\\\/2023\\\/11\\\/interdependencia.png\",\"width\":757,\"height\":195,\"caption\":\"Interdepend\u00eancia\"},\"image\":{\"@id\":\"https:\\\/\\\/www.forumcampinas.org.br\\\/interdependencia\\\/#\\\/schema\\\/logo\\\/image\\\/\"}}]}<\/script>\n<!-- \/ Yoast SEO plugin. -->","yoast_head_json":{"title":"Desenvolvimento Sustent\u00e1vel em Bar\u00e3o Geraldo - Interdepend\u00eancia","description":"O HIDS tem como objetivo promover um modelo de desenvolvimento urbano sustent\u00e1vel, alinhando tecnologia, pesquisa e preserva\u00e7\u00e3o ambiental.","robots":{"index":"index","follow":"follow","max-snippet":"max-snippet:-1","max-image-preview":"max-image-preview:large","max-video-preview":"max-video-preview:-1"},"canonical":"https:\/\/www.forumcampinas.org.br\/interdependencia\/blog\/desenvolvimento-sustentavel-em-barao-geraldo\/","og_locale":"pt_BR","og_type":"article","og_title":"Desenvolvimento Sustent\u00e1vel em Bar\u00e3o Geraldo - Interdepend\u00eancia","og_description":"O HIDS tem como objetivo promover um modelo de desenvolvimento urbano sustent\u00e1vel, alinhando tecnologia, pesquisa e preserva\u00e7\u00e3o ambiental.","og_url":"https:\/\/www.forumcampinas.org.br\/interdependencia\/blog\/desenvolvimento-sustentavel-em-barao-geraldo\/","og_site_name":"Interdepend\u00eancia","article_modified_time":"2024-09-06T11:01:32+00:00","og_image":[{"width":1000,"height":553,"url":"https:\/\/www.forumcampinas.org.br\/interdependencia\/wp-content\/uploads\/2024\/09\/image-materia-hids.jpg","type":"image\/jpeg"}],"twitter_card":"summary_large_image","twitter_misc":{"Est. tempo de leitura":"7 minutos"},"schema":{"@context":"https:\/\/schema.org","@graph":[{"@type":"WebPage","@id":"https:\/\/www.forumcampinas.org.br\/interdependencia\/blog\/desenvolvimento-sustentavel-em-barao-geraldo\/","url":"https:\/\/www.forumcampinas.org.br\/interdependencia\/blog\/desenvolvimento-sustentavel-em-barao-geraldo\/","name":"Desenvolvimento Sustent\u00e1vel em Bar\u00e3o Geraldo - Interdepend\u00eancia","isPartOf":{"@id":"https:\/\/www.forumcampinas.org.br\/interdependencia\/#website"},"primaryImageOfPage":{"@id":"https:\/\/www.forumcampinas.org.br\/interdependencia\/blog\/desenvolvimento-sustentavel-em-barao-geraldo\/#primaryimage"},"image":{"@id":"https:\/\/www.forumcampinas.org.br\/interdependencia\/blog\/desenvolvimento-sustentavel-em-barao-geraldo\/#primaryimage"},"thumbnailUrl":"https:\/\/www.forumcampinas.org.br\/interdependencia\/wp-content\/uploads\/2024\/09\/image-materia-hids.jpg","datePublished":"2024-09-06T10:50:51+00:00","dateModified":"2024-09-06T11:01:32+00:00","description":"O HIDS tem como objetivo promover um modelo de desenvolvimento urbano sustent\u00e1vel, alinhando tecnologia, pesquisa e preserva\u00e7\u00e3o ambiental.","breadcrumb":{"@id":"https:\/\/www.forumcampinas.org.br\/interdependencia\/blog\/desenvolvimento-sustentavel-em-barao-geraldo\/#breadcrumb"},"inLanguage":"pt-BR","potentialAction":[{"@type":"ReadAction","target":["https:\/\/www.forumcampinas.org.br\/interdependencia\/blog\/desenvolvimento-sustentavel-em-barao-geraldo\/"]}]},{"@type":"ImageObject","inLanguage":"pt-BR","@id":"https:\/\/www.forumcampinas.org.br\/interdependencia\/blog\/desenvolvimento-sustentavel-em-barao-geraldo\/#primaryimage","url":"https:\/\/www.forumcampinas.org.br\/interdependencia\/wp-content\/uploads\/2024\/09\/image-materia-hids.jpg","contentUrl":"https:\/\/www.forumcampinas.org.br\/interdependencia\/wp-content\/uploads\/2024\/09\/image-materia-hids.jpg","width":1000,"height":553,"caption":"Foto: Correio Popular\/Alessandro Torres"},{"@type":"BreadcrumbList","@id":"https:\/\/www.forumcampinas.org.br\/interdependencia\/blog\/desenvolvimento-sustentavel-em-barao-geraldo\/#breadcrumb","itemListElement":[{"@type":"ListItem","position":1,"name":"In\u00edcio","item":"https:\/\/www.forumcampinas.org.br\/interdependencia\/"},{"@type":"ListItem","position":2,"name":"Blog","item":"https:\/\/www.forumcampinas.org.br\/interdependencia\/blog\/"},{"@type":"ListItem","position":3,"name":"Desenvolvimento Sustent\u00e1vel em Bar\u00e3o Geraldo"}]},{"@type":"WebSite","@id":"https:\/\/www.forumcampinas.org.br\/interdependencia\/#website","url":"https:\/\/www.forumcampinas.org.br\/interdependencia\/","name":"Interdepend\u00eancia","description":"Ci\u00eancia, Tecnologia e Inova\u00e7\u00e3o e a Regi\u00e3o de Campinas","publisher":{"@id":"https:\/\/www.forumcampinas.org.br\/interdependencia\/#organization"},"potentialAction":[{"@type":"SearchAction","target":{"@type":"EntryPoint","urlTemplate":"https:\/\/www.forumcampinas.org.br\/interdependencia\/?s={search_term_string}"},"query-input":{"@type":"PropertyValueSpecification","valueRequired":true,"valueName":"search_term_string"}}],"inLanguage":"pt-BR"},{"@type":"Organization","@id":"https:\/\/www.forumcampinas.org.br\/interdependencia\/#organization","name":"Interdepend\u00eancia","url":"https:\/\/www.forumcampinas.org.br\/interdependencia\/","logo":{"@type":"ImageObject","inLanguage":"pt-BR","@id":"https:\/\/www.forumcampinas.org.br\/interdependencia\/#\/schema\/logo\/image\/","url":"https:\/\/www.forumcampinas.org.br\/interdependencia\/wp-content\/uploads\/2023\/11\/interdependencia.png","contentUrl":"https:\/\/www.forumcampinas.org.br\/interdependencia\/wp-content\/uploads\/2023\/11\/interdependencia.png","width":757,"height":195,"caption":"Interdepend\u00eancia"},"image":{"@id":"https:\/\/www.forumcampinas.org.br\/interdependencia\/#\/schema\/logo\/image\/"}}]}},"_links":{"self":[{"href":"https:\/\/www.forumcampinas.org.br\/interdependencia\/wp-json\/wp\/v2\/blog\/1005","targetHints":{"allow":["GET"]}}],"collection":[{"href":"https:\/\/www.forumcampinas.org.br\/interdependencia\/wp-json\/wp\/v2\/blog"}],"about":[{"href":"https:\/\/www.forumcampinas.org.br\/interdependencia\/wp-json\/wp\/v2\/types\/blog"}],"wp:featuredmedia":[{"embeddable":true,"href":"https:\/\/www.forumcampinas.org.br\/interdependencia\/wp-json\/wp\/v2\/media\/1006"}],"wp:attachment":[{"href":"https:\/\/www.forumcampinas.org.br\/interdependencia\/wp-json\/wp\/v2\/media?parent=1005"}],"curies":[{"name":"wp","href":"https:\/\/api.w.org\/{rel}","templated":true}]}}