{"id":1057,"date":"2024-10-03T10:29:41","date_gmt":"2024-10-03T13:29:41","guid":{"rendered":"https:\/\/www.forumcampinas.org.br\/interdependencia\/?post_type=blog&#038;p=1057"},"modified":"2024-10-03T10:29:41","modified_gmt":"2024-10-03T13:29:41","slug":"unicamp-cria-o-sistema-de-gestao-universidade-sustentavel-sigeus","status":"publish","type":"blog","link":"https:\/\/www.forumcampinas.org.br\/interdependencia\/blog\/unicamp-cria-o-sistema-de-gestao-universidade-sustentavel-sigeus\/","title":{"rendered":"Unicamp cria o Sistema de Gest\u00e3o Universidade Sustent\u00e1vel (SiGeUS)"},"content":{"rendered":"<p>Em agosto de 2024, na Unicamp, foi assinada uma Resolu\u00e7\u00e3o que cria o Sistema de Gest\u00e3o Universidade Sustent\u00e1vel, <strong>SiGeUS<\/strong>. O principal objetivo do novo sistema \u00e9 integrar os \u00f3rg\u00e3os estrat\u00e9gicos da universidade &#8211; que j\u00e1 trabalham com sustentabilidade, por\u00e9m de forma difusa &#8211; e assim promover a\u00e7\u00f5es coordenadas entre suas v\u00e1rias unidades e departamentos, incluindo tamb\u00e9m os funcion\u00e1rios, os docentes e os discentes. Al\u00e9m das a\u00e7\u00f5es em prol da sustentabilidade, outro tema central do novo sistema colaborativo \u00e9 a emerg\u00eancia clim\u00e1tica.<\/p>\n<figure id=\"attachment_1056\" aria-describedby=\"caption-attachment-1056\" style=\"width: 1000px\" class=\"wp-caption aligncenter\"><img loading=\"lazy\" decoding=\"async\" class=\"size-full wp-image-1056\" src=\"https:\/\/www.forumcampinas.org.br\/interdependencia\/wp-content\/uploads\/2024\/10\/Gestao-sustentabilidade_scarpa_AJS_8271.jpg\" alt=\"\" width=\"1000\" height=\"553\" srcset=\"https:\/\/www.forumcampinas.org.br\/interdependencia\/wp-content\/uploads\/2024\/10\/Gestao-sustentabilidade_scarpa_AJS_8271.jpg 1000w, https:\/\/www.forumcampinas.org.br\/interdependencia\/wp-content\/uploads\/2024\/10\/Gestao-sustentabilidade_scarpa_AJS_8271-300x166.jpg 300w, https:\/\/www.forumcampinas.org.br\/interdependencia\/wp-content\/uploads\/2024\/10\/Gestao-sustentabilidade_scarpa_AJS_8271-768x425.jpg 768w\" sizes=\"auto, (max-width: 1000px) 100vw, 1000px\" \/><figcaption id=\"caption-attachment-1056\" class=\"wp-caption-text\">Foto: Antonio Scarpinetti<\/figcaption><\/figure>\n<p>De acordo com a Resolu\u00e7\u00e3o, o <strong>SIGeUS <\/strong>vai dar origem ao Comit\u00ea Assessor de Sustentabilidade da Unicamp<strong>, CASuten<\/strong>, composto pelos representantes dos 13 \u00f3rg\u00e3os ligados \u00e0 Reitoria. Tamb\u00e9m o novo sistema, de acordo com o Reitor Ant\u00f4nio Meirelles, promover\u00e1 a avalia\u00e7\u00e3o da universidade, para que assim alcance destaque nos rankings internacionais.<\/p>\n<p>A Universidade desenvolve a\u00e7\u00f5es na \u00e1rea da sustentabilidade desde a sua cria\u00e7\u00e3o. Entre essas a\u00e7\u00f5es podemos citar: 1) Programa Campus Sustent\u00e1vel (que utiliza energias renov\u00e1veis, usinas fotovoltaicas, g\u00e1s natural e transporte movido \u00e0 eletricidade); 2) Centro de Pesquisas Meteorol\u00f3gicas e Clim\u00e1ticas Aplicadas \u00e0 Agricultura (CEPAGRI\/UNICAMP), que realiza pesquisas nas \u00e1reas de agrometeorologia, agroclimatologia, geotecnologia (com \u00eanfase no sensoriamento remoto aplicado \u00e0 agricultura) e a ecofisiologia; 3) pesquisas de ponta em diversas \u00e1reas; 4) HIDS &#8211; Hub Internacional de Desenvolvimento Sustent\u00e1vel, espa\u00e7o estrat\u00e9gico de fomento \u00e0 inova\u00e7\u00e3o com base em sustentabilidade, que ser\u00e1 implantado nos pr\u00f3ximos anos.<\/p>\n<p>Roberto Donato, que \u00e9 assessor da Reitoria disse que, desde a d\u00e9cada de 1980, existe uma agenda que envolve ensino, pesquisa e extens\u00e3o, articuladas com os temas da sustentabilidade e problemas ambientais. J\u00e1 o chefe de Gabinete da Reitoria, Paulo C\u00e9sar Montagner, ressaltou que projetos como o <strong>SiGeUS<\/strong> deve ter car\u00e1ter permanente. \u201c<em>Esse projeto deve ser perene e avan\u00e7ar para as futuras administra\u00e7\u00f5es. Estamos torcendo para que o projeto v\u00e1, lentamente, se encorpando, at\u00e9 que se torne uma rotina no cotidiano da nossa comunidade. E acho que o HIDS ser\u00e1 o propulsor dessa nova forma de tratar as quest\u00f5es ambientais<\/em>\u201d, concluiu. Thalita Dalbelo, Coordenadora da Diretoria Executiva do projeto, diz que o <strong>SiGeUS <\/strong>representa a institucionaliza\u00e7\u00e3o do conceito de sustentabilidade, j\u00e1 trabalhado ela Unicamp.<\/p>\n<p>O Comit\u00ea Assessor de Sustentabilidade, <strong>CASusten<\/strong>, \u00e9 composto pelos seguintes \u00f3rg\u00e3os: Gabinete da Reitoria, Coordenadoria Geral da Unicamp, Pr\u00f3 Reitoria de Desenvolvimento Universit\u00e1rio, Pr\u00f3 Reitoria de Gradua\u00e7\u00e3o, de P\u00f3s Gradua\u00e7\u00e3o, de Extens\u00e3o, Esporte e Cultura,\u00a0 Pr\u00f3 Reitoria de Pesquisa, Coordenadoria de Sustentabilidade, Comiss\u00e3o Assessora de Mudan\u00e7a Ecol\u00f3gica e Justi\u00e7a ambiental, HIDS, Prefeitura Universit\u00e1ria (Campus de Campinas e Campus de Limeira), Faculdade de Odontologia.<\/p>\n<p><strong>Emerg\u00eancia Clim\u00e1tica<\/strong>. A Unicamp integra o programa <strong>Compromisso SP Carbono Zero<\/strong>, campanha que re\u00fane empresas e institui\u00e7\u00f5es de v\u00e1rios munic\u00edpios, comprometidas com a cultura da descarboniza\u00e7\u00e3o, alinhada \u00e0 campanha <strong><em>Race to Zero<\/em><\/strong>, da ONU. A meta desta iniciativa \u00e9 zerar as emiss\u00f5es l\u00edquidas de carbono at\u00e9 2050. A universidade j\u00e1 recebeu o <strong>Selo Platina<\/strong>, o mais alto do programa, reconhecimento pelo compromisso na redu\u00e7\u00e3o de emiss\u00f5es de carbono. A Universidade contrata energia renovada 100%. \u00c9 a \u00fanica universidade p\u00fablica brasileira que contrata energia no\u00a0<strong>\u201c<\/strong><a href=\"https:\/\/www.gov.br\/aneel\/pt-br\/assuntos\/mercado\"><strong>Ambiente de Contrata\u00e7\u00e3o Livre<\/strong><\/a><strong>\u201d<\/strong>, e tanto a energia el\u00e9trica produzida nas instala\u00e7\u00f5es locais quanto a comprada, s\u00e3o de fontes renov\u00e1veis.<\/p>\n<p>A cria\u00e7\u00e3o de programas que facilitam o ingresso \u00e0 universidade, de popula\u00e7\u00f5es vulner\u00e1veis (vestibular ind\u00edgena, cotas \u00e9tnico-raciais, bolsas sociais), e de a\u00e7\u00f5es que enfrentam o racismo ambiental, a exclus\u00e3o social e a xenofobia, tamb\u00e9m fazem da Unicamp uma universidade sustent\u00e1vel, voltada para o futuro.<\/p>\n<p>Links:<\/p>\n<p><a href=\"https:\/\/unicamp.br\/noticias\/2024\/08\/16\/resolucao-institui-sistema-de-gestao-sustentavel\/\" target=\"_blank\" rel=\"noopener\">https:\/\/unicamp.br\/ noticias\/2024\/08\/16\/ resolucao-institui- sistema-de-gestao- sustentavel\/<\/a><\/p>\n<p><a href=\"https:\/\/www.proec.unicamp.br\/unicamp-lanca-sistema-de-gestao-da-universidade-sustentavel\/\" target=\"_blank\" rel=\"noopener\">https:\/\/www.proec.unicamp.br\/ unicamp-lanca-sistema -de-gestao-da-universidade- sustentavel\/<\/a><\/p>\n<p><a href=\"https:\/\/unicamp.br\/unicamp\/noticias\/2023\/05\/08\/chegar-2050-com-reducoes-significativas-nas-emissoes-de-carbono-projeta\/\" target=\"_blank\" rel=\"noopener\">https:\/\/unicamp.br\/unicamp\/ noticias\/2023\/05\/08\/ chegar-2050-com-reducoes- significativas-nas-emissoes -de-carbono-projeta\/<\/a><\/p>\n","protected":false},"excerpt":{"rendered":"<p>O SIGeUS vai dar origem ao Comit\u00ea Assessor de Sustentabilidade da Unicamp, composto pelos representantes dos 13 \u00f3rg\u00e3os ligados \u00e0 Reitoria<\/p>\n","protected":false},"featured_media":1056,"parent":0,"template":"","class_list":["post-1057","blog","type-blog","status-publish","has-post-thumbnail","hentry"],"acf":[],"yoast_head":"<!-- This site is optimized with the Yoast SEO plugin v27.4 - https:\/\/yoast.com\/product\/yoast-seo-wordpress\/ -->\n<title>Unicamp cria o Sistema de Gest\u00e3o Universidade Sustent\u00e1vel (SiGeUS) - Interdepend\u00eancia<\/title>\n<meta name=\"description\" content=\"O SIGeUS vai dar origem ao Comit\u00ea Assessor de Sustentabilidade da Unicamp, composto pelos representantes dos 13 \u00f3rg\u00e3os ligados \u00e0 Reitoria\" \/>\n<meta name=\"robots\" content=\"index, follow, max-snippet:-1, max-image-preview:large, max-video-preview:-1\" \/>\n<link rel=\"canonical\" href=\"https:\/\/www.forumcampinas.org.br\/interdependencia\/blog\/unicamp-cria-o-sistema-de-gestao-universidade-sustentavel-sigeus\/\" \/>\n<meta property=\"og:locale\" content=\"pt_BR\" \/>\n<meta property=\"og:type\" content=\"article\" \/>\n<meta property=\"og:title\" content=\"Unicamp cria o Sistema de Gest\u00e3o Universidade Sustent\u00e1vel (SiGeUS) - Interdepend\u00eancia\" \/>\n<meta property=\"og:description\" content=\"O SIGeUS vai dar origem ao Comit\u00ea Assessor de Sustentabilidade da Unicamp, composto pelos representantes dos 13 \u00f3rg\u00e3os ligados \u00e0 Reitoria\" \/>\n<meta property=\"og:url\" content=\"https:\/\/www.forumcampinas.org.br\/interdependencia\/blog\/unicamp-cria-o-sistema-de-gestao-universidade-sustentavel-sigeus\/\" \/>\n<meta property=\"og:site_name\" content=\"Interdepend\u00eancia\" \/>\n<meta property=\"og:image\" content=\"https:\/\/www.forumcampinas.org.br\/interdependencia\/wp-content\/uploads\/2024\/10\/Gestao-sustentabilidade_scarpa_AJS_8271.jpg\" \/>\n\t<meta property=\"og:image:width\" content=\"1000\" \/>\n\t<meta property=\"og:image:height\" content=\"553\" \/>\n\t<meta property=\"og:image:type\" content=\"image\/jpeg\" \/>\n<meta name=\"twitter:card\" content=\"summary_large_image\" \/>\n<meta name=\"twitter:label1\" content=\"Est. tempo de leitura\" \/>\n\t<meta name=\"twitter:data1\" content=\"4 minutos\" \/>\n<script type=\"application\/ld+json\" class=\"yoast-schema-graph\">{\"@context\":\"https:\\\/\\\/schema.org\",\"@graph\":[{\"@type\":\"WebPage\",\"@id\":\"https:\\\/\\\/www.forumcampinas.org.br\\\/interdependencia\\\/blog\\\/unicamp-cria-o-sistema-de-gestao-universidade-sustentavel-sigeus\\\/\",\"url\":\"https:\\\/\\\/www.forumcampinas.org.br\\\/interdependencia\\\/blog\\\/unicamp-cria-o-sistema-de-gestao-universidade-sustentavel-sigeus\\\/\",\"name\":\"Unicamp cria o Sistema de Gest\u00e3o Universidade Sustent\u00e1vel (SiGeUS) - Interdepend\u00eancia\",\"isPartOf\":{\"@id\":\"https:\\\/\\\/www.forumcampinas.org.br\\\/interdependencia\\\/#website\"},\"primaryImageOfPage\":{\"@id\":\"https:\\\/\\\/www.forumcampinas.org.br\\\/interdependencia\\\/blog\\\/unicamp-cria-o-sistema-de-gestao-universidade-sustentavel-sigeus\\\/#primaryimage\"},\"image\":{\"@id\":\"https:\\\/\\\/www.forumcampinas.org.br\\\/interdependencia\\\/blog\\\/unicamp-cria-o-sistema-de-gestao-universidade-sustentavel-sigeus\\\/#primaryimage\"},\"thumbnailUrl\":\"https:\\\/\\\/www.forumcampinas.org.br\\\/interdependencia\\\/wp-content\\\/uploads\\\/2024\\\/10\\\/Gestao-sustentabilidade_scarpa_AJS_8271.jpg\",\"datePublished\":\"2024-10-03T13:29:41+00:00\",\"description\":\"O SIGeUS vai dar origem ao Comit\u00ea Assessor de Sustentabilidade da Unicamp, composto pelos representantes dos 13 \u00f3rg\u00e3os ligados \u00e0 Reitoria\",\"breadcrumb\":{\"@id\":\"https:\\\/\\\/www.forumcampinas.org.br\\\/interdependencia\\\/blog\\\/unicamp-cria-o-sistema-de-gestao-universidade-sustentavel-sigeus\\\/#breadcrumb\"},\"inLanguage\":\"pt-BR\",\"potentialAction\":[{\"@type\":\"ReadAction\",\"target\":[\"https:\\\/\\\/www.forumcampinas.org.br\\\/interdependencia\\\/blog\\\/unicamp-cria-o-sistema-de-gestao-universidade-sustentavel-sigeus\\\/\"]}]},{\"@type\":\"ImageObject\",\"inLanguage\":\"pt-BR\",\"@id\":\"https:\\\/\\\/www.forumcampinas.org.br\\\/interdependencia\\\/blog\\\/unicamp-cria-o-sistema-de-gestao-universidade-sustentavel-sigeus\\\/#primaryimage\",\"url\":\"https:\\\/\\\/www.forumcampinas.org.br\\\/interdependencia\\\/wp-content\\\/uploads\\\/2024\\\/10\\\/Gestao-sustentabilidade_scarpa_AJS_8271.jpg\",\"contentUrl\":\"https:\\\/\\\/www.forumcampinas.org.br\\\/interdependencia\\\/wp-content\\\/uploads\\\/2024\\\/10\\\/Gestao-sustentabilidade_scarpa_AJS_8271.jpg\",\"width\":1000,\"height\":553,\"caption\":\"Foto: Antonio Scarpinetti\"},{\"@type\":\"BreadcrumbList\",\"@id\":\"https:\\\/\\\/www.forumcampinas.org.br\\\/interdependencia\\\/blog\\\/unicamp-cria-o-sistema-de-gestao-universidade-sustentavel-sigeus\\\/#breadcrumb\",\"itemListElement\":[{\"@type\":\"ListItem\",\"position\":1,\"name\":\"In\u00edcio\",\"item\":\"https:\\\/\\\/www.forumcampinas.org.br\\\/interdependencia\\\/\"},{\"@type\":\"ListItem\",\"position\":2,\"name\":\"Blog\",\"item\":\"https:\\\/\\\/www.forumcampinas.org.br\\\/interdependencia\\\/blog\\\/\"},{\"@type\":\"ListItem\",\"position\":3,\"name\":\"Unicamp cria o Sistema de Gest\u00e3o Universidade Sustent\u00e1vel (SiGeUS)\"}]},{\"@type\":\"WebSite\",\"@id\":\"https:\\\/\\\/www.forumcampinas.org.br\\\/interdependencia\\\/#website\",\"url\":\"https:\\\/\\\/www.forumcampinas.org.br\\\/interdependencia\\\/\",\"name\":\"Interdepend\u00eancia\",\"description\":\"Ci\u00eancia, Tecnologia e Inova\u00e7\u00e3o e a Regi\u00e3o de Campinas\",\"publisher\":{\"@id\":\"https:\\\/\\\/www.forumcampinas.org.br\\\/interdependencia\\\/#organization\"},\"potentialAction\":[{\"@type\":\"SearchAction\",\"target\":{\"@type\":\"EntryPoint\",\"urlTemplate\":\"https:\\\/\\\/www.forumcampinas.org.br\\\/interdependencia\\\/?s={search_term_string}\"},\"query-input\":{\"@type\":\"PropertyValueSpecification\",\"valueRequired\":true,\"valueName\":\"search_term_string\"}}],\"inLanguage\":\"pt-BR\"},{\"@type\":\"Organization\",\"@id\":\"https:\\\/\\\/www.forumcampinas.org.br\\\/interdependencia\\\/#organization\",\"name\":\"Interdepend\u00eancia\",\"url\":\"https:\\\/\\\/www.forumcampinas.org.br\\\/interdependencia\\\/\",\"logo\":{\"@type\":\"ImageObject\",\"inLanguage\":\"pt-BR\",\"@id\":\"https:\\\/\\\/www.forumcampinas.org.br\\\/interdependencia\\\/#\\\/schema\\\/logo\\\/image\\\/\",\"url\":\"https:\\\/\\\/www.forumcampinas.org.br\\\/interdependencia\\\/wp-content\\\/uploads\\\/2023\\\/11\\\/interdependencia.png\",\"contentUrl\":\"https:\\\/\\\/www.forumcampinas.org.br\\\/interdependencia\\\/wp-content\\\/uploads\\\/2023\\\/11\\\/interdependencia.png\",\"width\":757,\"height\":195,\"caption\":\"Interdepend\u00eancia\"},\"image\":{\"@id\":\"https:\\\/\\\/www.forumcampinas.org.br\\\/interdependencia\\\/#\\\/schema\\\/logo\\\/image\\\/\"}}]}<\/script>\n<!-- \/ Yoast SEO plugin. -->","yoast_head_json":{"title":"Unicamp cria o Sistema de Gest\u00e3o Universidade Sustent\u00e1vel (SiGeUS) - Interdepend\u00eancia","description":"O SIGeUS vai dar origem ao Comit\u00ea Assessor de Sustentabilidade da Unicamp, composto pelos representantes dos 13 \u00f3rg\u00e3os ligados \u00e0 Reitoria","robots":{"index":"index","follow":"follow","max-snippet":"max-snippet:-1","max-image-preview":"max-image-preview:large","max-video-preview":"max-video-preview:-1"},"canonical":"https:\/\/www.forumcampinas.org.br\/interdependencia\/blog\/unicamp-cria-o-sistema-de-gestao-universidade-sustentavel-sigeus\/","og_locale":"pt_BR","og_type":"article","og_title":"Unicamp cria o Sistema de Gest\u00e3o Universidade Sustent\u00e1vel (SiGeUS) - Interdepend\u00eancia","og_description":"O SIGeUS vai dar origem ao Comit\u00ea Assessor de Sustentabilidade da Unicamp, composto pelos representantes dos 13 \u00f3rg\u00e3os ligados \u00e0 Reitoria","og_url":"https:\/\/www.forumcampinas.org.br\/interdependencia\/blog\/unicamp-cria-o-sistema-de-gestao-universidade-sustentavel-sigeus\/","og_site_name":"Interdepend\u00eancia","og_image":[{"width":1000,"height":553,"url":"https:\/\/www.forumcampinas.org.br\/interdependencia\/wp-content\/uploads\/2024\/10\/Gestao-sustentabilidade_scarpa_AJS_8271.jpg","type":"image\/jpeg"}],"twitter_card":"summary_large_image","twitter_misc":{"Est. tempo de leitura":"4 minutos"},"schema":{"@context":"https:\/\/schema.org","@graph":[{"@type":"WebPage","@id":"https:\/\/www.forumcampinas.org.br\/interdependencia\/blog\/unicamp-cria-o-sistema-de-gestao-universidade-sustentavel-sigeus\/","url":"https:\/\/www.forumcampinas.org.br\/interdependencia\/blog\/unicamp-cria-o-sistema-de-gestao-universidade-sustentavel-sigeus\/","name":"Unicamp cria o Sistema de Gest\u00e3o Universidade Sustent\u00e1vel (SiGeUS) - Interdepend\u00eancia","isPartOf":{"@id":"https:\/\/www.forumcampinas.org.br\/interdependencia\/#website"},"primaryImageOfPage":{"@id":"https:\/\/www.forumcampinas.org.br\/interdependencia\/blog\/unicamp-cria-o-sistema-de-gestao-universidade-sustentavel-sigeus\/#primaryimage"},"image":{"@id":"https:\/\/www.forumcampinas.org.br\/interdependencia\/blog\/unicamp-cria-o-sistema-de-gestao-universidade-sustentavel-sigeus\/#primaryimage"},"thumbnailUrl":"https:\/\/www.forumcampinas.org.br\/interdependencia\/wp-content\/uploads\/2024\/10\/Gestao-sustentabilidade_scarpa_AJS_8271.jpg","datePublished":"2024-10-03T13:29:41+00:00","description":"O SIGeUS vai dar origem ao Comit\u00ea Assessor de Sustentabilidade da Unicamp, composto pelos representantes dos 13 \u00f3rg\u00e3os ligados \u00e0 Reitoria","breadcrumb":{"@id":"https:\/\/www.forumcampinas.org.br\/interdependencia\/blog\/unicamp-cria-o-sistema-de-gestao-universidade-sustentavel-sigeus\/#breadcrumb"},"inLanguage":"pt-BR","potentialAction":[{"@type":"ReadAction","target":["https:\/\/www.forumcampinas.org.br\/interdependencia\/blog\/unicamp-cria-o-sistema-de-gestao-universidade-sustentavel-sigeus\/"]}]},{"@type":"ImageObject","inLanguage":"pt-BR","@id":"https:\/\/www.forumcampinas.org.br\/interdependencia\/blog\/unicamp-cria-o-sistema-de-gestao-universidade-sustentavel-sigeus\/#primaryimage","url":"https:\/\/www.forumcampinas.org.br\/interdependencia\/wp-content\/uploads\/2024\/10\/Gestao-sustentabilidade_scarpa_AJS_8271.jpg","contentUrl":"https:\/\/www.forumcampinas.org.br\/interdependencia\/wp-content\/uploads\/2024\/10\/Gestao-sustentabilidade_scarpa_AJS_8271.jpg","width":1000,"height":553,"caption":"Foto: Antonio Scarpinetti"},{"@type":"BreadcrumbList","@id":"https:\/\/www.forumcampinas.org.br\/interdependencia\/blog\/unicamp-cria-o-sistema-de-gestao-universidade-sustentavel-sigeus\/#breadcrumb","itemListElement":[{"@type":"ListItem","position":1,"name":"In\u00edcio","item":"https:\/\/www.forumcampinas.org.br\/interdependencia\/"},{"@type":"ListItem","position":2,"name":"Blog","item":"https:\/\/www.forumcampinas.org.br\/interdependencia\/blog\/"},{"@type":"ListItem","position":3,"name":"Unicamp cria o Sistema de Gest\u00e3o Universidade Sustent\u00e1vel (SiGeUS)"}]},{"@type":"WebSite","@id":"https:\/\/www.forumcampinas.org.br\/interdependencia\/#website","url":"https:\/\/www.forumcampinas.org.br\/interdependencia\/","name":"Interdepend\u00eancia","description":"Ci\u00eancia, Tecnologia e Inova\u00e7\u00e3o e a Regi\u00e3o de Campinas","publisher":{"@id":"https:\/\/www.forumcampinas.org.br\/interdependencia\/#organization"},"potentialAction":[{"@type":"SearchAction","target":{"@type":"EntryPoint","urlTemplate":"https:\/\/www.forumcampinas.org.br\/interdependencia\/?s={search_term_string}"},"query-input":{"@type":"PropertyValueSpecification","valueRequired":true,"valueName":"search_term_string"}}],"inLanguage":"pt-BR"},{"@type":"Organization","@id":"https:\/\/www.forumcampinas.org.br\/interdependencia\/#organization","name":"Interdepend\u00eancia","url":"https:\/\/www.forumcampinas.org.br\/interdependencia\/","logo":{"@type":"ImageObject","inLanguage":"pt-BR","@id":"https:\/\/www.forumcampinas.org.br\/interdependencia\/#\/schema\/logo\/image\/","url":"https:\/\/www.forumcampinas.org.br\/interdependencia\/wp-content\/uploads\/2023\/11\/interdependencia.png","contentUrl":"https:\/\/www.forumcampinas.org.br\/interdependencia\/wp-content\/uploads\/2023\/11\/interdependencia.png","width":757,"height":195,"caption":"Interdepend\u00eancia"},"image":{"@id":"https:\/\/www.forumcampinas.org.br\/interdependencia\/#\/schema\/logo\/image\/"}}]}},"_links":{"self":[{"href":"https:\/\/www.forumcampinas.org.br\/interdependencia\/wp-json\/wp\/v2\/blog\/1057","targetHints":{"allow":["GET"]}}],"collection":[{"href":"https:\/\/www.forumcampinas.org.br\/interdependencia\/wp-json\/wp\/v2\/blog"}],"about":[{"href":"https:\/\/www.forumcampinas.org.br\/interdependencia\/wp-json\/wp\/v2\/types\/blog"}],"wp:featuredmedia":[{"embeddable":true,"href":"https:\/\/www.forumcampinas.org.br\/interdependencia\/wp-json\/wp\/v2\/media\/1056"}],"wp:attachment":[{"href":"https:\/\/www.forumcampinas.org.br\/interdependencia\/wp-json\/wp\/v2\/media?parent=1057"}],"curies":[{"name":"wp","href":"https:\/\/api.w.org\/{rel}","templated":true}]}}