{"id":1059,"date":"2024-10-10T15:57:18","date_gmt":"2024-10-10T18:57:18","guid":{"rendered":"https:\/\/www.forumcampinas.org.br\/interdependencia\/?post_type=blog&#038;p=1059"},"modified":"2024-10-10T15:57:18","modified_gmt":"2024-10-10T18:57:18","slug":"energia-eolica-uma-das-principais-alternativas-para-a-geracao-de-energia-limpa","status":"publish","type":"blog","link":"https:\/\/www.forumcampinas.org.br\/interdependencia\/blog\/energia-eolica-uma-das-principais-alternativas-para-a-geracao-de-energia-limpa\/","title":{"rendered":"Energia e\u00f3lica: uma das principais alternativas para a gera\u00e7\u00e3o de energia limpa"},"content":{"rendered":"<p>A transi\u00e7\u00e3o energ\u00e9tica \u00e9 um dos maiores desafios da nossa gera\u00e7\u00e3o. Substituir combust\u00edveis f\u00f3sseis, emissores de gases de efeito estufa (GEE), por fontes renov\u00e1veis, \u00e9 a principal alternativa para deter o aquecimento global e suas consequ\u00eancias. Dentre as principais fontes renov\u00e1veis no Brasil, como a hidrel\u00e9trica, a solar e a biomassa, hoje falaremos da energia e\u00f3lica. No ano passado, uma pesquisa de doutorado desenvolvida na Faculdade de Engenharia El\u00e9trica e de Computa\u00e7\u00e3o (FEEC) da Unicamp, de autoria do costarriquenho Andr\u00e9s de Jesus Arguello Guill\u00e9n, venceu o Pr\u00eamio Capes de Tese de 2023, na categoria Engenharias IV. O estudo analisou o fen\u00f4meno da resson\u00e2ncia, um dos in\u00fameros problemas que podem afetar os parques e\u00f3licos. Desde 2017, o vestibular da Unicamp traz quest\u00f5es sobre a forma de utiliza\u00e7\u00e3o desse tipo de energia, sinal da import\u00e2ncia que o tema vem ganhando nos \u00faltimos anos.<\/p>\n<figure id=\"attachment_1058\" aria-describedby=\"caption-attachment-1058\" style=\"width: 1000px\" class=\"wp-caption aligncenter\"><img loading=\"lazy\" decoding=\"async\" class=\"size-full wp-image-1058\" src=\"https:\/\/www.forumcampinas.org.br\/interdependencia\/wp-content\/uploads\/2024\/10\/energia-eolica.jpg\" alt=\"\" width=\"1000\" height=\"553\" srcset=\"https:\/\/www.forumcampinas.org.br\/interdependencia\/wp-content\/uploads\/2024\/10\/energia-eolica.jpg 1000w, https:\/\/www.forumcampinas.org.br\/interdependencia\/wp-content\/uploads\/2024\/10\/energia-eolica-300x166.jpg 300w, https:\/\/www.forumcampinas.org.br\/interdependencia\/wp-content\/uploads\/2024\/10\/energia-eolica-768x425.jpg 768w\" sizes=\"auto, (max-width: 1000px) 100vw, 1000px\" \/><figcaption id=\"caption-attachment-1058\" class=\"wp-caption-text\">Foto: website ecomernegia<\/figcaption><\/figure>\n<p>No Brasil, esta fonte de energia representa aproximadamente 10% da matriz energ\u00e9tica do pa\u00eds. Os primeiros projetos em energia, solar e e\u00f3lica, foram implementados na d\u00e9cada de 90, nos estados do Nordeste e na Regi\u00e3o Norte, sendo o primeiro aerogerador instalado no Brasil em 1992, no arquip\u00e9lago de Fernando de Noronha. No ano de 1994, foi instalado o primeiro parque e\u00f3lico de Morro do Camelinho, localizado no munic\u00edpio de Gouveia (MG), composto por 4 aerogeradores de 250 kW. Em 1997, o Parque E\u00f3lico Mucuripe, conhecido tamb\u00e9m como Central E\u00f3lica Mucuripe, foi o primeiro empreendimento constru\u00eddo no Cear\u00e1, com pot\u00eancia instalada de 1200 kW. Esses dois empreendimentos incentivaram o crescimento da gera\u00e7\u00e3o de energia e\u00f3lica no Brasil.<\/p>\n<p>O primeiro programa, que incentivou em larga escala, o desenvolvimento desse tipo de energia no Brasil foi o PROE\u00d3LICA (Programa Emergencial de Energia E\u00f3lica), de 2001, uma resposta do Governo Federal \u00e0 crise energ\u00e9tica que o pa\u00eds vinha enfrentando. O programa gerou uma corrida de investidores, com o objetivo de iniciar o processo de homologa\u00e7\u00e3o de seus projetos e\u00f3licos junto a ANEEL (Ag\u00eancia Nacional de Energia El\u00e9trica), e tamb\u00e9m surgiu a necessidade de importa\u00e7\u00e3o de tecnologia e forma\u00e7\u00e3o de m\u00e3o de obra qualificada para estes tipos de empreendimentos. Com outro programa governamental, o PROINFA (Programa de Incentivo \u00e0s Fontes Alternativas), a partir de 2003, a participa\u00e7\u00e3o da energia e\u00f3lica cresceu rapidamente na matriz el\u00e9trica do Brasil.<\/p>\n<p>Dez anos depois, em fevereiro de 2023, a energia e\u00f3lica <em>onshore<\/em> (localizada no continente), j\u00e1 contava com 890 parques e\u00f3licos instalados em 12 estados brasileiros (85% na regi\u00e3o do Nordeste, de acordo com a ABEE\u00f3lica (Associa\u00e7\u00e3o Brasileira de Energia E\u00f3lica). O boom da produ\u00e7\u00e3o de eletricidade por fonte e\u00f3lica, trouxe para o pa\u00eds a possibilidade de desenvolver uma ind\u00fastria nacional desses equipamentos , o chamado Sistema de Inova\u00e7\u00e3o Nacional, que traz consigo n\u00e3o s\u00f3 uso dessa fonte para efeito de gera\u00e7\u00e3o de eletricidade, mas tamb\u00e9m toda uma cadeia de produ\u00e7\u00e3o e desenvolvimento tecnol\u00f3gico (com base na inova\u00e7\u00e3o brasileira desses equipamentos, principalmente nos estados onde existe maior potencialidade de gera\u00e7\u00e3o de energia el\u00e9trica por esse tipo de fonte).<\/p>\n<p>No entanto, pesquisadores da Unicamp, como o Prof. Dr. Carlos Joly, alerta para a aus\u00eancia de estudos que analisem os impactos, ambientais e sociais, dos parques e\u00f3licos. O conceito discutido pelos pesquisadores \u00e9 o da \u201c<strong>transmiss\u00e3o energ\u00e9tica justa\u201d,<\/strong> que busca atrelar a descarboniza\u00e7\u00e3o da economia com o bem estar de todos, popula\u00e7\u00e3o e meio ambiente. Os aerogeradores modernos s\u00e3o estruturas grandes, atingindo 150 m de altura, e suas p\u00e1s podem chegar a 64 metros. Desde a escolha do local para a instala\u00e7\u00e3o do parque, passando pela constru\u00e7\u00e3o da planta, negocia\u00e7\u00e3o com a comunidade residente (atrav\u00e9s do estabelecimento de acordos e contratos), at\u00e9 o in\u00edcio do funcionamento da estrutura, s\u00e3o diversas ocorr\u00eancias vivenciadas pelos pequenos agricultores, que se dizem afetados (mais negativamente do que positivamente) pela instala\u00e7\u00e3o dos parques, problema que passou a ser pauta de v\u00e1rios meios de comunica\u00e7\u00e3o.<\/p>\n<p>De acordo com o <em>podcast<\/em> \u201cPrato cheio epis\u00f3dio 7 \u2013 T6 \u2013 \u201c<em>Dinheiro n\u00e3o m\u00e3o \u00e9 vendaval<\/em>\u201d, os rep\u00f3rteres visitaram a cidade de Caet\u00e9s, em Pernambuco, e realizaram entrevistas com moradores, para saber mais sobre os problemas enfrentados com a instala\u00e7\u00e3o dos geradores e\u00f3licos. De acordo com o Sr. Sim\u00e3o Salgado, conhecido como Tita, propriet\u00e1rio do S\u00edtio Pau Ferro (que fica no Complexo E\u00f3lico S\u00e3o Clemente, antes conhecido como Sobradinho), \u00a0a sua propriedade, quando chegou na regi\u00e3o: \u201c<em>Era terra bruta, eu comprei 33 hectares, e o primeiro ponto foi fazer a casa, que eu constru\u00ed com muito amor e<\/em> <em>carinho (&#8230;) com muito trabalho, imaginando que aqui seria o meu ponto final, onde eu iria permanecer para o resto da vida\u201d.<\/em><\/p>\n<p>Mas o sonho do Sr. Sim\u00e3o foi por \u00e1gua abaixo em 2014, com a instala\u00e7\u00e3o dos geradores. As \u201cturbinas\u201d foram ligadas em maio de 2016, pr\u00f3ximos ao S\u00edtio Pau Ferro, e ap\u00f3s tr\u00eas dias j\u00e1 sentiam os impactos e os ru\u00eddos do complexo. Explos\u00f5es com dinamite, al\u00e9m do barulho, derrubaram \u00e1rvores centen\u00e1rias durante a constru\u00e7\u00e3o e assustaram os animais, que tamb\u00e9m se feriram. As p\u00e1s dos geradores se movimentam em alta velocidade, matando aves e morcegos devido a colis\u00e3o. O ru\u00eddo aerodin\u00e2mico\u00a0 \u00e9 produzido pela rota\u00e7\u00e3o das p\u00e1s em atrito com o ar, gerando um barulho sonoro de amplo espectro de frequ\u00eancias, que \u00e9 fun\u00e7\u00e3o da velocidade de ponta da p\u00e1.<\/p>\n<p>Para a constru\u00e7\u00e3o de cada base que dar\u00e1 suporte aos geradores, s\u00e3o utilizadas, aproximadamente, 40 toneladas de ferragens e 320m\u00b3 de concreto. Isso corresponde a 40 viagens de caminh\u00e3o e betoneiras. O tr\u00e2nsito de caminh\u00f5es pr\u00f3ximo de escolas, tem deixado professores em alerta na Bahia, preocupados com poss\u00edveis atropelamentos das crian\u00e7as. Dessa forma, a comunidade tem se organizado em torno de sindicatos, para n\u00e3o ficar \u00e0 merc\u00ea de decis\u00f5es arbitr\u00e1rias, tomadas por empresas respons\u00e1veis pela montagem dos parques. Alguns moradores entrevistados pela reportagem, no velho continente, a Europa, relataram que o maior inc\u00f4modo acontece no ver\u00e3o, pois o barulho n\u00e3o permite dormirem com as janelas abertas, e que a sensa\u00e7\u00e3o \u00e9 como se um avi\u00e3o estivesse sobrevoando suas casas, por\u00e9m um avi\u00e3o \u201cque nunca pousa\u201d(1).<\/p>\n<p>Para enfrentar essas e outras quest\u00f5es referentes \u00e0 instala\u00e7\u00e3o dos parques e\u00f3licos, o Governo Federal estabeleceu em setembro de 2023, a <strong><em>Mesa de Di\u00e1logo Energia Renov\u00e1vel: direitos e impactos<\/em><\/strong>. Entre as atribui\u00e7\u00f5es do grupo est\u00e1\u00a0a busca de solu\u00e7\u00e3o para conflitos e impactos ambientais, fundi\u00e1rios, sociais, econ\u00f4micos, de sa\u00fade e de seguran\u00e7a nas \u00e1reas de atua\u00e7\u00e3o dos empreendimentos que geram energia renov\u00e1vel. Para isso, tamb\u00e9m ser\u00e3o mapeadas e sistematizadas tanto a cadeia produtiva nacional\u00a0quanto a internacional, al\u00e9m do impacto e atua\u00e7\u00e3o nas comunidades e territ\u00f3rios do pa\u00eds (2).<\/p>\n<p>O desenvolvimento tecnol\u00f3gico da \u00faltima d\u00e9cada, juntamente com as novas exig\u00eancias de mercado promoveram um avan\u00e7o na diminui\u00e7\u00e3o dos n\u00edveis de ru\u00eddo produzidos pelos empreendimentos de gera\u00e7\u00e3o de energia e\u00f3lica. Ao contr\u00e1rio do impacto visual e altera\u00e7\u00e3o da paisagem, o ru\u00eddo ac\u00fastico pode ser medido, e de certa forma, previsto.<\/p>\n<p>Nos links adicionados \u00e0 esta mat\u00e9ria \u00e9 poss\u00edvel assistir as reportagens realizadas por diversos meios de comunica\u00e7\u00e3o, como BBC NEWS Brasil, Folha de S\u00e3o Paulo, <em>Podcast<\/em> Prato Cheio, e saber mais sobre o tema da energia e\u00f3lica, suas vantagens e desvantagens.<\/p>\n<p>(1) EcoSolar Energias Renov\u00e1veis: <a href=\"https:\/\/www.youtube.com\/watch?v=R-BPmlgWFxA\" target=\"_blank\" rel=\"noopener\">https:\/\/www.youtube.com\/watch?v=R-BPmlgWFxA<\/a><\/p>\n<p>(2) Mat\u00e9ria de Fab\u00edola Sinimb\u00fa, Rep\u00f3rter da Ag\u00eancia Brasil, 11 de setembro de 2023. Link: <a href=\"https:\/\/agenciabrasil.ebc.com.br\/geral\/noticia\/2023-09\/mesa-de-dialogo-com-o-governo-vai-debater-energia-renovavel\" target=\"_blank\" rel=\"noopener\">https:\/\/agenciabrasil.ebc.com.br\/ geral\/noticia\/2023-09 \/mesa-de-dialogo-com-o- governo-vai-debater -energia-renovavel<\/a><\/p>\n<p><strong>Outros Links:<\/strong><\/p>\n<p>Jornal da Unicamp:<\/p>\n<p><a href=\"https:\/\/jornal.unicamp.br\/edicao\/697\/estudo-propoe-solucoes-para-fenomeno-que-pode-afetar-geracao-de-energia-eolica\/\" target=\"_blank\" rel=\"noopener\">https:\/\/jornal.unicamp.br\/ edicao\/697\/ estudo-propoe-solucoes- para-fenomeno-que-pode- afetar-geracao-de- energia-eolica\/<\/a><\/p>\n<p>Folha de S\u00e3o Paulo: <a href=\"https:\/\/www.youtube.com\/watch?v=8QAnpNruY2E\" target=\"_blank\" rel=\"noopener\">https:\/\/www.youtube.com\/watch?v=8QAnpNruY2E<\/a><\/p>\n<p>Podcast \u201cPrato Cheio \u2013 O Joio e o Trigo\u201d:\u00a0<a href=\"https:\/\/www.youtube.com\/watch?v=jMho2OMWyd4\" target=\"_blank\" rel=\"noopener\">https:\/\/www.youtube.com\/watch?v=jMho2OMWyd4<\/a><\/p>\n<p>BBC News Brasil: <a href=\"https:\/\/www.youtube.com\/watch?v=0iCo_t9pY6g\" target=\"_blank\" rel=\"noopener\">https:\/\/www.youtube.com\/watch?v=0iCo_t9pY6g<\/a><\/p>\n<p>O Bi\u00f3logo \u2013 Revista do Conselho Regional de Biologia \u2013 N\u00ba 67 (Jan\/Fev\/Mar\u00e7o de 2024). p.4-20.<\/p>\n","protected":false},"excerpt":{"rendered":"<p>A transi\u00e7\u00e3o energ\u00e9tica \u00e9 um dos maiores desafios da nossa gera\u00e7\u00e3o para deter o aquecimento global e suas consequ\u00eancias<\/p>\n","protected":false},"featured_media":1058,"parent":0,"template":"","class_list":["post-1059","blog","type-blog","status-publish","has-post-thumbnail","hentry"],"acf":[],"yoast_head":"<!-- This site is optimized with the Yoast SEO plugin v27.4 - https:\/\/yoast.com\/product\/yoast-seo-wordpress\/ -->\n<title>Energia e\u00f3lica: uma das principais alternativas para a gera\u00e7\u00e3o de energia limpa - Interdepend\u00eancia<\/title>\n<meta name=\"description\" content=\"A transi\u00e7\u00e3o energ\u00e9tica \u00e9 um dos maiores desafios da nossa gera\u00e7\u00e3o para deter o aquecimento global e suas consequ\u00eancias\" \/>\n<meta name=\"robots\" content=\"index, follow, max-snippet:-1, max-image-preview:large, max-video-preview:-1\" \/>\n<link rel=\"canonical\" href=\"https:\/\/www.forumcampinas.org.br\/interdependencia\/blog\/energia-eolica-uma-das-principais-alternativas-para-a-geracao-de-energia-limpa\/\" \/>\n<meta property=\"og:locale\" content=\"pt_BR\" \/>\n<meta property=\"og:type\" content=\"article\" \/>\n<meta property=\"og:title\" content=\"Energia e\u00f3lica: uma das principais alternativas para a gera\u00e7\u00e3o de energia limpa - Interdepend\u00eancia\" \/>\n<meta property=\"og:description\" content=\"A transi\u00e7\u00e3o energ\u00e9tica \u00e9 um dos maiores desafios da nossa gera\u00e7\u00e3o para deter o aquecimento global e suas consequ\u00eancias\" \/>\n<meta property=\"og:url\" content=\"https:\/\/www.forumcampinas.org.br\/interdependencia\/blog\/energia-eolica-uma-das-principais-alternativas-para-a-geracao-de-energia-limpa\/\" \/>\n<meta property=\"og:site_name\" content=\"Interdepend\u00eancia\" \/>\n<meta property=\"og:image\" content=\"https:\/\/www.forumcampinas.org.br\/interdependencia\/wp-content\/uploads\/2024\/10\/energia-eolica.jpg\" \/>\n\t<meta property=\"og:image:width\" content=\"1000\" \/>\n\t<meta property=\"og:image:height\" content=\"553\" \/>\n\t<meta property=\"og:image:type\" content=\"image\/jpeg\" \/>\n<meta name=\"twitter:card\" content=\"summary_large_image\" \/>\n<meta name=\"twitter:label1\" content=\"Est. tempo de leitura\" \/>\n\t<meta name=\"twitter:data1\" content=\"7 minutos\" \/>\n<script type=\"application\/ld+json\" class=\"yoast-schema-graph\">{\"@context\":\"https:\\\/\\\/schema.org\",\"@graph\":[{\"@type\":\"WebPage\",\"@id\":\"https:\\\/\\\/www.forumcampinas.org.br\\\/interdependencia\\\/blog\\\/energia-eolica-uma-das-principais-alternativas-para-a-geracao-de-energia-limpa\\\/\",\"url\":\"https:\\\/\\\/www.forumcampinas.org.br\\\/interdependencia\\\/blog\\\/energia-eolica-uma-das-principais-alternativas-para-a-geracao-de-energia-limpa\\\/\",\"name\":\"Energia e\u00f3lica: uma das principais alternativas para a gera\u00e7\u00e3o de energia limpa - Interdepend\u00eancia\",\"isPartOf\":{\"@id\":\"https:\\\/\\\/www.forumcampinas.org.br\\\/interdependencia\\\/#website\"},\"primaryImageOfPage\":{\"@id\":\"https:\\\/\\\/www.forumcampinas.org.br\\\/interdependencia\\\/blog\\\/energia-eolica-uma-das-principais-alternativas-para-a-geracao-de-energia-limpa\\\/#primaryimage\"},\"image\":{\"@id\":\"https:\\\/\\\/www.forumcampinas.org.br\\\/interdependencia\\\/blog\\\/energia-eolica-uma-das-principais-alternativas-para-a-geracao-de-energia-limpa\\\/#primaryimage\"},\"thumbnailUrl\":\"https:\\\/\\\/www.forumcampinas.org.br\\\/interdependencia\\\/wp-content\\\/uploads\\\/2024\\\/10\\\/energia-eolica.jpg\",\"datePublished\":\"2024-10-10T18:57:18+00:00\",\"description\":\"A transi\u00e7\u00e3o energ\u00e9tica \u00e9 um dos maiores desafios da nossa gera\u00e7\u00e3o para deter o aquecimento global e suas consequ\u00eancias\",\"breadcrumb\":{\"@id\":\"https:\\\/\\\/www.forumcampinas.org.br\\\/interdependencia\\\/blog\\\/energia-eolica-uma-das-principais-alternativas-para-a-geracao-de-energia-limpa\\\/#breadcrumb\"},\"inLanguage\":\"pt-BR\",\"potentialAction\":[{\"@type\":\"ReadAction\",\"target\":[\"https:\\\/\\\/www.forumcampinas.org.br\\\/interdependencia\\\/blog\\\/energia-eolica-uma-das-principais-alternativas-para-a-geracao-de-energia-limpa\\\/\"]}]},{\"@type\":\"ImageObject\",\"inLanguage\":\"pt-BR\",\"@id\":\"https:\\\/\\\/www.forumcampinas.org.br\\\/interdependencia\\\/blog\\\/energia-eolica-uma-das-principais-alternativas-para-a-geracao-de-energia-limpa\\\/#primaryimage\",\"url\":\"https:\\\/\\\/www.forumcampinas.org.br\\\/interdependencia\\\/wp-content\\\/uploads\\\/2024\\\/10\\\/energia-eolica.jpg\",\"contentUrl\":\"https:\\\/\\\/www.forumcampinas.org.br\\\/interdependencia\\\/wp-content\\\/uploads\\\/2024\\\/10\\\/energia-eolica.jpg\",\"width\":1000,\"height\":553,\"caption\":\"Foto: website ecomernegia\"},{\"@type\":\"BreadcrumbList\",\"@id\":\"https:\\\/\\\/www.forumcampinas.org.br\\\/interdependencia\\\/blog\\\/energia-eolica-uma-das-principais-alternativas-para-a-geracao-de-energia-limpa\\\/#breadcrumb\",\"itemListElement\":[{\"@type\":\"ListItem\",\"position\":1,\"name\":\"In\u00edcio\",\"item\":\"https:\\\/\\\/www.forumcampinas.org.br\\\/interdependencia\\\/\"},{\"@type\":\"ListItem\",\"position\":2,\"name\":\"Blog\",\"item\":\"https:\\\/\\\/www.forumcampinas.org.br\\\/interdependencia\\\/blog\\\/\"},{\"@type\":\"ListItem\",\"position\":3,\"name\":\"Energia e\u00f3lica: uma das principais alternativas para a gera\u00e7\u00e3o de energia limpa\"}]},{\"@type\":\"WebSite\",\"@id\":\"https:\\\/\\\/www.forumcampinas.org.br\\\/interdependencia\\\/#website\",\"url\":\"https:\\\/\\\/www.forumcampinas.org.br\\\/interdependencia\\\/\",\"name\":\"Interdepend\u00eancia\",\"description\":\"Ci\u00eancia, Tecnologia e Inova\u00e7\u00e3o e a Regi\u00e3o de Campinas\",\"publisher\":{\"@id\":\"https:\\\/\\\/www.forumcampinas.org.br\\\/interdependencia\\\/#organization\"},\"potentialAction\":[{\"@type\":\"SearchAction\",\"target\":{\"@type\":\"EntryPoint\",\"urlTemplate\":\"https:\\\/\\\/www.forumcampinas.org.br\\\/interdependencia\\\/?s={search_term_string}\"},\"query-input\":{\"@type\":\"PropertyValueSpecification\",\"valueRequired\":true,\"valueName\":\"search_term_string\"}}],\"inLanguage\":\"pt-BR\"},{\"@type\":\"Organization\",\"@id\":\"https:\\\/\\\/www.forumcampinas.org.br\\\/interdependencia\\\/#organization\",\"name\":\"Interdepend\u00eancia\",\"url\":\"https:\\\/\\\/www.forumcampinas.org.br\\\/interdependencia\\\/\",\"logo\":{\"@type\":\"ImageObject\",\"inLanguage\":\"pt-BR\",\"@id\":\"https:\\\/\\\/www.forumcampinas.org.br\\\/interdependencia\\\/#\\\/schema\\\/logo\\\/image\\\/\",\"url\":\"https:\\\/\\\/www.forumcampinas.org.br\\\/interdependencia\\\/wp-content\\\/uploads\\\/2023\\\/11\\\/interdependencia.png\",\"contentUrl\":\"https:\\\/\\\/www.forumcampinas.org.br\\\/interdependencia\\\/wp-content\\\/uploads\\\/2023\\\/11\\\/interdependencia.png\",\"width\":757,\"height\":195,\"caption\":\"Interdepend\u00eancia\"},\"image\":{\"@id\":\"https:\\\/\\\/www.forumcampinas.org.br\\\/interdependencia\\\/#\\\/schema\\\/logo\\\/image\\\/\"}}]}<\/script>\n<!-- \/ Yoast SEO plugin. -->","yoast_head_json":{"title":"Energia e\u00f3lica: uma das principais alternativas para a gera\u00e7\u00e3o de energia limpa - Interdepend\u00eancia","description":"A transi\u00e7\u00e3o energ\u00e9tica \u00e9 um dos maiores desafios da nossa gera\u00e7\u00e3o para deter o aquecimento global e suas consequ\u00eancias","robots":{"index":"index","follow":"follow","max-snippet":"max-snippet:-1","max-image-preview":"max-image-preview:large","max-video-preview":"max-video-preview:-1"},"canonical":"https:\/\/www.forumcampinas.org.br\/interdependencia\/blog\/energia-eolica-uma-das-principais-alternativas-para-a-geracao-de-energia-limpa\/","og_locale":"pt_BR","og_type":"article","og_title":"Energia e\u00f3lica: uma das principais alternativas para a gera\u00e7\u00e3o de energia limpa - Interdepend\u00eancia","og_description":"A transi\u00e7\u00e3o energ\u00e9tica \u00e9 um dos maiores desafios da nossa gera\u00e7\u00e3o para deter o aquecimento global e suas consequ\u00eancias","og_url":"https:\/\/www.forumcampinas.org.br\/interdependencia\/blog\/energia-eolica-uma-das-principais-alternativas-para-a-geracao-de-energia-limpa\/","og_site_name":"Interdepend\u00eancia","og_image":[{"width":1000,"height":553,"url":"https:\/\/www.forumcampinas.org.br\/interdependencia\/wp-content\/uploads\/2024\/10\/energia-eolica.jpg","type":"image\/jpeg"}],"twitter_card":"summary_large_image","twitter_misc":{"Est. tempo de leitura":"7 minutos"},"schema":{"@context":"https:\/\/schema.org","@graph":[{"@type":"WebPage","@id":"https:\/\/www.forumcampinas.org.br\/interdependencia\/blog\/energia-eolica-uma-das-principais-alternativas-para-a-geracao-de-energia-limpa\/","url":"https:\/\/www.forumcampinas.org.br\/interdependencia\/blog\/energia-eolica-uma-das-principais-alternativas-para-a-geracao-de-energia-limpa\/","name":"Energia e\u00f3lica: uma das principais alternativas para a gera\u00e7\u00e3o de energia limpa - Interdepend\u00eancia","isPartOf":{"@id":"https:\/\/www.forumcampinas.org.br\/interdependencia\/#website"},"primaryImageOfPage":{"@id":"https:\/\/www.forumcampinas.org.br\/interdependencia\/blog\/energia-eolica-uma-das-principais-alternativas-para-a-geracao-de-energia-limpa\/#primaryimage"},"image":{"@id":"https:\/\/www.forumcampinas.org.br\/interdependencia\/blog\/energia-eolica-uma-das-principais-alternativas-para-a-geracao-de-energia-limpa\/#primaryimage"},"thumbnailUrl":"https:\/\/www.forumcampinas.org.br\/interdependencia\/wp-content\/uploads\/2024\/10\/energia-eolica.jpg","datePublished":"2024-10-10T18:57:18+00:00","description":"A transi\u00e7\u00e3o energ\u00e9tica \u00e9 um dos maiores desafios da nossa gera\u00e7\u00e3o para deter o aquecimento global e suas consequ\u00eancias","breadcrumb":{"@id":"https:\/\/www.forumcampinas.org.br\/interdependencia\/blog\/energia-eolica-uma-das-principais-alternativas-para-a-geracao-de-energia-limpa\/#breadcrumb"},"inLanguage":"pt-BR","potentialAction":[{"@type":"ReadAction","target":["https:\/\/www.forumcampinas.org.br\/interdependencia\/blog\/energia-eolica-uma-das-principais-alternativas-para-a-geracao-de-energia-limpa\/"]}]},{"@type":"ImageObject","inLanguage":"pt-BR","@id":"https:\/\/www.forumcampinas.org.br\/interdependencia\/blog\/energia-eolica-uma-das-principais-alternativas-para-a-geracao-de-energia-limpa\/#primaryimage","url":"https:\/\/www.forumcampinas.org.br\/interdependencia\/wp-content\/uploads\/2024\/10\/energia-eolica.jpg","contentUrl":"https:\/\/www.forumcampinas.org.br\/interdependencia\/wp-content\/uploads\/2024\/10\/energia-eolica.jpg","width":1000,"height":553,"caption":"Foto: website ecomernegia"},{"@type":"BreadcrumbList","@id":"https:\/\/www.forumcampinas.org.br\/interdependencia\/blog\/energia-eolica-uma-das-principais-alternativas-para-a-geracao-de-energia-limpa\/#breadcrumb","itemListElement":[{"@type":"ListItem","position":1,"name":"In\u00edcio","item":"https:\/\/www.forumcampinas.org.br\/interdependencia\/"},{"@type":"ListItem","position":2,"name":"Blog","item":"https:\/\/www.forumcampinas.org.br\/interdependencia\/blog\/"},{"@type":"ListItem","position":3,"name":"Energia e\u00f3lica: uma das principais alternativas para a gera\u00e7\u00e3o de energia limpa"}]},{"@type":"WebSite","@id":"https:\/\/www.forumcampinas.org.br\/interdependencia\/#website","url":"https:\/\/www.forumcampinas.org.br\/interdependencia\/","name":"Interdepend\u00eancia","description":"Ci\u00eancia, Tecnologia e Inova\u00e7\u00e3o e a Regi\u00e3o de Campinas","publisher":{"@id":"https:\/\/www.forumcampinas.org.br\/interdependencia\/#organization"},"potentialAction":[{"@type":"SearchAction","target":{"@type":"EntryPoint","urlTemplate":"https:\/\/www.forumcampinas.org.br\/interdependencia\/?s={search_term_string}"},"query-input":{"@type":"PropertyValueSpecification","valueRequired":true,"valueName":"search_term_string"}}],"inLanguage":"pt-BR"},{"@type":"Organization","@id":"https:\/\/www.forumcampinas.org.br\/interdependencia\/#organization","name":"Interdepend\u00eancia","url":"https:\/\/www.forumcampinas.org.br\/interdependencia\/","logo":{"@type":"ImageObject","inLanguage":"pt-BR","@id":"https:\/\/www.forumcampinas.org.br\/interdependencia\/#\/schema\/logo\/image\/","url":"https:\/\/www.forumcampinas.org.br\/interdependencia\/wp-content\/uploads\/2023\/11\/interdependencia.png","contentUrl":"https:\/\/www.forumcampinas.org.br\/interdependencia\/wp-content\/uploads\/2023\/11\/interdependencia.png","width":757,"height":195,"caption":"Interdepend\u00eancia"},"image":{"@id":"https:\/\/www.forumcampinas.org.br\/interdependencia\/#\/schema\/logo\/image\/"}}]}},"_links":{"self":[{"href":"https:\/\/www.forumcampinas.org.br\/interdependencia\/wp-json\/wp\/v2\/blog\/1059","targetHints":{"allow":["GET"]}}],"collection":[{"href":"https:\/\/www.forumcampinas.org.br\/interdependencia\/wp-json\/wp\/v2\/blog"}],"about":[{"href":"https:\/\/www.forumcampinas.org.br\/interdependencia\/wp-json\/wp\/v2\/types\/blog"}],"wp:featuredmedia":[{"embeddable":true,"href":"https:\/\/www.forumcampinas.org.br\/interdependencia\/wp-json\/wp\/v2\/media\/1058"}],"wp:attachment":[{"href":"https:\/\/www.forumcampinas.org.br\/interdependencia\/wp-json\/wp\/v2\/media?parent=1059"}],"curies":[{"name":"wp","href":"https:\/\/api.w.org\/{rel}","templated":true}]}}