{"id":1081,"date":"2024-11-21T11:54:41","date_gmt":"2024-11-21T14:54:41","guid":{"rendered":"https:\/\/www.forumcampinas.org.br\/interdependencia\/?post_type=blog&#038;p=1081"},"modified":"2024-11-21T12:44:16","modified_gmt":"2024-11-21T15:44:16","slug":"xviii-encontro-nacional-fortec-em-campinas-20-anos-da-lei-de-inovacao-e-os-avancos-rumo-ao-futuro","status":"publish","type":"blog","link":"https:\/\/www.forumcampinas.org.br\/interdependencia\/blog\/xviii-encontro-nacional-fortec-em-campinas-20-anos-da-lei-de-inovacao-e-os-avancos-rumo-ao-futuro\/","title":{"rendered":"XVIII Encontro Nacional FORTEC em Campinas \u2013 20 Anos da Lei de Inova\u00e7\u00e3o e os avan\u00e7os rumo ao Futuro"},"content":{"rendered":"<p>Entre os dias 3 e 6 de novembro de 2024, no XVIII Encontro Nacional FORTEC, que aconteceu na PUC Campinas, diversos atores importantes do ecossistema de inova\u00e7\u00e3o, discutiram temas variados sobre a Lei de Inova\u00e7\u00e3o Brasileira (10.973\/2004), que este ano completou 20 anos. O evento, que teve como tema <strong><em>\u201cXVIII Encontro Nacional FORTEC: 20 anos de avan\u00e7os e um olhar para o futuro\u201d,<\/em><\/strong> tamb\u00e9m discutiu as tend\u00eancias, novidades e os desafios que est\u00e3o moldando o futuro da Propriedade Intelectual e Transfer\u00eancia de Tecnologia no Brasil.<\/p>\n<figure id=\"attachment_1080\" aria-describedby=\"caption-attachment-1080\" style=\"width: 1000px\" class=\"wp-caption aligncenter\"><img loading=\"lazy\" decoding=\"async\" class=\"size-full wp-image-1080\" src=\"https:\/\/www.forumcampinas.org.br\/interdependencia\/wp-content\/uploads\/2024\/11\/FORTEC.jpg\" alt=\"\" width=\"1000\" height=\"553\" srcset=\"https:\/\/www.forumcampinas.org.br\/interdependencia\/wp-content\/uploads\/2024\/11\/FORTEC.jpg 1000w, https:\/\/www.forumcampinas.org.br\/interdependencia\/wp-content\/uploads\/2024\/11\/FORTEC-300x166.jpg 300w, https:\/\/www.forumcampinas.org.br\/interdependencia\/wp-content\/uploads\/2024\/11\/FORTEC-768x425.jpg 768w\" sizes=\"auto, (max-width: 1000px) 100vw, 1000px\" \/><figcaption id=\"caption-attachment-1080\" class=\"wp-caption-text\">Foto: PUC-Campinas<\/figcaption><\/figure>\n<p>De acordo com o site do FORTEC, \u201cA Associa\u00e7\u00e3o F\u00f3rum Nacional de Gestores de Inova\u00e7\u00e3o e Transfer\u00eancia de Tecnologia (FORTEC) \u2013 \u00e9 uma associa\u00e7\u00e3o civil de direito privado, sem fins lucrativos, com dura\u00e7\u00e3o indeterminada, de representa\u00e7\u00e3o dos respons\u00e1veis nas universidades, institutos de pesquisa, institui\u00e7\u00f5es gestoras de inova\u00e7\u00e3o e pessoas f\u00edsicas &#8211; pelo gerenciamento das pol\u00edticas de inova\u00e7\u00e3o e das atividades relacionadas \u00e0 propriedade intelectual e \u00e0 transfer\u00eancia de tecnologia, incluindo-se, neste conceito, os n\u00facleos de inova\u00e7\u00e3o tecnol\u00f3gica (NIT), ag\u00eancias, escrit\u00f3rios e cong\u00eaneres\u201d.<\/p>\n<p>Criado em 2006, dentre os principais objetivos do \u00f3rg\u00e3o, <strong>podemos citar resumidamente<\/strong>: a dissemina\u00e7\u00e3o da cultura da inova\u00e7\u00e3o, da propriedade intelectual e da transfer\u00eancia de tecnologia; o papel de potencializar e difundir as entidades de Ci\u00eancia, Tecnologia e Inova\u00e7\u00e3o (ECTI); o aux\u00edlio na cria\u00e7\u00e3o e na institucionaliza\u00e7\u00e3o dos N\u00facleos de Inova\u00e7\u00e3o Tecnol\u00f3gica (NIT) e de outras Inst\u00e2ncias Gestoras de Inova\u00e7\u00e3o (IGI); o est\u00edmulo da capacita\u00e7\u00e3o profissional dos que atuam nos NIT e nas IGI; o estabelecimento, a promo\u00e7\u00e3o e \u00a0difus\u00e3o de melhores pr\u00e1ticas para os NIT e para as IGI; o incentivo \u00e0 pesquisa, ao desenvolvimento cient\u00edfico e tecnol\u00f3gico, \u00e0 inova\u00e7\u00e3o, \u00e0 propriedade intelectual e transfer\u00eancia de tecnologia, no \u00e2mbito nacional, estadual e municipal.<\/p>\n<p>O <strong>XVIII Encontro Nacional FORTEC<\/strong> contou com nomes como, Gesil Sampaio Amarante II (Presidente do FORTEC); Ana Torkomian (Vice-Presidente do FORTEC); Newton Frateschi, (<strong>Coordenador do evento<\/strong>), Conselheiro do Fortec, Professor Titular do Instituto de F\u00edsica Gleb Wataghin (Unicamp) e Vice-Presidente do Conselho Municipal de Ci\u00eancia, Tecnologia e Inova\u00e7\u00e3o de Campinas; Thorsten Kliewe, especialista global em inova\u00e7\u00e3o e empreendedorismo, Professor na Universidade de Ci\u00eancias Aplicadas de M\u00fcnster (Alemanha); Carlos Am\u00e9rico Pacheco, diretor da FAPESP; Leopoldo Muraro, consultor jur\u00eddico do MCTI; Ricardo Galv\u00e3o, Presidente do CNPQ; Denise Pires de Carvalho, Presidente da CAPES; Carlos Arag\u00e3o e Elias Ramos de Souza, diretores da FINEP; Eduardo Gurgel do Amaral, Presidente do F\u00f3rum de Inova\u00e7\u00e3o e Sustentabilidade Campinas (FISC), entre outras personalidades de destaque.<\/p>\n<p>Os debates e palestras giraram em torno dos seguintes temas: O Futuro da Inova\u00e7\u00e3o Aberta e dos NIT (N\u00facleo de Inova\u00e7\u00e3o e Tecnologia); Estrat\u00e9gias e Gest\u00e3o da Propriedade Intelectual e da Transfer\u00eancia de Tecnologia; o Empreendedorismo nas ICT (Institui\u00e7\u00f5es de Ci\u00eancia e Tecnologia); o Fortalecimento das A\u00e7\u00f5es dos NIT atrav\u00e9s do Marketing e da Comunica\u00e7\u00e3o; os Desafios da Inova\u00e7\u00e3o na Am\u00e9rica Latina; os Ecossistemas de Inova\u00e7\u00e3o de Campinas; 20 anos da Lei de Inova\u00e7\u00e3o (<strong>Palestra Magna<\/strong>); ICTs Sustent\u00e1veis e Fontes de Fomento para suas Alavancagens; sobre as\u00a0 Pol\u00edticas P\u00fablicas e a Promo\u00e7\u00e3o da Inova\u00e7\u00e3o.<\/p>\n<p>Para o <strong>Reitor da PUC Campinas<\/strong>, <strong>Prof. Dr. Germano Rigacci J\u00fanior<\/strong>, \u201cO objetivo do Encontro \u00e9 olhar para o futuro, o que \u00e9 crucial para obtermos uma vis\u00e3o integral da realidade brasileira e das decis\u00f5es de inova\u00e7\u00e3o tomadas por todos os agentes envolvidos. O Mescla, da PUC, \u00e9 um programa criado para impulsionar a inova\u00e7\u00e3o e o empreendedorismo, que apoia <em>startups<\/em> por meio de programas de acelera\u00e7\u00e3o, atuando de forma colaborativa no desenvolvimento de solu\u00e7\u00f5es tecnol\u00f3gicas e inovadoras. E ainda temos o AIoTLab Brasil, nosso laborat\u00f3rio que une academia e mercado, com foco na coopera\u00e7\u00e3o, para a busca de respostas \u00e0s dores e solu\u00e7\u00f5es pr\u00e1ticas transformadoras\u201d.<\/p>\n<p>Para a <strong>Diretora de Inova\u00e7\u00e3o do Mescla. Dra. Diane Teo de Moraes<\/strong> (que participou do painel &#8211; <em>Troca de Experi\u00eancias II: Empreendedorismo nas ICT: Catalisando o desenvolvimento e a inova\u00e7\u00e3o em ambientes diversos<\/em>), \u201cN\u00f3s conseguimos, durante esses tr\u00eas dias de evento, discutir os principais desafios\u00a0 para que assim a gente consiga, cada vez mais, nos desenvolver como uma ICT. A PUC Campinas vem se colocando nesse ecossistema de inova\u00e7\u00e3o e o evento permitiu que a universidade se posicionasse\u00a0 como um novo ator nesse ambiente\u201d.<\/p>\n<p>De acordo com <strong>Gesil Amarante, Presidente do FORTEC<\/strong>, \u201cN\u00f3s conseguimos trazer um conjunto relevante de atores que tem algo para dizer, tanto em rela\u00e7\u00e3o \u00e0s partes boas quanto aos problemas que temos no Sistema Nacional de Ci\u00eancia, Tecnologia e Inova\u00e7\u00e3o. Tivemos uma participa\u00e7\u00e3o muito boa da comunidade do FORTEC e de outros atores que est\u00e3o sempre pr\u00f3ximos de n\u00f3s. Fomos muito bem recebidos pela PUC Campinas. A estrutura \u00e9 fant\u00e1stica e temos tido acesso ao ecossistema de Campinas, que o Brasil todo deveria copiar, claro, adaptando \u00e0s suas realidades\u201d.<\/p>\n<p><strong>Ana Torkomian, Vice-Presidente do FORTEC <\/strong>(e nova presidente eleita), ressaltou a estrutura da universidade, que considerou muito boa, os debates muito ricos, os participantes trazendo abordagens diversas e muita reflex\u00e3o para uma plateia lotada: \u201cO <strong>XVII Encontro Nacional do FORTEC<\/strong> <strong>foi de extrema import\u00e2ncia para uma avalia\u00e7\u00e3o do que foi realizado nesse per\u00edodo de 20 anos p\u00f3s Lei da Inova\u00e7\u00e3o de 2024,<\/strong> bem como dos desafios por serem ainda transpostos. Em particular, no que diz respeito aos N\u00facleos de Inova\u00e7\u00e3o Tecnol\u00f3gica (NIT), cuja cria\u00e7\u00e3o nas Institui\u00e7\u00f5es Cient\u00edficas, Tecnol\u00f3gicas e de Inova\u00e7\u00e3o (ICT) foi determinada pela referida Lei, embora tenham sido apresentados casos de sucesso tanto no que diz respeito \u00e0s suas atividades fins (transfer\u00eancia de conhecimento e tecnologia) quanto nas atividades meio (comunica\u00e7\u00e3o, por exemplo), ainda se observam diferentes graus de maturidade considerando o territ\u00f3rio nacional. A Pesquisa FORTEC de Inova\u00e7\u00e3o, que em 2023 levantou dados de 130 NIT, representando 146 ICT mostra que embora a maioria dos NIT respondentes, 128 (98,5%), tenha informado que est\u00e3o implementados, menos da metade relatou contratos de licenciamento vigentes em 2023. Especificamente, 47 NIT (36,2% dos respondentes) informaram ter um total de 1.030 contratos ativos. A implementa\u00e7\u00e3o de pol\u00edticas de inova\u00e7\u00e3o pelas ICT tamb\u00e9m n\u00e3o est\u00e1 completamente superada. Isso mostra a necessidade de esfor\u00e7os de capacita\u00e7\u00e3o dos NIT e de alian\u00e7as com parceiros estrat\u00e9gicos para a promo\u00e7\u00e3o da inova\u00e7\u00e3o no pa\u00eds. Os casos de sucesso no licenciamento de tecnologias e cria\u00e7\u00e3o de spin-offs indicam que estamos na dire\u00e7\u00e3o certa\u201d.<\/p>\n<p>Para o<strong> Coordenador do evento, Newton Frateschi<\/strong>, \u201cA Lei de Inova\u00e7\u00e3o ajudou a criar um arcabou\u00e7o jur\u00eddico, que auxilia os NIT a desenvolverem os seus projetos. Foi muito importante o evento ter acontecido em Campinas, pois insere o munic\u00edpio no \u201cmapa\u201d do Brasil, no quesito inova\u00e7\u00e3o. H\u00e1 15 anos, o 3\u00ba evento do FORTEC tamb\u00e9m aconteceu em Campinas, fomentado pela Inova, da Unicamp, uma das primeiras institui\u00e7\u00f5es a ter um n\u00facleo de inova\u00e7\u00e3o tecnol\u00f3gica estruturado no pa\u00eds. E que continua sendo uma refer\u00eancia. Gestores do Brasil inteiro puderam conhecer a infraestrutura da PUC Campinas, visitar outras institui\u00e7\u00f5es do ecossistema de Campinas, os projetos que essas diversas institui\u00e7\u00f5es desenvolvem, e assim debater de que forma os NIT podem impulsionar as empresas para serem empreendedoras de fato, gerando impacto socioecon\u00f4mico\u201d.<\/p>\n<p>A <strong>Palestra Magna <\/strong>foi realizada por <strong>Carlos Am\u00e9rico Pacheco, <\/strong>Diretor-presidente do Conselho T\u00e9cnico-Administrativo (CTA) da Funda\u00e7\u00e3o Amparo \u00e0 Pesquisa do Estado de S\u00e3o Paulo <strong>(FAPESP), Leopoldo Muraro, <\/strong>Consultor Jur\u00eddico do MCTI, <strong>Ricardo Galv\u00e3o<\/strong>, Presidente do CNPq, <strong>Rafael Fassio<\/strong>, Procurador do Estado, PGE-S\u00e3o Paulo. A apresenta\u00e7\u00e3o celebrou os 20 anos da Lei de Inova\u00e7\u00e3o, explorando suas contribui\u00e7\u00f5es para a ci\u00eancia, a tecnologia e a ind\u00fastria no Brasil, oferecendo uma an\u00e1lise completa sobre os efeitos da lei, incluindo suas limita\u00e7\u00f5es e os caminhos poss\u00edveis para o futuro.<\/p>\n<p>Em depoimento enviado aos participantes do evento, o <strong>Professor Fernando Peregrino, Chefe de Gabinete da Finep<\/strong>, disse que, \u00a0\u201cO Encontro ocorre numa fase importante do nosso pa\u00eds, de implementa\u00e7\u00e3o da nova ind\u00fastria brasileira, um programa que certamente acionar\u00e1, cada vez mais, as universidades, os centros produtores de conhecimento, as ICTs, e porque n\u00e3o dizer, aqueles elos de liga\u00e7\u00e3o entre essas institui\u00e7\u00f5es e as empresas consumidoras e usu\u00e1rios de novos conhecimentos. Portanto, \u00e9 um momento importante, e eu gostaria de dizer que, a Finep mant\u00e9m o seu compromisso de apoiar iniciativas como essa, n\u00e3o s\u00f3 agora, como tamb\u00e9m no futuro. Muito obrigada a todos, boa sorte e que seja iluminado esse encontro\u201d.<\/p>\n<p>O <strong>Diretor de Inova\u00e7\u00e3o da FINEP, Elias Ramos de Souza<\/strong>, apresentou o papel estrat\u00e9gico da Finep, que busca fortalecer a colabora\u00e7\u00e3o entre Institui\u00e7\u00f5es de Ci\u00eancia e Tecnologia (ICTs) e o setor empresarial. \u201cA Finep e o Minist\u00e9rio da Ci\u00eancia, Tecnologia e Inova\u00e7\u00e3o (MCTI) t\u00eam priorizado a parceria ICT-Empresa, incentivando a participa\u00e7\u00e3o das ICTs em projetos de pesquisa e desenvolvimento com empresas, uma colabora\u00e7\u00e3o que se tornou crit\u00e9rio obrigat\u00f3rio em editais de subven\u00e7\u00e3o econ\u00f4mica\u201d, explicou Souza. Ele destacou que o n\u00famero de ICTs envolvidas em projetos da Finep cresceu de 73 em 2022 para 96 em 2023, demonstrando o sucesso dos incentivos.<\/p>\n<p>Representando a <strong>FUNCAMP, (Funda\u00e7\u00e3o de Desenvolvimento da UNICAMP)<\/strong>, estiveram presentes Amauri Ferreira Martins Jr., Analista de Conv\u00eanios, e Marcela Santaniello, Supervisora Administrativa. Pela Inova Unicamp, participaram Marina da Silva, Gerente de Inova\u00e7\u00e3o e Administra\u00e7\u00e3o, Iara Ferreira, Coordenadora de Neg\u00f3cios e Inova\u00e7\u00e3o, e o Prof. Dr. Renato Lopes, Diretor-Executivo. Uma oportunidade para o fortalecimento de conex\u00f5es entre os NIT da regi\u00e3o e os demais atores do setor, facilitando a busca por parcerias que impulsionam o desenvolvimento da tecnologia brasileira.<\/p>\n<p>O <strong>Instituto Nacional de Pesquisas da Amaz\u00f4nia (INPA\/MCTI<\/strong>) tamb\u00e9m participou do evento. Para os representantes do INPA, uma institui\u00e7\u00e3o p\u00fablica, foi importante estar presente para debater as assimetrias dos NIT das diferentes regi\u00f5es brasileiras, o alcance da sua miss\u00e3o de promover a inova\u00e7\u00e3o, e assim contribuir com o desenvolvimento socioecon\u00f4mico local. Na visita ao CNPEM (institui\u00e7\u00e3o cient\u00edfica de ponta, aberta e multidisciplinar, focada em \u00e1reas estrat\u00e9gicas como nanotecnologia, biotecnologia, biorrenov\u00e1veis e instrumenta\u00e7\u00e3o cient\u00edfica), tiveram a oportunidade de conhecer o Sirius e o projeto \u00d3rion.<\/p>\n<p>O <strong>Sebrae-SP<\/strong> participou do evento com o painel \u201cPotencializando as Startups de Base Tecnol\u00f3gica\u2019. De acordo com <strong>Nilcio Freitas<\/strong>, gerente regional do Sebrae-SP em Campinas, o evento foi uma excelente oportunidade para que os participantes refletissem sobre as <em>deep techs<\/em>. Para ele, falar sobre o tema \u00e9 fundamental, para que assim possam esclarecer o que de fato \u00e9 uma <em>deep tech<\/em>, e sua import\u00e2ncia para a gera\u00e7\u00e3o de empregos, renda e para o fortalecimento da economia. No painel do Sebrae-SP participaram Aldo Batista, consultor de neg\u00f3cios, Roberta Sodr\u00e9, gestora estadual do Programa IncubadoraSP, al\u00e9m de Mariana Zanatta Inglez, Coordenadora de Ambientes de Inova\u00e7\u00e3o e Empreendedorismo da Inova Unicamp.<\/p>\n<p><strong>Visitas e Cursos<\/strong><\/p>\n<p>Al\u00e9m das palestras, no dia 5 de novembro ocorreram visitas a alguns dos principais institutos de pesquisa de Campinas: <strong>Instituto de Pesquisas Eldorado, Inova Unicamp <\/strong>(onde participantes puderam visitar os espa\u00e7os do N\u00facleo de Gest\u00e3o de Projetos da Funcamp e a Luni, loja dos produtos oficiais da Unicamp);<strong> CNPEM <\/strong>(Centro Nacional de Pesquisa em Energia e Materiais)<strong>, IAC <\/strong>(Instituto Agron\u00f4mico de Campinas)<strong>, CPQD <\/strong>(Centro de Pesquisa e Desenvolvimento em Telecomunica\u00e7\u00f5es) e ITAL (Instituto de Tecnologia de Alimentos).<\/p>\n<p>No m\u00eas de outubro, antes do evento, foram oferecidos 4 minicursos, formato online: <strong>1) Modelos de Atua\u00e7\u00e3o em Inova\u00e7\u00e3o Aberta no Agrifoodtech: novas oportunidades<\/strong> (Coordena\u00e7\u00e3o de Lilian Anefalos do IAC e Gisele Anne de Camargo, do ITAL; <strong>2) Aspectos t\u00e9cnicos, jur\u00eddicos e comerciais em Parcerias em Deep Tech <\/strong>(Coordena\u00e7\u00e3o de Juliana Crepaldi, Diretora do Fortec e outros; <strong>3) AI_Strategy: Como construir a sua jornada de ado\u00e7\u00e3o de IA \u2013 Intelig\u00eancia Artificial <\/strong>(Coordena\u00e7\u00e3o: Samir Karam e Leonardo Trist\u00e3o)<strong>; 4) Oficina de Transfer\u00eancia de Tecnologia <\/strong>(Coordena\u00e7\u00e3o de Iara Ferreira).<\/p>\n<p>Em outra comunica\u00e7\u00e3o, que aconteceu em abril de 2024, o Professor Gesil Amarante comentou: \u201cDe acordo com a Lei de 2004, inova\u00e7\u00e3o \u00e9 a introdu\u00e7\u00e3o de novidade ou aperfei\u00e7oamento no ambiente produtivo e social, em novos produtos, servi\u00e7os e processos <strong>ou<\/strong> que compreenda a agrega\u00e7\u00e3o de novas funcionalidades\/caracter\u00edsticas em produtos, servi\u00e7os e processos <strong>j\u00e1 existentes, <\/strong>e que resultam em melhorias efetivas em ganho de qualidade ou desempenho. Dessa forma, para Gesil, que tamb\u00e9m \u00e9 professor da Universidade Estadual de Santa Cruz, BA, cria\u00e7\u00e3o \u00e9 diferente de inova\u00e7\u00e3o. Para o docente<strong>, quanto maior for a coopera\u00e7\u00e3o e intera\u00e7\u00e3o entre os entes p\u00fablicos, entre os setores p\u00fablico e privado e entre empresas, maior \u00e9 a possiblidade de uma economia ser cada vez mais inovadora e sustent\u00e1vel<\/strong>.<\/p>\n<p><strong>Links<\/strong><\/p>\n<p>\u201cXVIII Encontro Nacional FORTEC conclui com sucesso jornada na PUC-Campinas\u201d. Jornal Correio Popular. Campinas, 10 de novembro de 2024. (Vers\u00e3o Impressa).<\/p>\n<p>Programa\u00e7\u00e3o: <a href=\"https:\/\/doity.com.br\/encontro-fortec-2024\" target=\"_blank\" rel=\"noopener\">https:\/\/doity.com.br\/encontro-fortec-2024<\/a><\/p>\n<p><a href=\"https:\/\/namidia.fapesp.br\/xviii-encontro-nacional-fortec-conclui-com-sucesso-jornada-na-puc-campinas\/555634\" target=\"_blank\" rel=\"noopener\">https:\/\/namidia.fapesp.br\/x viii-encontro-nacional-fortec -conclui-com-sucesso-jornada -na-puc-campinas\/555634<\/a><\/p>\n<p><a href=\"https:\/\/www.youtube.com\/watch?v=EkSV07qoGrk\" target=\"_blank\" rel=\"noopener\">https:\/\/www.youtube.com\/watch?v=EkSV07qoGrk<\/a> &#8211; <strong>Gesil Amarante (No\u00e7\u00f5es Gerais de Inova\u00e7\u00e3o &#8211; 19 de abr. de 2024).<\/strong><\/p>\n","protected":false},"excerpt":{"rendered":"<p>No XVIII Encontro Nacional FORTEC diversos atores importantes do ecossistema de inova\u00e7\u00e3o, discutiram temas variados sobre a Lei de Inova\u00e7\u00e3o Brasileira que completou 20 anos<\/p>\n","protected":false},"featured_media":1080,"parent":0,"template":"","class_list":["post-1081","blog","type-blog","status-publish","has-post-thumbnail","hentry"],"acf":[],"yoast_head":"<!-- This site is optimized with the Yoast SEO plugin v27.4 - https:\/\/yoast.com\/product\/yoast-seo-wordpress\/ -->\n<title>XVIII Encontro Nacional FORTEC em Campinas \u2013 20 Anos da Lei de Inova\u00e7\u00e3o e os avan\u00e7os rumo ao Futuro - Interdepend\u00eancia<\/title>\n<meta name=\"description\" content=\"No XVIII Encontro Nacional FORTEC diversos atores importantes do ecossistema de inova\u00e7\u00e3o, discutiram temas variados sobre a Lei de Inova\u00e7\u00e3o Brasileira que completou 20 anos\" \/>\n<meta name=\"robots\" content=\"index, follow, max-snippet:-1, max-image-preview:large, max-video-preview:-1\" \/>\n<link rel=\"canonical\" href=\"https:\/\/www.forumcampinas.org.br\/interdependencia\/blog\/xviii-encontro-nacional-fortec-em-campinas-20-anos-da-lei-de-inovacao-e-os-avancos-rumo-ao-futuro\/\" \/>\n<meta property=\"og:locale\" content=\"pt_BR\" \/>\n<meta property=\"og:type\" content=\"article\" \/>\n<meta property=\"og:title\" content=\"XVIII Encontro Nacional FORTEC em Campinas \u2013 20 Anos da Lei de Inova\u00e7\u00e3o e os avan\u00e7os rumo ao Futuro - Interdepend\u00eancia\" \/>\n<meta property=\"og:description\" content=\"No XVIII Encontro Nacional FORTEC diversos atores importantes do ecossistema de inova\u00e7\u00e3o, discutiram temas variados sobre a Lei de Inova\u00e7\u00e3o Brasileira que completou 20 anos\" \/>\n<meta property=\"og:url\" content=\"https:\/\/www.forumcampinas.org.br\/interdependencia\/blog\/xviii-encontro-nacional-fortec-em-campinas-20-anos-da-lei-de-inovacao-e-os-avancos-rumo-ao-futuro\/\" \/>\n<meta property=\"og:site_name\" content=\"Interdepend\u00eancia\" \/>\n<meta property=\"article:modified_time\" content=\"2024-11-21T15:44:16+00:00\" \/>\n<meta property=\"og:image\" content=\"https:\/\/www.forumcampinas.org.br\/interdependencia\/wp-content\/uploads\/2024\/11\/FORTEC.jpg\" \/>\n\t<meta property=\"og:image:width\" content=\"1000\" \/>\n\t<meta property=\"og:image:height\" content=\"553\" \/>\n\t<meta property=\"og:image:type\" content=\"image\/jpeg\" \/>\n<meta name=\"twitter:card\" content=\"summary_large_image\" \/>\n<meta name=\"twitter:label1\" content=\"Est. tempo de leitura\" \/>\n\t<meta name=\"twitter:data1\" content=\"12 minutos\" \/>\n<script type=\"application\/ld+json\" class=\"yoast-schema-graph\">{\"@context\":\"https:\\\/\\\/schema.org\",\"@graph\":[{\"@type\":\"WebPage\",\"@id\":\"https:\\\/\\\/www.forumcampinas.org.br\\\/interdependencia\\\/blog\\\/xviii-encontro-nacional-fortec-em-campinas-20-anos-da-lei-de-inovacao-e-os-avancos-rumo-ao-futuro\\\/\",\"url\":\"https:\\\/\\\/www.forumcampinas.org.br\\\/interdependencia\\\/blog\\\/xviii-encontro-nacional-fortec-em-campinas-20-anos-da-lei-de-inovacao-e-os-avancos-rumo-ao-futuro\\\/\",\"name\":\"XVIII Encontro Nacional FORTEC em Campinas \u2013 20 Anos da Lei de Inova\u00e7\u00e3o e os avan\u00e7os rumo ao Futuro - Interdepend\u00eancia\",\"isPartOf\":{\"@id\":\"https:\\\/\\\/www.forumcampinas.org.br\\\/interdependencia\\\/#website\"},\"primaryImageOfPage\":{\"@id\":\"https:\\\/\\\/www.forumcampinas.org.br\\\/interdependencia\\\/blog\\\/xviii-encontro-nacional-fortec-em-campinas-20-anos-da-lei-de-inovacao-e-os-avancos-rumo-ao-futuro\\\/#primaryimage\"},\"image\":{\"@id\":\"https:\\\/\\\/www.forumcampinas.org.br\\\/interdependencia\\\/blog\\\/xviii-encontro-nacional-fortec-em-campinas-20-anos-da-lei-de-inovacao-e-os-avancos-rumo-ao-futuro\\\/#primaryimage\"},\"thumbnailUrl\":\"https:\\\/\\\/www.forumcampinas.org.br\\\/interdependencia\\\/wp-content\\\/uploads\\\/2024\\\/11\\\/FORTEC.jpg\",\"datePublished\":\"2024-11-21T14:54:41+00:00\",\"dateModified\":\"2024-11-21T15:44:16+00:00\",\"description\":\"No XVIII Encontro Nacional FORTEC diversos atores importantes do ecossistema de inova\u00e7\u00e3o, discutiram temas variados sobre a Lei de Inova\u00e7\u00e3o Brasileira que completou 20 anos\",\"breadcrumb\":{\"@id\":\"https:\\\/\\\/www.forumcampinas.org.br\\\/interdependencia\\\/blog\\\/xviii-encontro-nacional-fortec-em-campinas-20-anos-da-lei-de-inovacao-e-os-avancos-rumo-ao-futuro\\\/#breadcrumb\"},\"inLanguage\":\"pt-BR\",\"potentialAction\":[{\"@type\":\"ReadAction\",\"target\":[\"https:\\\/\\\/www.forumcampinas.org.br\\\/interdependencia\\\/blog\\\/xviii-encontro-nacional-fortec-em-campinas-20-anos-da-lei-de-inovacao-e-os-avancos-rumo-ao-futuro\\\/\"]}]},{\"@type\":\"ImageObject\",\"inLanguage\":\"pt-BR\",\"@id\":\"https:\\\/\\\/www.forumcampinas.org.br\\\/interdependencia\\\/blog\\\/xviii-encontro-nacional-fortec-em-campinas-20-anos-da-lei-de-inovacao-e-os-avancos-rumo-ao-futuro\\\/#primaryimage\",\"url\":\"https:\\\/\\\/www.forumcampinas.org.br\\\/interdependencia\\\/wp-content\\\/uploads\\\/2024\\\/11\\\/FORTEC.jpg\",\"contentUrl\":\"https:\\\/\\\/www.forumcampinas.org.br\\\/interdependencia\\\/wp-content\\\/uploads\\\/2024\\\/11\\\/FORTEC.jpg\",\"width\":1000,\"height\":553,\"caption\":\"Foto: PUC-Campinas\"},{\"@type\":\"BreadcrumbList\",\"@id\":\"https:\\\/\\\/www.forumcampinas.org.br\\\/interdependencia\\\/blog\\\/xviii-encontro-nacional-fortec-em-campinas-20-anos-da-lei-de-inovacao-e-os-avancos-rumo-ao-futuro\\\/#breadcrumb\",\"itemListElement\":[{\"@type\":\"ListItem\",\"position\":1,\"name\":\"In\u00edcio\",\"item\":\"https:\\\/\\\/www.forumcampinas.org.br\\\/interdependencia\\\/\"},{\"@type\":\"ListItem\",\"position\":2,\"name\":\"Blog\",\"item\":\"https:\\\/\\\/www.forumcampinas.org.br\\\/interdependencia\\\/blog\\\/\"},{\"@type\":\"ListItem\",\"position\":3,\"name\":\"XVIII Encontro Nacional FORTEC em Campinas \u2013 20 Anos da Lei de Inova\u00e7\u00e3o e os avan\u00e7os rumo ao Futuro\"}]},{\"@type\":\"WebSite\",\"@id\":\"https:\\\/\\\/www.forumcampinas.org.br\\\/interdependencia\\\/#website\",\"url\":\"https:\\\/\\\/www.forumcampinas.org.br\\\/interdependencia\\\/\",\"name\":\"Interdepend\u00eancia\",\"description\":\"Ci\u00eancia, Tecnologia e Inova\u00e7\u00e3o e a Regi\u00e3o de Campinas\",\"publisher\":{\"@id\":\"https:\\\/\\\/www.forumcampinas.org.br\\\/interdependencia\\\/#organization\"},\"potentialAction\":[{\"@type\":\"SearchAction\",\"target\":{\"@type\":\"EntryPoint\",\"urlTemplate\":\"https:\\\/\\\/www.forumcampinas.org.br\\\/interdependencia\\\/?s={search_term_string}\"},\"query-input\":{\"@type\":\"PropertyValueSpecification\",\"valueRequired\":true,\"valueName\":\"search_term_string\"}}],\"inLanguage\":\"pt-BR\"},{\"@type\":\"Organization\",\"@id\":\"https:\\\/\\\/www.forumcampinas.org.br\\\/interdependencia\\\/#organization\",\"name\":\"Interdepend\u00eancia\",\"url\":\"https:\\\/\\\/www.forumcampinas.org.br\\\/interdependencia\\\/\",\"logo\":{\"@type\":\"ImageObject\",\"inLanguage\":\"pt-BR\",\"@id\":\"https:\\\/\\\/www.forumcampinas.org.br\\\/interdependencia\\\/#\\\/schema\\\/logo\\\/image\\\/\",\"url\":\"https:\\\/\\\/www.forumcampinas.org.br\\\/interdependencia\\\/wp-content\\\/uploads\\\/2023\\\/11\\\/interdependencia.png\",\"contentUrl\":\"https:\\\/\\\/www.forumcampinas.org.br\\\/interdependencia\\\/wp-content\\\/uploads\\\/2023\\\/11\\\/interdependencia.png\",\"width\":757,\"height\":195,\"caption\":\"Interdepend\u00eancia\"},\"image\":{\"@id\":\"https:\\\/\\\/www.forumcampinas.org.br\\\/interdependencia\\\/#\\\/schema\\\/logo\\\/image\\\/\"}}]}<\/script>\n<!-- \/ Yoast SEO plugin. -->","yoast_head_json":{"title":"XVIII Encontro Nacional FORTEC em Campinas \u2013 20 Anos da Lei de Inova\u00e7\u00e3o e os avan\u00e7os rumo ao Futuro - Interdepend\u00eancia","description":"No XVIII Encontro Nacional FORTEC diversos atores importantes do ecossistema de inova\u00e7\u00e3o, discutiram temas variados sobre a Lei de Inova\u00e7\u00e3o Brasileira que completou 20 anos","robots":{"index":"index","follow":"follow","max-snippet":"max-snippet:-1","max-image-preview":"max-image-preview:large","max-video-preview":"max-video-preview:-1"},"canonical":"https:\/\/www.forumcampinas.org.br\/interdependencia\/blog\/xviii-encontro-nacional-fortec-em-campinas-20-anos-da-lei-de-inovacao-e-os-avancos-rumo-ao-futuro\/","og_locale":"pt_BR","og_type":"article","og_title":"XVIII Encontro Nacional FORTEC em Campinas \u2013 20 Anos da Lei de Inova\u00e7\u00e3o e os avan\u00e7os rumo ao Futuro - Interdepend\u00eancia","og_description":"No XVIII Encontro Nacional FORTEC diversos atores importantes do ecossistema de inova\u00e7\u00e3o, discutiram temas variados sobre a Lei de Inova\u00e7\u00e3o Brasileira que completou 20 anos","og_url":"https:\/\/www.forumcampinas.org.br\/interdependencia\/blog\/xviii-encontro-nacional-fortec-em-campinas-20-anos-da-lei-de-inovacao-e-os-avancos-rumo-ao-futuro\/","og_site_name":"Interdepend\u00eancia","article_modified_time":"2024-11-21T15:44:16+00:00","og_image":[{"width":1000,"height":553,"url":"https:\/\/www.forumcampinas.org.br\/interdependencia\/wp-content\/uploads\/2024\/11\/FORTEC.jpg","type":"image\/jpeg"}],"twitter_card":"summary_large_image","twitter_misc":{"Est. tempo de leitura":"12 minutos"},"schema":{"@context":"https:\/\/schema.org","@graph":[{"@type":"WebPage","@id":"https:\/\/www.forumcampinas.org.br\/interdependencia\/blog\/xviii-encontro-nacional-fortec-em-campinas-20-anos-da-lei-de-inovacao-e-os-avancos-rumo-ao-futuro\/","url":"https:\/\/www.forumcampinas.org.br\/interdependencia\/blog\/xviii-encontro-nacional-fortec-em-campinas-20-anos-da-lei-de-inovacao-e-os-avancos-rumo-ao-futuro\/","name":"XVIII Encontro Nacional FORTEC em Campinas \u2013 20 Anos da Lei de Inova\u00e7\u00e3o e os avan\u00e7os rumo ao Futuro - Interdepend\u00eancia","isPartOf":{"@id":"https:\/\/www.forumcampinas.org.br\/interdependencia\/#website"},"primaryImageOfPage":{"@id":"https:\/\/www.forumcampinas.org.br\/interdependencia\/blog\/xviii-encontro-nacional-fortec-em-campinas-20-anos-da-lei-de-inovacao-e-os-avancos-rumo-ao-futuro\/#primaryimage"},"image":{"@id":"https:\/\/www.forumcampinas.org.br\/interdependencia\/blog\/xviii-encontro-nacional-fortec-em-campinas-20-anos-da-lei-de-inovacao-e-os-avancos-rumo-ao-futuro\/#primaryimage"},"thumbnailUrl":"https:\/\/www.forumcampinas.org.br\/interdependencia\/wp-content\/uploads\/2024\/11\/FORTEC.jpg","datePublished":"2024-11-21T14:54:41+00:00","dateModified":"2024-11-21T15:44:16+00:00","description":"No XVIII Encontro Nacional FORTEC diversos atores importantes do ecossistema de inova\u00e7\u00e3o, discutiram temas variados sobre a Lei de Inova\u00e7\u00e3o Brasileira que completou 20 anos","breadcrumb":{"@id":"https:\/\/www.forumcampinas.org.br\/interdependencia\/blog\/xviii-encontro-nacional-fortec-em-campinas-20-anos-da-lei-de-inovacao-e-os-avancos-rumo-ao-futuro\/#breadcrumb"},"inLanguage":"pt-BR","potentialAction":[{"@type":"ReadAction","target":["https:\/\/www.forumcampinas.org.br\/interdependencia\/blog\/xviii-encontro-nacional-fortec-em-campinas-20-anos-da-lei-de-inovacao-e-os-avancos-rumo-ao-futuro\/"]}]},{"@type":"ImageObject","inLanguage":"pt-BR","@id":"https:\/\/www.forumcampinas.org.br\/interdependencia\/blog\/xviii-encontro-nacional-fortec-em-campinas-20-anos-da-lei-de-inovacao-e-os-avancos-rumo-ao-futuro\/#primaryimage","url":"https:\/\/www.forumcampinas.org.br\/interdependencia\/wp-content\/uploads\/2024\/11\/FORTEC.jpg","contentUrl":"https:\/\/www.forumcampinas.org.br\/interdependencia\/wp-content\/uploads\/2024\/11\/FORTEC.jpg","width":1000,"height":553,"caption":"Foto: PUC-Campinas"},{"@type":"BreadcrumbList","@id":"https:\/\/www.forumcampinas.org.br\/interdependencia\/blog\/xviii-encontro-nacional-fortec-em-campinas-20-anos-da-lei-de-inovacao-e-os-avancos-rumo-ao-futuro\/#breadcrumb","itemListElement":[{"@type":"ListItem","position":1,"name":"In\u00edcio","item":"https:\/\/www.forumcampinas.org.br\/interdependencia\/"},{"@type":"ListItem","position":2,"name":"Blog","item":"https:\/\/www.forumcampinas.org.br\/interdependencia\/blog\/"},{"@type":"ListItem","position":3,"name":"XVIII Encontro Nacional FORTEC em Campinas \u2013 20 Anos da Lei de Inova\u00e7\u00e3o e os avan\u00e7os rumo ao Futuro"}]},{"@type":"WebSite","@id":"https:\/\/www.forumcampinas.org.br\/interdependencia\/#website","url":"https:\/\/www.forumcampinas.org.br\/interdependencia\/","name":"Interdepend\u00eancia","description":"Ci\u00eancia, Tecnologia e Inova\u00e7\u00e3o e a Regi\u00e3o de Campinas","publisher":{"@id":"https:\/\/www.forumcampinas.org.br\/interdependencia\/#organization"},"potentialAction":[{"@type":"SearchAction","target":{"@type":"EntryPoint","urlTemplate":"https:\/\/www.forumcampinas.org.br\/interdependencia\/?s={search_term_string}"},"query-input":{"@type":"PropertyValueSpecification","valueRequired":true,"valueName":"search_term_string"}}],"inLanguage":"pt-BR"},{"@type":"Organization","@id":"https:\/\/www.forumcampinas.org.br\/interdependencia\/#organization","name":"Interdepend\u00eancia","url":"https:\/\/www.forumcampinas.org.br\/interdependencia\/","logo":{"@type":"ImageObject","inLanguage":"pt-BR","@id":"https:\/\/www.forumcampinas.org.br\/interdependencia\/#\/schema\/logo\/image\/","url":"https:\/\/www.forumcampinas.org.br\/interdependencia\/wp-content\/uploads\/2023\/11\/interdependencia.png","contentUrl":"https:\/\/www.forumcampinas.org.br\/interdependencia\/wp-content\/uploads\/2023\/11\/interdependencia.png","width":757,"height":195,"caption":"Interdepend\u00eancia"},"image":{"@id":"https:\/\/www.forumcampinas.org.br\/interdependencia\/#\/schema\/logo\/image\/"}}]}},"_links":{"self":[{"href":"https:\/\/www.forumcampinas.org.br\/interdependencia\/wp-json\/wp\/v2\/blog\/1081","targetHints":{"allow":["GET"]}}],"collection":[{"href":"https:\/\/www.forumcampinas.org.br\/interdependencia\/wp-json\/wp\/v2\/blog"}],"about":[{"href":"https:\/\/www.forumcampinas.org.br\/interdependencia\/wp-json\/wp\/v2\/types\/blog"}],"wp:featuredmedia":[{"embeddable":true,"href":"https:\/\/www.forumcampinas.org.br\/interdependencia\/wp-json\/wp\/v2\/media\/1080"}],"wp:attachment":[{"href":"https:\/\/www.forumcampinas.org.br\/interdependencia\/wp-json\/wp\/v2\/media?parent=1081"}],"curies":[{"name":"wp","href":"https:\/\/api.w.org\/{rel}","templated":true}]}}