{"id":1088,"date":"2024-12-17T15:41:15","date_gmt":"2024-12-17T18:41:15","guid":{"rendered":"https:\/\/www.forumcampinas.org.br\/interdependencia\/?post_type=blog&#038;p=1088"},"modified":"2024-12-17T15:41:15","modified_gmt":"2024-12-17T18:41:15","slug":"instituicoes-de-pesquisa-de-campinas-realizam-eventos-estrategicos-para-promover-ciencia-tecnologia-e-inovacao","status":"publish","type":"blog","link":"https:\/\/www.forumcampinas.org.br\/interdependencia\/blog\/instituicoes-de-pesquisa-de-campinas-realizam-eventos-estrategicos-para-promover-ciencia-tecnologia-e-inovacao\/","title":{"rendered":"Institui\u00e7\u00f5es de Pesquisa de Campinas realizam eventos estrat\u00e9gicos para promover Ci\u00eancia, Tecnologia e Inova\u00e7\u00e3o"},"content":{"rendered":"<p>O <strong>CNPEM <\/strong>\u2013 Centro Nacional de Pesquisa em Energia e Materiais, sediou em novembro um encontro em parceria com o MCTI \u2013 Minist\u00e9rio da Ci\u00eancia, Tecnologia e Inova\u00e7\u00e3o e o CERN &#8211; Centro Europeu de Pesquisa Nuclear. O objetivo principal do evento foi apresentar oportunidades de neg\u00f3cio com o CERN \u00e0s empresas brasileiras, \u00e0s ag\u00eancias de fomento e inova\u00e7\u00e3o. Neste ano o Brasil se tornou o primeiro pa\u00eds da Am\u00e9rica Latina a integrar a institui\u00e7\u00e3o europeia, o que possibilita o fornecimento de equipamentos de alta tecnologia, itens de consumo, e que tem como consequ\u00eancia o fortalecimento da cadeia de inova\u00e7\u00e3o brasileira.<\/p>\n<figure id=\"attachment_1087\" aria-describedby=\"caption-attachment-1087\" style=\"width: 1000px\" class=\"wp-caption aligncenter\"><img loading=\"lazy\" decoding=\"async\" class=\"size-full wp-image-1087\" src=\"https:\/\/www.forumcampinas.org.br\/interdependencia\/wp-content\/uploads\/2024\/12\/dez-2024-18.jpg\" alt=\"\" width=\"1000\" height=\"553\" srcset=\"https:\/\/www.forumcampinas.org.br\/interdependencia\/wp-content\/uploads\/2024\/12\/dez-2024-18.jpg 1000w, https:\/\/www.forumcampinas.org.br\/interdependencia\/wp-content\/uploads\/2024\/12\/dez-2024-18-300x166.jpg 300w, https:\/\/www.forumcampinas.org.br\/interdependencia\/wp-content\/uploads\/2024\/12\/dez-2024-18-768x425.jpg 768w\" sizes=\"auto, (max-width: 1000px) 100vw, 1000px\" \/><figcaption id=\"caption-attachment-1087\" class=\"wp-caption-text\">Foto: Divulga\u00e7\u00e3o<\/figcaption><\/figure>\n<p>O CERN foi fundado em 1954\u00a0 e o seu laborat\u00f3rio fica na fronteira franco-su\u00ed\u00e7a, pr\u00f3ximo de Genebra. Sua principal \u00e1rea de pesquisa \u00e9 a f\u00edsica de part\u00edculas. No site encontramos a miss\u00e3o da institui\u00e7\u00e3o: <em>\u201cNo CERN, nosso trabalho ajuda a descobrir do que o universo \u00e9 feito e como ele funciona. Fazemos isso fornecendo um gama \u00fanica de instala\u00e7\u00f5es de aceleradores de part\u00edculas para pesquisadores, para avan\u00e7ar os limites do conhecimento humano\u201d. <\/em>J\u00e1 a sua conven\u00e7\u00e3o declara: <em>\u201cCi\u00eancia para a paz: a organiza\u00e7\u00e3o n\u00e3o ter\u00e1 nenhuma preocupa\u00e7\u00e3o com o trabalho para requisitos militares e os resultados de seu trabalho experimental e te\u00f3rico ser\u00e3o publicados ou de outra forma disponibilizados ao p\u00fablico em geral\u201d.<\/em><\/p>\n<p>No acordo com o CNPEM, a utiliza\u00e7\u00e3o do Sirius auxiliar\u00e1 na pesquisa de materiais para o novo acelerador de part\u00edculas do CERN (Futuro Colisor Circular), com estrutura 4 vezes maior que o LHC atual (Large Hadron Collider). Entre os maiores feitos do CERN est\u00e3o a inven\u00e7\u00e3o da World Wide Web (www), em 1989, a comprova\u00e7\u00e3o do b\u00f3son de Higgs\u00a0 a\u201d part\u00edcula de Deus\u201d e pesquisas sobre a antimat\u00e9ria. Foi somente a partir de 2010 que o CERN estendeu a possibilidade de pa\u00edses n\u00e3o-europeus se tornarem membros associados.<\/p>\n<p><strong>Pr\u00eamios, acordos e mais parcerias<\/strong>. No dia 10 de dezembro, na sede do ITAL (Instituto de Tecnologia de Alimentos), em Campinas, aconteceu o Pr\u00eamio \u201c<strong>APTA Semeador do Futuro<\/strong>\u201d. Na segunda edi\u00e7\u00e3o do evento, promovido pela Ag\u00eancia Paulista de Tecnologia dos Agroneg\u00f3cios, foram premiados servidores do Ital, do IB (Instituto Biol\u00f3gico), do IAC (Instituto Agron\u00f4mico de Campinas), e institui\u00e7\u00f5es como a FAPESP (na categoria Destaque da Ci\u00eancia e Tecnologia); e o Instituto Au\u00e1 (na categoria Destaque da Produ\u00e7\u00e3o). Os servidores premiados foram Gl\u00e1ucia Teresa Stigliano, Diretora do Centro de Atividade Administrativa do ITAL (premiada na categoria Apoio Operacional \u00e0 Pesquisa); Regina Cristina Batista Ferreira (premiada na categoria Apoio T\u00e9cnico \u00e0 Pesquisa); S\u00e9rgio Augusto Morais Carbonell (premiado na categoria Pesquisador Cient\u00edfico) e Christiane Morais (na categoria Destaque do Agroneg\u00f3cio).<\/p>\n<p><strong>Instituto Eldorado e Univesp (Universidade Virtual do Estado de S\u00e3o Paulo, mantida pelo Governo do Estado e vinculada \u00e0 Secretaria de Ci\u00eancia, Tecnologia e Inova\u00e7\u00e3o (SCTI)<\/strong>. As institui\u00e7\u00f5es firmaram termo de coopera\u00e7\u00e3o t\u00e9cnica com o \u201c<em>objetivo de estabelecer uma m\u00fatua coopera\u00e7\u00e3o que visa a capacita\u00e7\u00e3o de estudantes, por meio de a\u00e7\u00f5es na frente denominada <strong>Rede de Parcerias da Iniciativa TIC em Trilhas<\/strong>. O projeto oferece capacita\u00e7\u00f5es em diversas \u00e1reas de tecnologia e amplia oportunidades para quem pretende ingressar nessa \u00e1rea promissora, realizar transi\u00e7\u00e3o de carreira ou ampliar os conhecimentos nas principais tend\u00eancias do setor<\/em>\u201d.<\/p>\n<p>Para Roberto Soboll, Superintendente do Eldorado, \u201c<em>Nossa parceria com a Univesp \u00e9 um canal importante para expandir e alcan\u00e7ar, de forma qualificada, ainda mais estudantes para esse projeto\u201d. <\/em>J\u00e1 o Presidente da Univesp, professor Marcos Borges<em>, \u201c a parceria garantir\u00e1 que os estudantes possam fazer cursos modernos voltados \u00e0s demandas e exig\u00eancias do mercado\u201d.<\/em><\/p>\n<p>Na parceria o Instituto Eldorado disponibilizar\u00e1 15 trilhas nas seguintes carreiras: Programa\u00e7\u00e3o, Desenvolvimento Mobile, Design de Intera\u00e7\u00e3o, Dados &amp; Analiycts, IA, Desenvolvimento de Jogos, Ciberseguran\u00e7a, entre outras.<\/p>\n<p><strong>Ecossistema de Inova\u00e7\u00e3o<\/strong>. Em outubro, especialistas do <strong>CPQD<\/strong> participaram do 9\u00ba Congresso do F\u00f3rum Brasileiro de IoT \u2013 LABCIoT 2024, cujo tema foi \u201cAplica\u00e7\u00f5es de IoT na Vida Real\u201d. Um dos pain\u00e9is foi coordenado por Claudio Violato, Engenheiro Eletr\u00f4nico, Ex-Presidente do FISC (Funda\u00e7\u00e3o F\u00f3rum Campinas Inovadora), que destacou a import\u00e2ncia global dessa tecnologia e sua integra\u00e7\u00e3o em diversos setores.<\/p>\n<p>Na Prefeitura de Campinas o CPQD participou da segunda edi\u00e7\u00e3o do evento \u201c<strong>CLICK: O futuro que j\u00e1 est\u00e1 aqui<\/strong>\u201d. Promovido pela Secretaria Municipal de Desenvolvimento Econ\u00f4mico, Tecnologia e Inova\u00e7\u00e3o, teve pain\u00e9is que discutiram temas como Conectividade, Sustentabilidade, IoT no Campo, Redes Privativas na Transforma\u00e7\u00e3o Digital, Intelig\u00eancia Artificial na Potencializa\u00e7\u00e3o de Solu\u00e7\u00f5es IoT.<\/p>\n<p>Durante o ano de 2024, o CPQD recebeu alunos de universidades da Fran\u00e7a, Alemanha e Estados Unidos, com o objetivo de conhecer o <strong>Complexo Laboratorial de Conectividade e o N\u00facleo de Evolu\u00e7\u00e3o Tecnol\u00f3gica do CPQD<\/strong>. J\u00e1 estudantes de Engenharia Eletr\u00f4nica e de Telecomunica\u00e7\u00f5es da UNESP (Universidade Estadual Paulista), visitaram os laborat\u00f3rios do CPQD e conheceram seus programas de est\u00e1gios.<\/p>\n<p>Na <strong>PUC-Campinas<\/strong>, em novembro, aconteceu a 11\u00ba edi\u00e7\u00e3o do <strong>MOTIV.SE<\/strong> \u201c<strong>Mostra de Inova\u00e7\u00e3o da PUC-Campinas<\/strong>\u201d. A mostra tem por objetivo fomentar o empreendedorismo e estimular a cria\u00e7\u00e3o de neg\u00f3cios inovadores. O projeto \u00e9 uma iniciativa <strong>do Programa Mescla<\/strong> da PUC, em colabora\u00e7\u00e3o com a aceleradora <strong>Venture Hub<\/strong>, e \u00e9 aberto a toda comunidade universit\u00e1ria.<\/p>\n<p>O evento reuniu 23 equipes e um total de 100 participantes. Nesta edi\u00e7\u00e3o, o foco eram as solu\u00e7\u00f5es de sa\u00fade em parceria com a <strong>Unimed Campinas<\/strong>. A realiza\u00e7\u00e3o do evento tamb\u00e9m contou com mentores de todo o ecossistema de inova\u00e7\u00e3o da cidade. De acordo com o Reitor Germano Rigacci J\u00fanior, \u201c<em>o evento procura dar oportunidades aos estudantes de todos os cursos que tenham ideias ligadas aos desafios propostos pelo patrocinadores envolvidos<\/em>\u201d. J\u00e1 para o Gerente de Desenvolvimento de Sistemas da Unimed, Ant\u00f4nio Carlos Queiroz, que considerou a iniciativa de suma import\u00e2ncia \u201c<em>n\u00f3s conseguimos alavancar solu\u00e7\u00f5es para problemas que s\u00e3o reais. Acredito que \u00e9 s\u00f3 o primeiro de muitos eventos que devemos organizar nessa parceria<\/em>\u201d.<\/p>\n<p>No dia 10 de dezembro, cerca de 60 pesquisadores <strong>da Embrapa Agricultura<\/strong> <strong>Digital (Campinas)<\/strong> e <strong>Embrapa Meio Ambiente (Jaguari\u00fana), <\/strong>participaram de um encontro virtual para discutir sobre o AgNest \u2013 ambiente de co-cria\u00e7\u00e3o \u2013 que tem o objetivo de fortalecer o ecossistema de inova\u00e7\u00e3o e tamb\u00e9m promover o futuro da Agricultura Tropical. O projeto se destaca como um laborat\u00f3rio vivo (<strong>Farm Lab<\/strong>) para startups de tecnologia agr\u00edcola, com foco na sustentabilidade e no uso de ferramentas digitais alinhadas ao conhecimento cient\u00edfico.<\/p>\n<p>Al\u00e9m das duas unidades, participaram do evento, representantes da Supervis\u00e3o de Ecossistemas de Inova\u00e7\u00e3o da Diretoria de Inova\u00e7\u00e3o, Neg\u00f3cios e Transfer\u00eancia de Tecnologia da Embrapa, e as startups (Sensix, G\u00eanica, B4A, GeoApis e Wyld) que est\u00e3o operando no primeiro ciclo de safra da Agnest. Para Paula Packer, chefe-geral da Embrapa Meio Ambiente o Farm Lab combina co-cria\u00e7\u00e3o e conhecimento disruptivo. O AgNest em sua inteira\u00e7\u00e3o com as startups pode atuar em 8 verticais tem\u00e1ticas que se integram dentro do ambiente de experimenta\u00e7\u00e3o e testes: Intelig\u00eancia Artificial, IoT (Internet das Coisas), Rob\u00f3tica e Automa\u00e7\u00e3o, Softwares para suporte e tomada de decis\u00e3o; Sistemas de produ\u00e7\u00e3o sustent\u00e1veis; Bioinsumos; Sensoriamento remoto e Manejo integrado de pragas e doen\u00e7as.<\/p>\n<p>O AgNest integra o Corredor Paulista de Inova\u00e7\u00e3o Agropecu\u00e1ria, que abrange os munic\u00edpios de Campinas, Jaguari\u00fana, Piracicaba, S\u00e3o Carlos e Ribeir\u00e3o Preto.<\/p>\n","protected":false},"excerpt":{"rendered":"<p>Eventos realizados em dezembro para a promo\u00e7\u00e3o da Ci\u00eancia, Tecnologia e Inova\u00e7\u00e3o.<\/p>\n","protected":false},"featured_media":1087,"parent":0,"template":"","class_list":["post-1088","blog","type-blog","status-publish","has-post-thumbnail","hentry"],"acf":[],"yoast_head":"<!-- This site is optimized with the Yoast SEO plugin v27.4 - https:\/\/yoast.com\/product\/yoast-seo-wordpress\/ -->\n<title>Institui\u00e7\u00f5es de Pesquisa de Campinas realizam eventos estrat\u00e9gicos para promover Ci\u00eancia, Tecnologia e Inova\u00e7\u00e3o - Interdepend\u00eancia<\/title>\n<meta name=\"description\" content=\"Eventos realizados em dezembro para a promo\u00e7\u00e3o da Ci\u00eancia, Tecnologia e Inova\u00e7\u00e3o.\" \/>\n<meta name=\"robots\" content=\"index, follow, max-snippet:-1, max-image-preview:large, max-video-preview:-1\" \/>\n<link rel=\"canonical\" href=\"https:\/\/www.forumcampinas.org.br\/interdependencia\/blog\/instituicoes-de-pesquisa-de-campinas-realizam-eventos-estrategicos-para-promover-ciencia-tecnologia-e-inovacao\/\" \/>\n<meta property=\"og:locale\" content=\"pt_BR\" \/>\n<meta property=\"og:type\" content=\"article\" \/>\n<meta property=\"og:title\" content=\"Institui\u00e7\u00f5es de Pesquisa de Campinas realizam eventos estrat\u00e9gicos para promover Ci\u00eancia, Tecnologia e Inova\u00e7\u00e3o - Interdepend\u00eancia\" \/>\n<meta property=\"og:description\" content=\"Eventos realizados em dezembro para a promo\u00e7\u00e3o da Ci\u00eancia, Tecnologia e Inova\u00e7\u00e3o.\" \/>\n<meta property=\"og:url\" content=\"https:\/\/www.forumcampinas.org.br\/interdependencia\/blog\/instituicoes-de-pesquisa-de-campinas-realizam-eventos-estrategicos-para-promover-ciencia-tecnologia-e-inovacao\/\" \/>\n<meta property=\"og:site_name\" content=\"Interdepend\u00eancia\" \/>\n<meta property=\"og:image\" content=\"https:\/\/www.forumcampinas.org.br\/interdependencia\/wp-content\/uploads\/2024\/12\/dez-2024-18.jpg\" \/>\n\t<meta property=\"og:image:width\" content=\"1000\" \/>\n\t<meta property=\"og:image:height\" content=\"553\" \/>\n\t<meta property=\"og:image:type\" content=\"image\/jpeg\" \/>\n<meta name=\"twitter:card\" content=\"summary_large_image\" \/>\n<meta name=\"twitter:label1\" content=\"Est. tempo de leitura\" \/>\n\t<meta name=\"twitter:data1\" content=\"7 minutos\" \/>\n<script type=\"application\/ld+json\" class=\"yoast-schema-graph\">{\"@context\":\"https:\\\/\\\/schema.org\",\"@graph\":[{\"@type\":\"WebPage\",\"@id\":\"https:\\\/\\\/www.forumcampinas.org.br\\\/interdependencia\\\/blog\\\/instituicoes-de-pesquisa-de-campinas-realizam-eventos-estrategicos-para-promover-ciencia-tecnologia-e-inovacao\\\/\",\"url\":\"https:\\\/\\\/www.forumcampinas.org.br\\\/interdependencia\\\/blog\\\/instituicoes-de-pesquisa-de-campinas-realizam-eventos-estrategicos-para-promover-ciencia-tecnologia-e-inovacao\\\/\",\"name\":\"Institui\u00e7\u00f5es de Pesquisa de Campinas realizam eventos estrat\u00e9gicos para promover Ci\u00eancia, Tecnologia e Inova\u00e7\u00e3o - Interdepend\u00eancia\",\"isPartOf\":{\"@id\":\"https:\\\/\\\/www.forumcampinas.org.br\\\/interdependencia\\\/#website\"},\"primaryImageOfPage\":{\"@id\":\"https:\\\/\\\/www.forumcampinas.org.br\\\/interdependencia\\\/blog\\\/instituicoes-de-pesquisa-de-campinas-realizam-eventos-estrategicos-para-promover-ciencia-tecnologia-e-inovacao\\\/#primaryimage\"},\"image\":{\"@id\":\"https:\\\/\\\/www.forumcampinas.org.br\\\/interdependencia\\\/blog\\\/instituicoes-de-pesquisa-de-campinas-realizam-eventos-estrategicos-para-promover-ciencia-tecnologia-e-inovacao\\\/#primaryimage\"},\"thumbnailUrl\":\"https:\\\/\\\/www.forumcampinas.org.br\\\/interdependencia\\\/wp-content\\\/uploads\\\/2024\\\/12\\\/dez-2024-18.jpg\",\"datePublished\":\"2024-12-17T18:41:15+00:00\",\"description\":\"Eventos realizados em dezembro para a promo\u00e7\u00e3o da Ci\u00eancia, Tecnologia e Inova\u00e7\u00e3o.\",\"breadcrumb\":{\"@id\":\"https:\\\/\\\/www.forumcampinas.org.br\\\/interdependencia\\\/blog\\\/instituicoes-de-pesquisa-de-campinas-realizam-eventos-estrategicos-para-promover-ciencia-tecnologia-e-inovacao\\\/#breadcrumb\"},\"inLanguage\":\"pt-BR\",\"potentialAction\":[{\"@type\":\"ReadAction\",\"target\":[\"https:\\\/\\\/www.forumcampinas.org.br\\\/interdependencia\\\/blog\\\/instituicoes-de-pesquisa-de-campinas-realizam-eventos-estrategicos-para-promover-ciencia-tecnologia-e-inovacao\\\/\"]}]},{\"@type\":\"ImageObject\",\"inLanguage\":\"pt-BR\",\"@id\":\"https:\\\/\\\/www.forumcampinas.org.br\\\/interdependencia\\\/blog\\\/instituicoes-de-pesquisa-de-campinas-realizam-eventos-estrategicos-para-promover-ciencia-tecnologia-e-inovacao\\\/#primaryimage\",\"url\":\"https:\\\/\\\/www.forumcampinas.org.br\\\/interdependencia\\\/wp-content\\\/uploads\\\/2024\\\/12\\\/dez-2024-18.jpg\",\"contentUrl\":\"https:\\\/\\\/www.forumcampinas.org.br\\\/interdependencia\\\/wp-content\\\/uploads\\\/2024\\\/12\\\/dez-2024-18.jpg\",\"width\":1000,\"height\":553,\"caption\":\"Foto: Divulga\u00e7\u00e3o\"},{\"@type\":\"BreadcrumbList\",\"@id\":\"https:\\\/\\\/www.forumcampinas.org.br\\\/interdependencia\\\/blog\\\/instituicoes-de-pesquisa-de-campinas-realizam-eventos-estrategicos-para-promover-ciencia-tecnologia-e-inovacao\\\/#breadcrumb\",\"itemListElement\":[{\"@type\":\"ListItem\",\"position\":1,\"name\":\"In\u00edcio\",\"item\":\"https:\\\/\\\/www.forumcampinas.org.br\\\/interdependencia\\\/\"},{\"@type\":\"ListItem\",\"position\":2,\"name\":\"Blog\",\"item\":\"https:\\\/\\\/www.forumcampinas.org.br\\\/interdependencia\\\/blog\\\/\"},{\"@type\":\"ListItem\",\"position\":3,\"name\":\"Institui\u00e7\u00f5es de Pesquisa de Campinas realizam eventos estrat\u00e9gicos para promover Ci\u00eancia, Tecnologia e Inova\u00e7\u00e3o\"}]},{\"@type\":\"WebSite\",\"@id\":\"https:\\\/\\\/www.forumcampinas.org.br\\\/interdependencia\\\/#website\",\"url\":\"https:\\\/\\\/www.forumcampinas.org.br\\\/interdependencia\\\/\",\"name\":\"Interdepend\u00eancia\",\"description\":\"Ci\u00eancia, Tecnologia e Inova\u00e7\u00e3o e a Regi\u00e3o de Campinas\",\"publisher\":{\"@id\":\"https:\\\/\\\/www.forumcampinas.org.br\\\/interdependencia\\\/#organization\"},\"potentialAction\":[{\"@type\":\"SearchAction\",\"target\":{\"@type\":\"EntryPoint\",\"urlTemplate\":\"https:\\\/\\\/www.forumcampinas.org.br\\\/interdependencia\\\/?s={search_term_string}\"},\"query-input\":{\"@type\":\"PropertyValueSpecification\",\"valueRequired\":true,\"valueName\":\"search_term_string\"}}],\"inLanguage\":\"pt-BR\"},{\"@type\":\"Organization\",\"@id\":\"https:\\\/\\\/www.forumcampinas.org.br\\\/interdependencia\\\/#organization\",\"name\":\"Interdepend\u00eancia\",\"url\":\"https:\\\/\\\/www.forumcampinas.org.br\\\/interdependencia\\\/\",\"logo\":{\"@type\":\"ImageObject\",\"inLanguage\":\"pt-BR\",\"@id\":\"https:\\\/\\\/www.forumcampinas.org.br\\\/interdependencia\\\/#\\\/schema\\\/logo\\\/image\\\/\",\"url\":\"https:\\\/\\\/www.forumcampinas.org.br\\\/interdependencia\\\/wp-content\\\/uploads\\\/2023\\\/11\\\/interdependencia.png\",\"contentUrl\":\"https:\\\/\\\/www.forumcampinas.org.br\\\/interdependencia\\\/wp-content\\\/uploads\\\/2023\\\/11\\\/interdependencia.png\",\"width\":757,\"height\":195,\"caption\":\"Interdepend\u00eancia\"},\"image\":{\"@id\":\"https:\\\/\\\/www.forumcampinas.org.br\\\/interdependencia\\\/#\\\/schema\\\/logo\\\/image\\\/\"}}]}<\/script>\n<!-- \/ Yoast SEO plugin. -->","yoast_head_json":{"title":"Institui\u00e7\u00f5es de Pesquisa de Campinas realizam eventos estrat\u00e9gicos para promover Ci\u00eancia, Tecnologia e Inova\u00e7\u00e3o - Interdepend\u00eancia","description":"Eventos realizados em dezembro para a promo\u00e7\u00e3o da Ci\u00eancia, Tecnologia e Inova\u00e7\u00e3o.","robots":{"index":"index","follow":"follow","max-snippet":"max-snippet:-1","max-image-preview":"max-image-preview:large","max-video-preview":"max-video-preview:-1"},"canonical":"https:\/\/www.forumcampinas.org.br\/interdependencia\/blog\/instituicoes-de-pesquisa-de-campinas-realizam-eventos-estrategicos-para-promover-ciencia-tecnologia-e-inovacao\/","og_locale":"pt_BR","og_type":"article","og_title":"Institui\u00e7\u00f5es de Pesquisa de Campinas realizam eventos estrat\u00e9gicos para promover Ci\u00eancia, Tecnologia e Inova\u00e7\u00e3o - Interdepend\u00eancia","og_description":"Eventos realizados em dezembro para a promo\u00e7\u00e3o da Ci\u00eancia, Tecnologia e Inova\u00e7\u00e3o.","og_url":"https:\/\/www.forumcampinas.org.br\/interdependencia\/blog\/instituicoes-de-pesquisa-de-campinas-realizam-eventos-estrategicos-para-promover-ciencia-tecnologia-e-inovacao\/","og_site_name":"Interdepend\u00eancia","og_image":[{"width":1000,"height":553,"url":"https:\/\/www.forumcampinas.org.br\/interdependencia\/wp-content\/uploads\/2024\/12\/dez-2024-18.jpg","type":"image\/jpeg"}],"twitter_card":"summary_large_image","twitter_misc":{"Est. tempo de leitura":"7 minutos"},"schema":{"@context":"https:\/\/schema.org","@graph":[{"@type":"WebPage","@id":"https:\/\/www.forumcampinas.org.br\/interdependencia\/blog\/instituicoes-de-pesquisa-de-campinas-realizam-eventos-estrategicos-para-promover-ciencia-tecnologia-e-inovacao\/","url":"https:\/\/www.forumcampinas.org.br\/interdependencia\/blog\/instituicoes-de-pesquisa-de-campinas-realizam-eventos-estrategicos-para-promover-ciencia-tecnologia-e-inovacao\/","name":"Institui\u00e7\u00f5es de Pesquisa de Campinas realizam eventos estrat\u00e9gicos para promover Ci\u00eancia, Tecnologia e Inova\u00e7\u00e3o - Interdepend\u00eancia","isPartOf":{"@id":"https:\/\/www.forumcampinas.org.br\/interdependencia\/#website"},"primaryImageOfPage":{"@id":"https:\/\/www.forumcampinas.org.br\/interdependencia\/blog\/instituicoes-de-pesquisa-de-campinas-realizam-eventos-estrategicos-para-promover-ciencia-tecnologia-e-inovacao\/#primaryimage"},"image":{"@id":"https:\/\/www.forumcampinas.org.br\/interdependencia\/blog\/instituicoes-de-pesquisa-de-campinas-realizam-eventos-estrategicos-para-promover-ciencia-tecnologia-e-inovacao\/#primaryimage"},"thumbnailUrl":"https:\/\/www.forumcampinas.org.br\/interdependencia\/wp-content\/uploads\/2024\/12\/dez-2024-18.jpg","datePublished":"2024-12-17T18:41:15+00:00","description":"Eventos realizados em dezembro para a promo\u00e7\u00e3o da Ci\u00eancia, Tecnologia e Inova\u00e7\u00e3o.","breadcrumb":{"@id":"https:\/\/www.forumcampinas.org.br\/interdependencia\/blog\/instituicoes-de-pesquisa-de-campinas-realizam-eventos-estrategicos-para-promover-ciencia-tecnologia-e-inovacao\/#breadcrumb"},"inLanguage":"pt-BR","potentialAction":[{"@type":"ReadAction","target":["https:\/\/www.forumcampinas.org.br\/interdependencia\/blog\/instituicoes-de-pesquisa-de-campinas-realizam-eventos-estrategicos-para-promover-ciencia-tecnologia-e-inovacao\/"]}]},{"@type":"ImageObject","inLanguage":"pt-BR","@id":"https:\/\/www.forumcampinas.org.br\/interdependencia\/blog\/instituicoes-de-pesquisa-de-campinas-realizam-eventos-estrategicos-para-promover-ciencia-tecnologia-e-inovacao\/#primaryimage","url":"https:\/\/www.forumcampinas.org.br\/interdependencia\/wp-content\/uploads\/2024\/12\/dez-2024-18.jpg","contentUrl":"https:\/\/www.forumcampinas.org.br\/interdependencia\/wp-content\/uploads\/2024\/12\/dez-2024-18.jpg","width":1000,"height":553,"caption":"Foto: Divulga\u00e7\u00e3o"},{"@type":"BreadcrumbList","@id":"https:\/\/www.forumcampinas.org.br\/interdependencia\/blog\/instituicoes-de-pesquisa-de-campinas-realizam-eventos-estrategicos-para-promover-ciencia-tecnologia-e-inovacao\/#breadcrumb","itemListElement":[{"@type":"ListItem","position":1,"name":"In\u00edcio","item":"https:\/\/www.forumcampinas.org.br\/interdependencia\/"},{"@type":"ListItem","position":2,"name":"Blog","item":"https:\/\/www.forumcampinas.org.br\/interdependencia\/blog\/"},{"@type":"ListItem","position":3,"name":"Institui\u00e7\u00f5es de Pesquisa de Campinas realizam eventos estrat\u00e9gicos para promover Ci\u00eancia, Tecnologia e Inova\u00e7\u00e3o"}]},{"@type":"WebSite","@id":"https:\/\/www.forumcampinas.org.br\/interdependencia\/#website","url":"https:\/\/www.forumcampinas.org.br\/interdependencia\/","name":"Interdepend\u00eancia","description":"Ci\u00eancia, Tecnologia e Inova\u00e7\u00e3o e a Regi\u00e3o de Campinas","publisher":{"@id":"https:\/\/www.forumcampinas.org.br\/interdependencia\/#organization"},"potentialAction":[{"@type":"SearchAction","target":{"@type":"EntryPoint","urlTemplate":"https:\/\/www.forumcampinas.org.br\/interdependencia\/?s={search_term_string}"},"query-input":{"@type":"PropertyValueSpecification","valueRequired":true,"valueName":"search_term_string"}}],"inLanguage":"pt-BR"},{"@type":"Organization","@id":"https:\/\/www.forumcampinas.org.br\/interdependencia\/#organization","name":"Interdepend\u00eancia","url":"https:\/\/www.forumcampinas.org.br\/interdependencia\/","logo":{"@type":"ImageObject","inLanguage":"pt-BR","@id":"https:\/\/www.forumcampinas.org.br\/interdependencia\/#\/schema\/logo\/image\/","url":"https:\/\/www.forumcampinas.org.br\/interdependencia\/wp-content\/uploads\/2023\/11\/interdependencia.png","contentUrl":"https:\/\/www.forumcampinas.org.br\/interdependencia\/wp-content\/uploads\/2023\/11\/interdependencia.png","width":757,"height":195,"caption":"Interdepend\u00eancia"},"image":{"@id":"https:\/\/www.forumcampinas.org.br\/interdependencia\/#\/schema\/logo\/image\/"}}]}},"_links":{"self":[{"href":"https:\/\/www.forumcampinas.org.br\/interdependencia\/wp-json\/wp\/v2\/blog\/1088","targetHints":{"allow":["GET"]}}],"collection":[{"href":"https:\/\/www.forumcampinas.org.br\/interdependencia\/wp-json\/wp\/v2\/blog"}],"about":[{"href":"https:\/\/www.forumcampinas.org.br\/interdependencia\/wp-json\/wp\/v2\/types\/blog"}],"wp:featuredmedia":[{"embeddable":true,"href":"https:\/\/www.forumcampinas.org.br\/interdependencia\/wp-json\/wp\/v2\/media\/1087"}],"wp:attachment":[{"href":"https:\/\/www.forumcampinas.org.br\/interdependencia\/wp-json\/wp\/v2\/media?parent=1088"}],"curies":[{"name":"wp","href":"https:\/\/api.w.org\/{rel}","templated":true}]}}