{"id":1092,"date":"2025-01-06T06:51:35","date_gmt":"2025-01-06T09:51:35","guid":{"rendered":"https:\/\/www.forumcampinas.org.br\/interdependencia\/?post_type=blog&#038;p=1092"},"modified":"2025-01-06T06:51:35","modified_gmt":"2025-01-06T09:51:35","slug":"a-pesquisa-e-a-semente-do-futuro-premio-apta-semeador-do-futuro","status":"publish","type":"blog","link":"https:\/\/www.forumcampinas.org.br\/interdependencia\/blog\/a-pesquisa-e-a-semente-do-futuro-premio-apta-semeador-do-futuro\/","title":{"rendered":"A pesquisa \u00e9 a semente do futuro \u2013 Pr\u00eamio APTA Semeador do Futuro"},"content":{"rendered":"<p>No dia 10 de dezembro de 2024, a Ag\u00eancia Paulista de Tecnologia dos Agroneg\u00f3cios (APTA) reconheceu e premiou os pesquisadores, servidores e parceiros dos seus institutos de pesquisa, que contribu\u00edram significativamente para a agricultura no estado de S\u00e3o Paulo. Foi a 2\u00ba edi\u00e7\u00e3o do Pr\u00eamio APTA Semeador do Futuro, que teve in\u00edcio em 2023. De acordo com Elo\u00edsa Garcia, Diretora Geral do ITAL \u2013 Instituto de Tecnologia de Alimentos: \u201cEsse pr\u00eamio \u00e9 um pr\u00eamio de reconhecimento, e \u00e9 muito importante a gente expressar nossos agradecimentos aos nossos colaboradores, nossos parceiros e \u00e0s institui\u00e7\u00f5es que n\u00f3s reconhecemos como muito importantes. Tenho certeza que esse reconhecimento se estende \u00e0s equipes t\u00e9cnicas da APTA, pois s\u00e3o\u00a0 as pessoas que fazem as institui\u00e7\u00f5es\u201d.<\/p>\n<figure id=\"attachment_1090\" aria-describedby=\"caption-attachment-1090\" style=\"width: 1000px\" class=\"wp-caption aligncenter\"><img loading=\"lazy\" decoding=\"async\" class=\"size-full wp-image-1090\" src=\"https:\/\/www.forumcampinas.org.br\/interdependencia\/wp-content\/uploads\/2025\/01\/APTA-semeador-do-futuro.jpg\" alt=\"\" width=\"1000\" height=\"553\" srcset=\"https:\/\/www.forumcampinas.org.br\/interdependencia\/wp-content\/uploads\/2025\/01\/APTA-semeador-do-futuro.jpg 1000w, https:\/\/www.forumcampinas.org.br\/interdependencia\/wp-content\/uploads\/2025\/01\/APTA-semeador-do-futuro-300x166.jpg 300w, https:\/\/www.forumcampinas.org.br\/interdependencia\/wp-content\/uploads\/2025\/01\/APTA-semeador-do-futuro-768x425.jpg 768w\" sizes=\"auto, (max-width: 1000px) 100vw, 1000px\" \/><figcaption id=\"caption-attachment-1090\" class=\"wp-caption-text\">Foto: Website ITAL<\/figcaption><\/figure>\n<p>Segundo Carlos Nabil Ghobril, Coordenador da APTA, doutor em Ci\u00eancias pela USP, a premia\u00e7\u00e3o que aconteceu na sede do ITAL em Campinas, tem como objetivo reconhecer o trabalhos dos funcion\u00e1rios em todas as categorias. Foram premiados 3 servidores das institui\u00e7\u00f5es da APTA, nas categorias Apoio Operacional \u00e0 Pesquisa, Apoio T\u00e9cnico \u00e0 Pesquisa e Pesquisador Cient\u00edfico. Tamb\u00e9m receberam reconhecimento 3 pessoas f\u00edsicas e jur\u00eddicas n\u00e3o vinculadas \u00e0 APTA, categorias Agroneg\u00f3cio, Ci\u00eancia e Tecnologia e Produ\u00e7\u00e3o.<\/p>\n<p>Pr\u00eamios. <strong>Apoio Operacional \u00e0 Pesquisa<\/strong>. Premiada: <strong>Glaucia Teresa Stigliano<\/strong>, diretora do Centro de Atividade Administrativa do ITAL, Pedadoga pela Funda\u00e7\u00e3o Herm\u00ednio Ometto (Uniararas), funcion\u00e1ria da SAA (Secretaria de Agricultura e Abastecimento) h\u00e1 32 anos. <strong>Apoio T\u00e9cnico \u00e0 Pesquisa. <\/strong>Premiada: <strong>Regina Cristina Batista, <\/strong>T\u00e9cnica de apoio do IB (Instituto Biol\u00f3gico), Qu\u00edmica pela Universidade de Guarulhos, ingressou no IB em 2008. <strong>Pesquisador Cient\u00edfico<\/strong>. Premiado: <strong>S\u00e9rgio Augusto Morais Carbonell<\/strong>, Agr\u00f4nomo pela UFSM, Docente e orientador na p\u00f3s-gradua\u00e7\u00e3o em Agricultura Tropical e Subtropical do IAC, trabalha no Instituto Agron\u00f4mico desde 1994.<\/p>\n<p><strong>Destaque do Agroneg\u00f3cio: Chistiane Morais<\/strong>, produtora rural de seringueira, cana-de-a\u00e7\u00facar, pecu\u00e1ria de corte e criadora de cavalos, vencedora do Pr\u00eamio Planeta Campo 2023, embaixadora do Global Agribusiness F\u00f3rum 2024 e uma das mulheres mais influentes do setor sucroenerg\u00e9tico (Pr\u00eamio MasterCana Centro-Sul 2024).<\/p>\n<p><strong>Destaque da Ci\u00eancia e Tecnologia: FAPESP <\/strong>(Funda\u00e7\u00e3o de Amparo \u00e0 Pesquisa do Estado de S\u00e3o Paulo). A Funda\u00e7\u00e3o contribu\u00ed de forma significativa no apoio \u00e0s institui\u00e7\u00f5es da APTA, principalmente em projetos que visam o conhecimento e a forma\u00e7\u00e3o dos recursos humanos (concedendo bolsa de n\u00edvel t\u00e9cnico, inicia\u00e7\u00e3o cient\u00edfica, mestrado, doutorado, p\u00f3s-doutorado e jovem pesquisador). Al\u00e9m do apoio aos projetos tem\u00e1ticos vinculados ao Programa de Pesquisa em Bioenergia e os Centros de Ci\u00eancia para o Desenvolvimento.<\/p>\n<p><strong>Destaque da Produ\u00e7\u00e3o: Instituto Au\u00e1, <\/strong>que se dedica \u00e0 educa\u00e7\u00e3o, pr\u00e1ticas de biodiversidade, fortalecimento de comunidades, atuando com diferentes setores da sociedade (comunidades locais, ONGs, institui\u00e7\u00f5es p\u00fablicas como o IEA (Instituto de Economia Agr\u00edcola)\/APTA \u2013 com o qual desenvolve projetos e eventos sobre biodiversidade.<\/p>\n<p>O <strong>Conselho T\u00e9cnico-Cient\u00edfico da APTA<\/strong> foi respons\u00e1vel pela sele\u00e7\u00e3o dos premiados, com base nas indica\u00e7\u00f5es de suas sete institui\u00e7\u00f5es: Instituto Agron\u00f4mico de Campinas (IAC), Instituto Biol\u00f3gico (IB) de S\u00e3o Paulo, Instituto de Economia Agr\u00edcola (IEA)\/SP, Instituo de Pesca (IP)\/Santos, ITAL de Campinas, Instituto de Zootecnia (IZ) de Nova Odessa e Apta Regional. De acordo com Orlando Melo de Castro, subsecret\u00e1rio da Secretaria de Agricultura, \u201co termo <strong>semeador <\/strong>reflete a ess\u00eancia do trabalho desses profissionais, que promovem avan\u00e7os fundamentais para o agroneg\u00f3cio e para a pesquisa cient\u00edfica no pa\u00eds\u201d.<\/p>\n<p>Link: <a href=\"https:\/\/ital.agricultura.sp.gov.br\/noticia\/premio-apta-semeador-do-futuro-2024-reconhece-destaques-da-pesquisa-e-do-agronegocio\" target=\"_blank\" rel=\"noopener\">https:\/\/ital.agricultura.sp.gov.br\/ noticia\/premio-apta-semeador -do-futuro-2024-reconhece -destaques-da-pesquisa -e-do-agronegocio<\/a><\/p>\n","protected":false},"excerpt":{"rendered":"<p>A APTA reconhece e premia os pesquisadores, servidores e parceiros dos seus institutos de pesquisa, que contribu\u00edram significativamente para a agricultura no estado de S\u00e3o Paulo<\/p>\n","protected":false},"featured_media":1090,"parent":0,"template":"","class_list":["post-1092","blog","type-blog","status-publish","has-post-thumbnail","hentry"],"acf":[],"yoast_head":"<!-- This site is optimized with the Yoast SEO plugin v27.4 - https:\/\/yoast.com\/product\/yoast-seo-wordpress\/ -->\n<title>A pesquisa \u00e9 a semente do futuro \u2013 Pr\u00eamio APTA Semeador do Futuro - Interdepend\u00eancia<\/title>\n<meta name=\"description\" content=\"A APTA reconhece e premia os pesquisadores, servidores e parceiros que contribu\u00edram para a agricultura no estado de S\u00e3o Paulo\" \/>\n<meta name=\"robots\" content=\"index, follow, max-snippet:-1, max-image-preview:large, max-video-preview:-1\" \/>\n<link rel=\"canonical\" href=\"https:\/\/www.forumcampinas.org.br\/interdependencia\/blog\/a-pesquisa-e-a-semente-do-futuro-premio-apta-semeador-do-futuro\/\" \/>\n<meta property=\"og:locale\" content=\"pt_BR\" \/>\n<meta property=\"og:type\" content=\"article\" \/>\n<meta property=\"og:title\" content=\"A pesquisa \u00e9 a semente do futuro \u2013 Pr\u00eamio APTA Semeador do Futuro - Interdepend\u00eancia\" \/>\n<meta property=\"og:description\" content=\"A APTA reconhece e premia os pesquisadores, servidores e parceiros que contribu\u00edram para a agricultura no estado de S\u00e3o Paulo\" \/>\n<meta property=\"og:url\" content=\"https:\/\/www.forumcampinas.org.br\/interdependencia\/blog\/a-pesquisa-e-a-semente-do-futuro-premio-apta-semeador-do-futuro\/\" \/>\n<meta property=\"og:site_name\" content=\"Interdepend\u00eancia\" \/>\n<meta property=\"og:image\" content=\"https:\/\/www.forumcampinas.org.br\/interdependencia\/wp-content\/uploads\/2025\/01\/APTA-semeador-do-futuro.jpg\" \/>\n\t<meta property=\"og:image:width\" content=\"1000\" \/>\n\t<meta property=\"og:image:height\" content=\"553\" \/>\n\t<meta property=\"og:image:type\" content=\"image\/jpeg\" \/>\n<meta name=\"twitter:card\" content=\"summary_large_image\" \/>\n<meta name=\"twitter:label1\" content=\"Est. tempo de leitura\" \/>\n\t<meta name=\"twitter:data1\" content=\"4 minutos\" \/>\n<script type=\"application\/ld+json\" class=\"yoast-schema-graph\">{\"@context\":\"https:\\\/\\\/schema.org\",\"@graph\":[{\"@type\":\"WebPage\",\"@id\":\"https:\\\/\\\/www.forumcampinas.org.br\\\/interdependencia\\\/blog\\\/a-pesquisa-e-a-semente-do-futuro-premio-apta-semeador-do-futuro\\\/\",\"url\":\"https:\\\/\\\/www.forumcampinas.org.br\\\/interdependencia\\\/blog\\\/a-pesquisa-e-a-semente-do-futuro-premio-apta-semeador-do-futuro\\\/\",\"name\":\"A pesquisa \u00e9 a semente do futuro \u2013 Pr\u00eamio APTA Semeador do Futuro - Interdepend\u00eancia\",\"isPartOf\":{\"@id\":\"https:\\\/\\\/www.forumcampinas.org.br\\\/interdependencia\\\/#website\"},\"primaryImageOfPage\":{\"@id\":\"https:\\\/\\\/www.forumcampinas.org.br\\\/interdependencia\\\/blog\\\/a-pesquisa-e-a-semente-do-futuro-premio-apta-semeador-do-futuro\\\/#primaryimage\"},\"image\":{\"@id\":\"https:\\\/\\\/www.forumcampinas.org.br\\\/interdependencia\\\/blog\\\/a-pesquisa-e-a-semente-do-futuro-premio-apta-semeador-do-futuro\\\/#primaryimage\"},\"thumbnailUrl\":\"https:\\\/\\\/www.forumcampinas.org.br\\\/interdependencia\\\/wp-content\\\/uploads\\\/2025\\\/01\\\/APTA-semeador-do-futuro.jpg\",\"datePublished\":\"2025-01-06T09:51:35+00:00\",\"description\":\"A APTA reconhece e premia os pesquisadores, servidores e parceiros que contribu\u00edram para a agricultura no estado de S\u00e3o Paulo\",\"breadcrumb\":{\"@id\":\"https:\\\/\\\/www.forumcampinas.org.br\\\/interdependencia\\\/blog\\\/a-pesquisa-e-a-semente-do-futuro-premio-apta-semeador-do-futuro\\\/#breadcrumb\"},\"inLanguage\":\"pt-BR\",\"potentialAction\":[{\"@type\":\"ReadAction\",\"target\":[\"https:\\\/\\\/www.forumcampinas.org.br\\\/interdependencia\\\/blog\\\/a-pesquisa-e-a-semente-do-futuro-premio-apta-semeador-do-futuro\\\/\"]}]},{\"@type\":\"ImageObject\",\"inLanguage\":\"pt-BR\",\"@id\":\"https:\\\/\\\/www.forumcampinas.org.br\\\/interdependencia\\\/blog\\\/a-pesquisa-e-a-semente-do-futuro-premio-apta-semeador-do-futuro\\\/#primaryimage\",\"url\":\"https:\\\/\\\/www.forumcampinas.org.br\\\/interdependencia\\\/wp-content\\\/uploads\\\/2025\\\/01\\\/APTA-semeador-do-futuro.jpg\",\"contentUrl\":\"https:\\\/\\\/www.forumcampinas.org.br\\\/interdependencia\\\/wp-content\\\/uploads\\\/2025\\\/01\\\/APTA-semeador-do-futuro.jpg\",\"width\":1000,\"height\":553,\"caption\":\"Foto: Website ITAL\"},{\"@type\":\"BreadcrumbList\",\"@id\":\"https:\\\/\\\/www.forumcampinas.org.br\\\/interdependencia\\\/blog\\\/a-pesquisa-e-a-semente-do-futuro-premio-apta-semeador-do-futuro\\\/#breadcrumb\",\"itemListElement\":[{\"@type\":\"ListItem\",\"position\":1,\"name\":\"In\u00edcio\",\"item\":\"https:\\\/\\\/www.forumcampinas.org.br\\\/interdependencia\\\/\"},{\"@type\":\"ListItem\",\"position\":2,\"name\":\"Blog\",\"item\":\"https:\\\/\\\/www.forumcampinas.org.br\\\/interdependencia\\\/blog\\\/\"},{\"@type\":\"ListItem\",\"position\":3,\"name\":\"A pesquisa \u00e9 a semente do futuro \u2013 Pr\u00eamio APTA Semeador do Futuro\"}]},{\"@type\":\"WebSite\",\"@id\":\"https:\\\/\\\/www.forumcampinas.org.br\\\/interdependencia\\\/#website\",\"url\":\"https:\\\/\\\/www.forumcampinas.org.br\\\/interdependencia\\\/\",\"name\":\"Interdepend\u00eancia\",\"description\":\"Ci\u00eancia, Tecnologia e Inova\u00e7\u00e3o e a Regi\u00e3o de Campinas\",\"publisher\":{\"@id\":\"https:\\\/\\\/www.forumcampinas.org.br\\\/interdependencia\\\/#organization\"},\"potentialAction\":[{\"@type\":\"SearchAction\",\"target\":{\"@type\":\"EntryPoint\",\"urlTemplate\":\"https:\\\/\\\/www.forumcampinas.org.br\\\/interdependencia\\\/?s={search_term_string}\"},\"query-input\":{\"@type\":\"PropertyValueSpecification\",\"valueRequired\":true,\"valueName\":\"search_term_string\"}}],\"inLanguage\":\"pt-BR\"},{\"@type\":\"Organization\",\"@id\":\"https:\\\/\\\/www.forumcampinas.org.br\\\/interdependencia\\\/#organization\",\"name\":\"Interdepend\u00eancia\",\"url\":\"https:\\\/\\\/www.forumcampinas.org.br\\\/interdependencia\\\/\",\"logo\":{\"@type\":\"ImageObject\",\"inLanguage\":\"pt-BR\",\"@id\":\"https:\\\/\\\/www.forumcampinas.org.br\\\/interdependencia\\\/#\\\/schema\\\/logo\\\/image\\\/\",\"url\":\"https:\\\/\\\/www.forumcampinas.org.br\\\/interdependencia\\\/wp-content\\\/uploads\\\/2023\\\/11\\\/interdependencia.png\",\"contentUrl\":\"https:\\\/\\\/www.forumcampinas.org.br\\\/interdependencia\\\/wp-content\\\/uploads\\\/2023\\\/11\\\/interdependencia.png\",\"width\":757,\"height\":195,\"caption\":\"Interdepend\u00eancia\"},\"image\":{\"@id\":\"https:\\\/\\\/www.forumcampinas.org.br\\\/interdependencia\\\/#\\\/schema\\\/logo\\\/image\\\/\"}}]}<\/script>\n<!-- \/ Yoast SEO plugin. -->","yoast_head_json":{"title":"A pesquisa \u00e9 a semente do futuro \u2013 Pr\u00eamio APTA Semeador do Futuro - Interdepend\u00eancia","description":"A APTA reconhece e premia os pesquisadores, servidores e parceiros que contribu\u00edram para a agricultura no estado de S\u00e3o Paulo","robots":{"index":"index","follow":"follow","max-snippet":"max-snippet:-1","max-image-preview":"max-image-preview:large","max-video-preview":"max-video-preview:-1"},"canonical":"https:\/\/www.forumcampinas.org.br\/interdependencia\/blog\/a-pesquisa-e-a-semente-do-futuro-premio-apta-semeador-do-futuro\/","og_locale":"pt_BR","og_type":"article","og_title":"A pesquisa \u00e9 a semente do futuro \u2013 Pr\u00eamio APTA Semeador do Futuro - Interdepend\u00eancia","og_description":"A APTA reconhece e premia os pesquisadores, servidores e parceiros que contribu\u00edram para a agricultura no estado de S\u00e3o Paulo","og_url":"https:\/\/www.forumcampinas.org.br\/interdependencia\/blog\/a-pesquisa-e-a-semente-do-futuro-premio-apta-semeador-do-futuro\/","og_site_name":"Interdepend\u00eancia","og_image":[{"width":1000,"height":553,"url":"https:\/\/www.forumcampinas.org.br\/interdependencia\/wp-content\/uploads\/2025\/01\/APTA-semeador-do-futuro.jpg","type":"image\/jpeg"}],"twitter_card":"summary_large_image","twitter_misc":{"Est. tempo de leitura":"4 minutos"},"schema":{"@context":"https:\/\/schema.org","@graph":[{"@type":"WebPage","@id":"https:\/\/www.forumcampinas.org.br\/interdependencia\/blog\/a-pesquisa-e-a-semente-do-futuro-premio-apta-semeador-do-futuro\/","url":"https:\/\/www.forumcampinas.org.br\/interdependencia\/blog\/a-pesquisa-e-a-semente-do-futuro-premio-apta-semeador-do-futuro\/","name":"A pesquisa \u00e9 a semente do futuro \u2013 Pr\u00eamio APTA Semeador do Futuro - Interdepend\u00eancia","isPartOf":{"@id":"https:\/\/www.forumcampinas.org.br\/interdependencia\/#website"},"primaryImageOfPage":{"@id":"https:\/\/www.forumcampinas.org.br\/interdependencia\/blog\/a-pesquisa-e-a-semente-do-futuro-premio-apta-semeador-do-futuro\/#primaryimage"},"image":{"@id":"https:\/\/www.forumcampinas.org.br\/interdependencia\/blog\/a-pesquisa-e-a-semente-do-futuro-premio-apta-semeador-do-futuro\/#primaryimage"},"thumbnailUrl":"https:\/\/www.forumcampinas.org.br\/interdependencia\/wp-content\/uploads\/2025\/01\/APTA-semeador-do-futuro.jpg","datePublished":"2025-01-06T09:51:35+00:00","description":"A APTA reconhece e premia os pesquisadores, servidores e parceiros que contribu\u00edram para a agricultura no estado de S\u00e3o Paulo","breadcrumb":{"@id":"https:\/\/www.forumcampinas.org.br\/interdependencia\/blog\/a-pesquisa-e-a-semente-do-futuro-premio-apta-semeador-do-futuro\/#breadcrumb"},"inLanguage":"pt-BR","potentialAction":[{"@type":"ReadAction","target":["https:\/\/www.forumcampinas.org.br\/interdependencia\/blog\/a-pesquisa-e-a-semente-do-futuro-premio-apta-semeador-do-futuro\/"]}]},{"@type":"ImageObject","inLanguage":"pt-BR","@id":"https:\/\/www.forumcampinas.org.br\/interdependencia\/blog\/a-pesquisa-e-a-semente-do-futuro-premio-apta-semeador-do-futuro\/#primaryimage","url":"https:\/\/www.forumcampinas.org.br\/interdependencia\/wp-content\/uploads\/2025\/01\/APTA-semeador-do-futuro.jpg","contentUrl":"https:\/\/www.forumcampinas.org.br\/interdependencia\/wp-content\/uploads\/2025\/01\/APTA-semeador-do-futuro.jpg","width":1000,"height":553,"caption":"Foto: Website ITAL"},{"@type":"BreadcrumbList","@id":"https:\/\/www.forumcampinas.org.br\/interdependencia\/blog\/a-pesquisa-e-a-semente-do-futuro-premio-apta-semeador-do-futuro\/#breadcrumb","itemListElement":[{"@type":"ListItem","position":1,"name":"In\u00edcio","item":"https:\/\/www.forumcampinas.org.br\/interdependencia\/"},{"@type":"ListItem","position":2,"name":"Blog","item":"https:\/\/www.forumcampinas.org.br\/interdependencia\/blog\/"},{"@type":"ListItem","position":3,"name":"A pesquisa \u00e9 a semente do futuro \u2013 Pr\u00eamio APTA Semeador do Futuro"}]},{"@type":"WebSite","@id":"https:\/\/www.forumcampinas.org.br\/interdependencia\/#website","url":"https:\/\/www.forumcampinas.org.br\/interdependencia\/","name":"Interdepend\u00eancia","description":"Ci\u00eancia, Tecnologia e Inova\u00e7\u00e3o e a Regi\u00e3o de Campinas","publisher":{"@id":"https:\/\/www.forumcampinas.org.br\/interdependencia\/#organization"},"potentialAction":[{"@type":"SearchAction","target":{"@type":"EntryPoint","urlTemplate":"https:\/\/www.forumcampinas.org.br\/interdependencia\/?s={search_term_string}"},"query-input":{"@type":"PropertyValueSpecification","valueRequired":true,"valueName":"search_term_string"}}],"inLanguage":"pt-BR"},{"@type":"Organization","@id":"https:\/\/www.forumcampinas.org.br\/interdependencia\/#organization","name":"Interdepend\u00eancia","url":"https:\/\/www.forumcampinas.org.br\/interdependencia\/","logo":{"@type":"ImageObject","inLanguage":"pt-BR","@id":"https:\/\/www.forumcampinas.org.br\/interdependencia\/#\/schema\/logo\/image\/","url":"https:\/\/www.forumcampinas.org.br\/interdependencia\/wp-content\/uploads\/2023\/11\/interdependencia.png","contentUrl":"https:\/\/www.forumcampinas.org.br\/interdependencia\/wp-content\/uploads\/2023\/11\/interdependencia.png","width":757,"height":195,"caption":"Interdepend\u00eancia"},"image":{"@id":"https:\/\/www.forumcampinas.org.br\/interdependencia\/#\/schema\/logo\/image\/"}}]}},"_links":{"self":[{"href":"https:\/\/www.forumcampinas.org.br\/interdependencia\/wp-json\/wp\/v2\/blog\/1092","targetHints":{"allow":["GET"]}}],"collection":[{"href":"https:\/\/www.forumcampinas.org.br\/interdependencia\/wp-json\/wp\/v2\/blog"}],"about":[{"href":"https:\/\/www.forumcampinas.org.br\/interdependencia\/wp-json\/wp\/v2\/types\/blog"}],"wp:featuredmedia":[{"embeddable":true,"href":"https:\/\/www.forumcampinas.org.br\/interdependencia\/wp-json\/wp\/v2\/media\/1090"}],"wp:attachment":[{"href":"https:\/\/www.forumcampinas.org.br\/interdependencia\/wp-json\/wp\/v2\/media?parent=1092"}],"curies":[{"name":"wp","href":"https:\/\/api.w.org\/{rel}","templated":true}]}}