{"id":1093,"date":"2025-01-10T06:52:12","date_gmt":"2025-01-10T09:52:12","guid":{"rendered":"https:\/\/www.forumcampinas.org.br\/interdependencia\/?post_type=blog&#038;p=1093"},"modified":"2025-01-06T06:54:50","modified_gmt":"2025-01-06T09:54:50","slug":"planeta-inseto-do-instituto-biologico-de-sao-paulo-80-mil-visitantes-em-2024","status":"publish","type":"blog","link":"https:\/\/www.forumcampinas.org.br\/interdependencia\/blog\/planeta-inseto-do-instituto-biologico-de-sao-paulo-80-mil-visitantes-em-2024\/","title":{"rendered":"Planeta Inseto do Instituto Biol\u00f3gico de S\u00e3o Paulo \u2013 80 mil visitantes em 2024"},"content":{"rendered":"<p>No dia 20 de dezembro, o projeto <strong>Planeta Inseto<\/strong> do IB de S\u00e3o Paulo comemorou &#8211; a marca hist\u00f3rica \u2013 de 80 mil visitantes no ano de 2024.\u00a0 Tamb\u00e9m foram realizadas duas exposi\u00e7\u00f5es durante o ano: no Shopping P\u00e1tio Paulista, na Vila Mariana em S\u00e3o Paulo, e no Congresso Brasileiro de Entomologia, totalizando mais 13 mil visitantes. Desde 2010 o Museu do IB j\u00e1 recebeu 440 mil visitantes, o que demonstra a import\u00e2ncia de suas pesquisas e principalmente de sua divulga\u00e7\u00e3o para o p\u00fablico.<\/p>\n<figure id=\"attachment_1091\" aria-describedby=\"caption-attachment-1091\" style=\"width: 1000px\" class=\"wp-caption aligncenter\"><img loading=\"lazy\" decoding=\"async\" class=\"size-full wp-image-1091\" src=\"https:\/\/www.forumcampinas.org.br\/interdependencia\/wp-content\/uploads\/2025\/01\/planetainseto.jpg\" alt=\"\" width=\"1000\" height=\"553\" srcset=\"https:\/\/www.forumcampinas.org.br\/interdependencia\/wp-content\/uploads\/2025\/01\/planetainseto.jpg 1000w, https:\/\/www.forumcampinas.org.br\/interdependencia\/wp-content\/uploads\/2025\/01\/planetainseto-300x166.jpg 300w, https:\/\/www.forumcampinas.org.br\/interdependencia\/wp-content\/uploads\/2025\/01\/planetainseto-768x425.jpg 768w\" sizes=\"auto, (max-width: 1000px) 100vw, 1000px\" \/><figcaption id=\"caption-attachment-1091\" class=\"wp-caption-text\">Imagem: Website Planeta Inseto<\/figcaption><\/figure>\n<p>No <strong>site<\/strong> do projeto, descobrimos que \u201co Planeta Inseto \u00e9 o \u00fanico Jardim Zool\u00f3gico de Insetos do Brasil e\u00a0 da Am\u00e9rica Latina autorizado pelo IBAMA e pela Secretaria do Meio Ambiente do Estado de SP\u201d. Logo na primeira mensagem somos convidados a saber mais sobre a iniciativa: \u201cVoc\u00ea acha que os insetos n\u00e3o s\u00e3o importantes e que s\u00f3 atrapalham? Consegue imaginar nosso planeta 15% mais leve e com metade dos seres vivos existentes? Pois \u00e9, os insetos, <strong>aparentemente t\u00e3o insignificantes, <\/strong>representam <strong>mais da metade da vida do planeta<\/strong> e, somente as formigas, 15% de seu peso! \u00c9 melhor conhecermos um pouco mais sobre esses animais, n\u00e3o \u00e9 mesmo? Mas que tal de uma forma diferente? <strong>J\u00e1 imaginou um zool\u00f3gico de insetos?<\/strong> Nunca imaginou? Pois n\u00f3s fizemos um e disponibilizamos isso para voc\u00ea!\u201d<\/p>\n<p>As principais atra\u00e7\u00f5es do Planeta Inseto s\u00e3o: o <strong>Ten\u00e9brio Comum, o Ten\u00e9brio Gigante, a Barata-De-Madagascar, a Barata-Cabe\u00e7a-Da-Morte, o Bicho-Da-Seda, o Bicho-Pau, a Sa\u00fava-Lim\u00e3o, as Abelhas<\/strong>. O Ten\u00e9brio Comum \u00e9 conhecido como uma praga, nome popular \u201cbicho do p\u00e3o ou bicho do farelo\u201d, evitam locais sem ilumina\u00e7\u00e3o. J\u00e1 o Ten\u00e9brio Gigante \u00e9 um besouro que pode ser encontrado em moinhos, armaz\u00e9ns de dep\u00f3sitos de cereais. A Barata-De-Madagascar \u00e9 considerada a maior esp\u00e9cie de barata do mundo, chegando a 7,5 cm de comprimento e 23 g, al\u00e9m de viver entre 2 a 5 anos. S\u00e3o chamadas de baratas assobiadoras.<\/p>\n<p>O Bicho-Pau possu\u00ed v\u00e1rios nomes populares: Chico magro, Man\u00e9 magro, Bicho-palha, Cip\u00f3-seco e Treme-treme. Seu nome se refere \u00e0 fascinante adapta\u00e7\u00e3o ao meio em que vive, a camuflagem. A apar\u00eancia de seu corpo \u00e9 semelhante a galhos, o que facilita a fuga de predadores. O inseto mais longo do mundo \u00e9 um bicho-pau, que foi encontrado na Mal\u00e1sia, uma f\u00eamea de 56,7 cent\u00edmetros.<\/p>\n<p>As abelhas do Planeta Inseto. S\u00e3o colmeias de\u00a0 quatro esp\u00e9cies de abelhas: Jata\u00ed, Ira\u00ed, Manda\u00e7aia e Uru\u00e7u-Amarela. S\u00e3o t\u00e3o importantes para os seres humanos, que o Planeta dedica um espa\u00e7o especial para elas, \u00e9 a \u201c<strong>Sala das Abelhas\u201d, <\/strong>iniciativa que conta com o apoio da Syngenta (e abrigam as abelhas polinizadoras europeias e as assassinas). Essas \u00faltimas foram introduzidas no Brasil em 1840, oriundas de Portugal e Espanha.<\/p>\n<p>Em 2022, a Syngenta apresentou uma nova proposta expogr\u00e1fica, que ampliou o conte\u00fado educativo para o Fundamental II, e tamb\u00e9m teve como objetivo valorizar a acessibilidade, na comemora\u00e7\u00e3o de 12 anos do Planeta Inseto. \u201cA mostra reabriu com uma reformula\u00e7\u00e3o de toda a exposi\u00e7\u00e3o. A partir de agora, o Planeta Inseto conta com conte\u00fado textual mais amplo e inclui dispositivos para atender pessoas com necessidades especiais, como audioguia, mapa t\u00e1til, mockup gigantes de insetos, entre outros\u201d.<\/p>\n<p>Entre os destaques, vale a pena conferir na visita: a cenografia do Jardim de Insetos com flores gigante; os animais virtuais e a reprodu\u00e7\u00e3o de sons; a colmeia com c\u00e2mera instalada no seu interior para que os visitantes possam ver a organiza\u00e7\u00e3o da vida das abelhas; os cupinzeiros e formigueiros; uma sala onde \u00e9 poss\u00edvel acompanhar a produ\u00e7\u00e3o dos bichos-da-seda. \u201cA readequa\u00e7\u00e3o da exposi\u00e7\u00e3o \u00e9 uma realiza\u00e7\u00e3o do Instituto Biol\u00f3gico com a Arquiprom e a Secretaria de Agricultura e Abastecimento do Estado de S\u00e3o Paulo, por meio da Lei Federal de Incentivo \u00e0 Cultura, com patroc\u00ednio da Syngenta.<\/p>\n<p>Na p\u00e1gina da empresa \u00e9 poss\u00edvel conhecer um pouco mais sobre a empresa: \u2018A Syngenta \u00e9 resultado da fus\u00e3o entre expertise e tecnologias desenvolvidas h\u00e1 centenas de anos por reconhecidas empresas agroqu\u00edmicas. Atualmente, somos l\u00edderes em desenvolvimento de tecnologias para o mercado agr\u00edcola no mundo. Desempenhamos um papel vital na cadeia de alimentos para nutrir o mundo e cuidar do nosso planeta.<\/p>\n<p>Estamos em mais de 100 pa\u00edses. No Brasil, estamos presentes nas principais regi\u00f5es agr\u00edcolas por meio de centros de pesquisa e esta\u00e7\u00f5es experimentais, bem como pela realiza\u00e7\u00e3o de plantios experimentais desenvolvidos em parceria com produtores de culturas variadas, em diversos ecossistemas e locais do pa\u00eds.<\/p>\n<p>Link: <a href=\"https:\/\/planetainseto.com.br\/\" target=\"_blank\" rel=\"noopener\">https:\/\/planetainseto.com.br\/<\/a><\/p>\n<p><a href=\"https:\/\/www.syngenta.com.br\/press-release\/institucional\/planeta-inseto-nova-proposta-expografica-amplia-conteudo-educativo-para\" target=\"_blank\" rel=\"noopener\">https:\/\/www.syngenta.com.br\/ press-release\/institucional\/ planeta-inseto-nova- proposta-expografica-amplia -conteudo-educativo-para<\/a><\/p>\n","protected":false},"excerpt":{"rendered":"<p>O projeto Planeta Inseto do IB de S\u00e3o Paulo comemora &#8211; a marca hist\u00f3rica \u2013 de 80 mil visitantes no ano de 2024.<\/p>\n","protected":false},"featured_media":1091,"parent":0,"template":"","class_list":["post-1093","blog","type-blog","status-publish","has-post-thumbnail","hentry"],"acf":[],"yoast_head":"<!-- This site is optimized with the Yoast SEO plugin v27.4 - https:\/\/yoast.com\/product\/yoast-seo-wordpress\/ -->\n<title>Planeta Inseto do Instituto Biol\u00f3gico de S\u00e3o Paulo \u2013 80 mil visitantes em 2024 - Interdepend\u00eancia<\/title>\n<meta name=\"description\" content=\"O projeto Planeta Inseto do IB de S\u00e3o Paulo comemora - a marca hist\u00f3rica \u2013 de 80 mil visitantes no ano de 2024\" \/>\n<meta name=\"robots\" content=\"index, follow, max-snippet:-1, max-image-preview:large, max-video-preview:-1\" \/>\n<link rel=\"canonical\" href=\"https:\/\/www.forumcampinas.org.br\/interdependencia\/blog\/planeta-inseto-do-instituto-biologico-de-sao-paulo-80-mil-visitantes-em-2024\/\" \/>\n<meta property=\"og:locale\" content=\"pt_BR\" \/>\n<meta property=\"og:type\" content=\"article\" \/>\n<meta property=\"og:title\" content=\"Planeta Inseto do Instituto Biol\u00f3gico de S\u00e3o Paulo \u2013 80 mil visitantes em 2024 - Interdepend\u00eancia\" \/>\n<meta property=\"og:description\" content=\"O projeto Planeta Inseto do IB de S\u00e3o Paulo comemora - a marca hist\u00f3rica \u2013 de 80 mil visitantes no ano de 2024\" \/>\n<meta property=\"og:url\" content=\"https:\/\/www.forumcampinas.org.br\/interdependencia\/blog\/planeta-inseto-do-instituto-biologico-de-sao-paulo-80-mil-visitantes-em-2024\/\" \/>\n<meta property=\"og:site_name\" content=\"Interdepend\u00eancia\" \/>\n<meta property=\"og:image\" content=\"https:\/\/www.forumcampinas.org.br\/interdependencia\/wp-content\/uploads\/2025\/01\/planetainseto.jpg\" \/>\n\t<meta property=\"og:image:width\" content=\"1000\" \/>\n\t<meta property=\"og:image:height\" content=\"553\" \/>\n\t<meta property=\"og:image:type\" content=\"image\/jpeg\" \/>\n<meta name=\"twitter:card\" content=\"summary_large_image\" \/>\n<meta name=\"twitter:label1\" content=\"Est. tempo de leitura\" \/>\n\t<meta name=\"twitter:data1\" content=\"5 minutos\" \/>\n<script type=\"application\/ld+json\" class=\"yoast-schema-graph\">{\"@context\":\"https:\\\/\\\/schema.org\",\"@graph\":[{\"@type\":\"WebPage\",\"@id\":\"https:\\\/\\\/www.forumcampinas.org.br\\\/interdependencia\\\/blog\\\/planeta-inseto-do-instituto-biologico-de-sao-paulo-80-mil-visitantes-em-2024\\\/\",\"url\":\"https:\\\/\\\/www.forumcampinas.org.br\\\/interdependencia\\\/blog\\\/planeta-inseto-do-instituto-biologico-de-sao-paulo-80-mil-visitantes-em-2024\\\/\",\"name\":\"Planeta Inseto do Instituto Biol\u00f3gico de S\u00e3o Paulo \u2013 80 mil visitantes em 2024 - Interdepend\u00eancia\",\"isPartOf\":{\"@id\":\"https:\\\/\\\/www.forumcampinas.org.br\\\/interdependencia\\\/#website\"},\"primaryImageOfPage\":{\"@id\":\"https:\\\/\\\/www.forumcampinas.org.br\\\/interdependencia\\\/blog\\\/planeta-inseto-do-instituto-biologico-de-sao-paulo-80-mil-visitantes-em-2024\\\/#primaryimage\"},\"image\":{\"@id\":\"https:\\\/\\\/www.forumcampinas.org.br\\\/interdependencia\\\/blog\\\/planeta-inseto-do-instituto-biologico-de-sao-paulo-80-mil-visitantes-em-2024\\\/#primaryimage\"},\"thumbnailUrl\":\"https:\\\/\\\/www.forumcampinas.org.br\\\/interdependencia\\\/wp-content\\\/uploads\\\/2025\\\/01\\\/planetainseto.jpg\",\"datePublished\":\"2025-01-10T09:52:12+00:00\",\"description\":\"O projeto Planeta Inseto do IB de S\u00e3o Paulo comemora - a marca hist\u00f3rica \u2013 de 80 mil visitantes no ano de 2024\",\"breadcrumb\":{\"@id\":\"https:\\\/\\\/www.forumcampinas.org.br\\\/interdependencia\\\/blog\\\/planeta-inseto-do-instituto-biologico-de-sao-paulo-80-mil-visitantes-em-2024\\\/#breadcrumb\"},\"inLanguage\":\"pt-BR\",\"potentialAction\":[{\"@type\":\"ReadAction\",\"target\":[\"https:\\\/\\\/www.forumcampinas.org.br\\\/interdependencia\\\/blog\\\/planeta-inseto-do-instituto-biologico-de-sao-paulo-80-mil-visitantes-em-2024\\\/\"]}]},{\"@type\":\"ImageObject\",\"inLanguage\":\"pt-BR\",\"@id\":\"https:\\\/\\\/www.forumcampinas.org.br\\\/interdependencia\\\/blog\\\/planeta-inseto-do-instituto-biologico-de-sao-paulo-80-mil-visitantes-em-2024\\\/#primaryimage\",\"url\":\"https:\\\/\\\/www.forumcampinas.org.br\\\/interdependencia\\\/wp-content\\\/uploads\\\/2025\\\/01\\\/planetainseto.jpg\",\"contentUrl\":\"https:\\\/\\\/www.forumcampinas.org.br\\\/interdependencia\\\/wp-content\\\/uploads\\\/2025\\\/01\\\/planetainseto.jpg\",\"width\":1000,\"height\":553,\"caption\":\"Imagem: Website Planeta Inseto\"},{\"@type\":\"BreadcrumbList\",\"@id\":\"https:\\\/\\\/www.forumcampinas.org.br\\\/interdependencia\\\/blog\\\/planeta-inseto-do-instituto-biologico-de-sao-paulo-80-mil-visitantes-em-2024\\\/#breadcrumb\",\"itemListElement\":[{\"@type\":\"ListItem\",\"position\":1,\"name\":\"In\u00edcio\",\"item\":\"https:\\\/\\\/www.forumcampinas.org.br\\\/interdependencia\\\/\"},{\"@type\":\"ListItem\",\"position\":2,\"name\":\"Blog\",\"item\":\"https:\\\/\\\/www.forumcampinas.org.br\\\/interdependencia\\\/blog\\\/\"},{\"@type\":\"ListItem\",\"position\":3,\"name\":\"Planeta Inseto do Instituto Biol\u00f3gico de S\u00e3o Paulo \u2013 80 mil visitantes em 2024\"}]},{\"@type\":\"WebSite\",\"@id\":\"https:\\\/\\\/www.forumcampinas.org.br\\\/interdependencia\\\/#website\",\"url\":\"https:\\\/\\\/www.forumcampinas.org.br\\\/interdependencia\\\/\",\"name\":\"Interdepend\u00eancia\",\"description\":\"Ci\u00eancia, Tecnologia e Inova\u00e7\u00e3o e a Regi\u00e3o de Campinas\",\"publisher\":{\"@id\":\"https:\\\/\\\/www.forumcampinas.org.br\\\/interdependencia\\\/#organization\"},\"potentialAction\":[{\"@type\":\"SearchAction\",\"target\":{\"@type\":\"EntryPoint\",\"urlTemplate\":\"https:\\\/\\\/www.forumcampinas.org.br\\\/interdependencia\\\/?s={search_term_string}\"},\"query-input\":{\"@type\":\"PropertyValueSpecification\",\"valueRequired\":true,\"valueName\":\"search_term_string\"}}],\"inLanguage\":\"pt-BR\"},{\"@type\":\"Organization\",\"@id\":\"https:\\\/\\\/www.forumcampinas.org.br\\\/interdependencia\\\/#organization\",\"name\":\"Interdepend\u00eancia\",\"url\":\"https:\\\/\\\/www.forumcampinas.org.br\\\/interdependencia\\\/\",\"logo\":{\"@type\":\"ImageObject\",\"inLanguage\":\"pt-BR\",\"@id\":\"https:\\\/\\\/www.forumcampinas.org.br\\\/interdependencia\\\/#\\\/schema\\\/logo\\\/image\\\/\",\"url\":\"https:\\\/\\\/www.forumcampinas.org.br\\\/interdependencia\\\/wp-content\\\/uploads\\\/2023\\\/11\\\/interdependencia.png\",\"contentUrl\":\"https:\\\/\\\/www.forumcampinas.org.br\\\/interdependencia\\\/wp-content\\\/uploads\\\/2023\\\/11\\\/interdependencia.png\",\"width\":757,\"height\":195,\"caption\":\"Interdepend\u00eancia\"},\"image\":{\"@id\":\"https:\\\/\\\/www.forumcampinas.org.br\\\/interdependencia\\\/#\\\/schema\\\/logo\\\/image\\\/\"}}]}<\/script>\n<!-- \/ Yoast SEO plugin. -->","yoast_head_json":{"title":"Planeta Inseto do Instituto Biol\u00f3gico de S\u00e3o Paulo \u2013 80 mil visitantes em 2024 - Interdepend\u00eancia","description":"O projeto Planeta Inseto do IB de S\u00e3o Paulo comemora - a marca hist\u00f3rica \u2013 de 80 mil visitantes no ano de 2024","robots":{"index":"index","follow":"follow","max-snippet":"max-snippet:-1","max-image-preview":"max-image-preview:large","max-video-preview":"max-video-preview:-1"},"canonical":"https:\/\/www.forumcampinas.org.br\/interdependencia\/blog\/planeta-inseto-do-instituto-biologico-de-sao-paulo-80-mil-visitantes-em-2024\/","og_locale":"pt_BR","og_type":"article","og_title":"Planeta Inseto do Instituto Biol\u00f3gico de S\u00e3o Paulo \u2013 80 mil visitantes em 2024 - Interdepend\u00eancia","og_description":"O projeto Planeta Inseto do IB de S\u00e3o Paulo comemora - a marca hist\u00f3rica \u2013 de 80 mil visitantes no ano de 2024","og_url":"https:\/\/www.forumcampinas.org.br\/interdependencia\/blog\/planeta-inseto-do-instituto-biologico-de-sao-paulo-80-mil-visitantes-em-2024\/","og_site_name":"Interdepend\u00eancia","og_image":[{"width":1000,"height":553,"url":"https:\/\/www.forumcampinas.org.br\/interdependencia\/wp-content\/uploads\/2025\/01\/planetainseto.jpg","type":"image\/jpeg"}],"twitter_card":"summary_large_image","twitter_misc":{"Est. tempo de leitura":"5 minutos"},"schema":{"@context":"https:\/\/schema.org","@graph":[{"@type":"WebPage","@id":"https:\/\/www.forumcampinas.org.br\/interdependencia\/blog\/planeta-inseto-do-instituto-biologico-de-sao-paulo-80-mil-visitantes-em-2024\/","url":"https:\/\/www.forumcampinas.org.br\/interdependencia\/blog\/planeta-inseto-do-instituto-biologico-de-sao-paulo-80-mil-visitantes-em-2024\/","name":"Planeta Inseto do Instituto Biol\u00f3gico de S\u00e3o Paulo \u2013 80 mil visitantes em 2024 - Interdepend\u00eancia","isPartOf":{"@id":"https:\/\/www.forumcampinas.org.br\/interdependencia\/#website"},"primaryImageOfPage":{"@id":"https:\/\/www.forumcampinas.org.br\/interdependencia\/blog\/planeta-inseto-do-instituto-biologico-de-sao-paulo-80-mil-visitantes-em-2024\/#primaryimage"},"image":{"@id":"https:\/\/www.forumcampinas.org.br\/interdependencia\/blog\/planeta-inseto-do-instituto-biologico-de-sao-paulo-80-mil-visitantes-em-2024\/#primaryimage"},"thumbnailUrl":"https:\/\/www.forumcampinas.org.br\/interdependencia\/wp-content\/uploads\/2025\/01\/planetainseto.jpg","datePublished":"2025-01-10T09:52:12+00:00","description":"O projeto Planeta Inseto do IB de S\u00e3o Paulo comemora - a marca hist\u00f3rica \u2013 de 80 mil visitantes no ano de 2024","breadcrumb":{"@id":"https:\/\/www.forumcampinas.org.br\/interdependencia\/blog\/planeta-inseto-do-instituto-biologico-de-sao-paulo-80-mil-visitantes-em-2024\/#breadcrumb"},"inLanguage":"pt-BR","potentialAction":[{"@type":"ReadAction","target":["https:\/\/www.forumcampinas.org.br\/interdependencia\/blog\/planeta-inseto-do-instituto-biologico-de-sao-paulo-80-mil-visitantes-em-2024\/"]}]},{"@type":"ImageObject","inLanguage":"pt-BR","@id":"https:\/\/www.forumcampinas.org.br\/interdependencia\/blog\/planeta-inseto-do-instituto-biologico-de-sao-paulo-80-mil-visitantes-em-2024\/#primaryimage","url":"https:\/\/www.forumcampinas.org.br\/interdependencia\/wp-content\/uploads\/2025\/01\/planetainseto.jpg","contentUrl":"https:\/\/www.forumcampinas.org.br\/interdependencia\/wp-content\/uploads\/2025\/01\/planetainseto.jpg","width":1000,"height":553,"caption":"Imagem: Website Planeta Inseto"},{"@type":"BreadcrumbList","@id":"https:\/\/www.forumcampinas.org.br\/interdependencia\/blog\/planeta-inseto-do-instituto-biologico-de-sao-paulo-80-mil-visitantes-em-2024\/#breadcrumb","itemListElement":[{"@type":"ListItem","position":1,"name":"In\u00edcio","item":"https:\/\/www.forumcampinas.org.br\/interdependencia\/"},{"@type":"ListItem","position":2,"name":"Blog","item":"https:\/\/www.forumcampinas.org.br\/interdependencia\/blog\/"},{"@type":"ListItem","position":3,"name":"Planeta Inseto do Instituto Biol\u00f3gico de S\u00e3o Paulo \u2013 80 mil visitantes em 2024"}]},{"@type":"WebSite","@id":"https:\/\/www.forumcampinas.org.br\/interdependencia\/#website","url":"https:\/\/www.forumcampinas.org.br\/interdependencia\/","name":"Interdepend\u00eancia","description":"Ci\u00eancia, Tecnologia e Inova\u00e7\u00e3o e a Regi\u00e3o de Campinas","publisher":{"@id":"https:\/\/www.forumcampinas.org.br\/interdependencia\/#organization"},"potentialAction":[{"@type":"SearchAction","target":{"@type":"EntryPoint","urlTemplate":"https:\/\/www.forumcampinas.org.br\/interdependencia\/?s={search_term_string}"},"query-input":{"@type":"PropertyValueSpecification","valueRequired":true,"valueName":"search_term_string"}}],"inLanguage":"pt-BR"},{"@type":"Organization","@id":"https:\/\/www.forumcampinas.org.br\/interdependencia\/#organization","name":"Interdepend\u00eancia","url":"https:\/\/www.forumcampinas.org.br\/interdependencia\/","logo":{"@type":"ImageObject","inLanguage":"pt-BR","@id":"https:\/\/www.forumcampinas.org.br\/interdependencia\/#\/schema\/logo\/image\/","url":"https:\/\/www.forumcampinas.org.br\/interdependencia\/wp-content\/uploads\/2023\/11\/interdependencia.png","contentUrl":"https:\/\/www.forumcampinas.org.br\/interdependencia\/wp-content\/uploads\/2023\/11\/interdependencia.png","width":757,"height":195,"caption":"Interdepend\u00eancia"},"image":{"@id":"https:\/\/www.forumcampinas.org.br\/interdependencia\/#\/schema\/logo\/image\/"}}]}},"_links":{"self":[{"href":"https:\/\/www.forumcampinas.org.br\/interdependencia\/wp-json\/wp\/v2\/blog\/1093","targetHints":{"allow":["GET"]}}],"collection":[{"href":"https:\/\/www.forumcampinas.org.br\/interdependencia\/wp-json\/wp\/v2\/blog"}],"about":[{"href":"https:\/\/www.forumcampinas.org.br\/interdependencia\/wp-json\/wp\/v2\/types\/blog"}],"wp:featuredmedia":[{"embeddable":true,"href":"https:\/\/www.forumcampinas.org.br\/interdependencia\/wp-json\/wp\/v2\/media\/1091"}],"wp:attachment":[{"href":"https:\/\/www.forumcampinas.org.br\/interdependencia\/wp-json\/wp\/v2\/media?parent=1093"}],"curies":[{"name":"wp","href":"https:\/\/api.w.org\/{rel}","templated":true}]}}