{"id":837,"date":"2024-04-09T10:41:35","date_gmt":"2024-04-09T13:41:35","guid":{"rendered":"https:\/\/www.forumcampinas.org.br\/interdependencia\/?post_type=blog&#038;p=837"},"modified":"2024-04-09T10:54:27","modified_gmt":"2024-04-09T13:54:27","slug":"conheca-o-programa-lands-lancado-pela-puc-campinas-em-2023","status":"publish","type":"blog","link":"https:\/\/www.forumcampinas.org.br\/interdependencia\/blog\/conheca-o-programa-lands-lancado-pela-puc-campinas-em-2023\/","title":{"rendered":"Conhe\u00e7a o Programa Lands, lan\u00e7ado pela PUC Campinas em 2023"},"content":{"rendered":"<p><em><strong>Programa<\/strong> <strong>LANDS <\/strong><strong>&#8211; <\/strong><a href=\"https:\/\/www.puc-campinas.edu.br\/lands\/\" target=\"_blank\" rel=\"noopener\"><strong>Laborat\u00f3rio Nacional para o Desenvolvimento Sustent\u00e1vel<\/strong><\/a><strong>,<\/strong> tem como objetivo identificar e implementar solu\u00e7\u00f5es em agendas ligadas aos temas da sustentabilidade e desenvolvimento em v\u00e1rias \u00e1reas<\/em><\/p>\n<p><em>\u201cO Lands n\u00e3o \u00e9 somente um projeto da PUC Campinas, que acolheu a iniciativa, mas envolve outras universidades e institutos de pesquisa, com o objetivo maior de oferecer um mundo mais sustent\u00e1vel para a humanidade\u201d<\/em>. Dando in\u00edcio ao Workshop que lan\u00e7ou o Lands no Espa\u00e7o Mescla da PUC Campinas, estas foram as palavras do Reitor Dr. Germano Rigacci J\u00fanior, que na abertura do evento explicou aos presentes os motivos que levaram a universidade \u00e0 acolher o projeto. Primeiramente os prop\u00f3sitos do Laborat\u00f3rio Nacional v\u00eam ao encontro\u00a0 da miss\u00e3o da PUC, inspirada no magist\u00e9rio do Papa Francisco, que prioriza o cuidado com o pr\u00f3ximo, sua comunidade e o seu meio ambiente. A segunda raz\u00e3o \u00e9 que a PUC Campinas, uma institui\u00e7\u00e3o sem fins lucrativos, filantr\u00f3pica, comunit\u00e1ria, confessional cat\u00f3lica, tem entre seus objetivos a promo\u00e7\u00e3o de estudos, an\u00e1lises, avalia\u00e7\u00f5es e servi\u00e7os que promovem refer\u00eancias importantes para a economia nacional (baixo consumo de carbono, economia circular, urbanismo sustent\u00e1vel, \u00a0cuidado com o meio ambiente). A terceira justificativa para acolher o projeto \u00e9 o envolvimento da universidade com o HIDS \u2013 HUB Internacional para o Desenvolvimento Sustent\u00e1vel, que est\u00e1 avan\u00e7ado na sua concep\u00e7\u00e3o e que conta com outras institui\u00e7\u00f5es e com o setor p\u00fablico.<\/p>\n<figure id=\"attachment_833\" aria-describedby=\"caption-attachment-833\" style=\"width: 1000px\" class=\"wp-caption aligncenter\"><img loading=\"lazy\" decoding=\"async\" class=\"wp-image-833 size-full\" src=\"https:\/\/www.forumcampinas.org.br\/interdependencia\/wp-content\/uploads\/2024\/04\/whorkshop-LANDS-1.jpg\" alt=\"\" width=\"1000\" height=\"553\" srcset=\"https:\/\/www.forumcampinas.org.br\/interdependencia\/wp-content\/uploads\/2024\/04\/whorkshop-LANDS-1.jpg 1000w, https:\/\/www.forumcampinas.org.br\/interdependencia\/wp-content\/uploads\/2024\/04\/whorkshop-LANDS-1-300x166.jpg 300w, https:\/\/www.forumcampinas.org.br\/interdependencia\/wp-content\/uploads\/2024\/04\/whorkshop-LANDS-1-768x425.jpg 768w\" sizes=\"auto, (max-width: 1000px) 100vw, 1000px\" \/><figcaption id=\"caption-attachment-833\" class=\"wp-caption-text\">Da esq. para dir.: Diane Teo de Moraes, Prof. Dr. Marco Aur\u00e9lio Pinheiro Lima, Engenheira Dra. Rosana Ceron Di Giorgio, Prof. Dr. Carlos Alberto Arag\u00e3o de Carvalho Filho e Reitor da PUC-Campinas, Prof. Dr. Germano Rigacci J\u00fanior. <br \/>Cr\u00e9dito: Website Puc-Campinas<\/figcaption><\/figure>\n<p>O Laborat\u00f3rio surge com o objetivo de buscar uma estrat\u00e9gia para o desenvolvimento socioecon\u00f4mico, para que de fato uma nova economia possa acontecer dentro da l\u00f3gica da sustentabilidade. Como extrair os recursos naturais causando o m\u00ednimo de impacto ambiental? Quais as estrat\u00e9gias do governo para isso? O Lands pretende reunir pessoas e compet\u00eancias para discutir essas quest\u00f5es, e desta forma auxiliar na organiza\u00e7\u00e3o e implanta\u00e7\u00e3o de uma agenda neste sentido.<\/p>\n<p>E como avaliar a efic\u00e1cia do Lands? Atrav\u00e9s dos 7 programas estruturados para esta finalidade, de acordo com o Prof. Dr. Marco Aur\u00e9lio Pinheiro Lima, do Instituto de F\u00edsica da Unicamp: 1) Programa de Mapeamento de Compet\u00eancias e Infraestruturas (gratuito e dispon\u00edvel para o p\u00fablico de forma geral); 2) Programa de Avalia\u00e7\u00e3o de Sustentabilidade e Modelagem Tecnol\u00f3gica (identificando as maiores cadeias produtivas do pa\u00eds e seus impactos ambientais); 3) Programa de Desenvolvimento Tecnol\u00f3gico (como localizar as compet\u00eancias e realizar esse desenvolvimento, como dar in\u00edcio ao programa, como preencher lacunas dos processos que ser\u00e3o estudados); 4) Programa de Gest\u00e3o de Neg\u00f3cios (e a possibilidade da PUC criar um Parque Tecnol\u00f3gico Tem\u00e1tico); 5) Programa de Comunica\u00e7\u00e3o do Projeto; 6) Programa de Educa\u00e7\u00e3o em Desenvolvimento Sustent\u00e1vel (atrav\u00e9s dos cursos de p\u00f3s-gradua\u00e7\u00e3o, simular e desenvolver a cultura do desenvolvimento sustent\u00e1vel); 7) Programa de Pol\u00edticas P\u00fablicas.<\/p>\n<p>Carlos Alberto Arag\u00e3o de Carvalho Pinto, Diretor de Desenvolvimento Cient\u00edfico e Tecnol\u00f3gico da FINEP, apresentou no evento os principais programas da institui\u00e7\u00e3o que poderiam somar \u00e0s propostas do Lands. Para ele o desenvolvimento sustent\u00e1vel precisa considerar o \u201cdesenvolvimento social\u201d, assim como a transi\u00e7\u00e3o ecol\u00f3gica e energ\u00e9tica, que est\u00e3o na ordem do dia.<\/p>\n<p>Michael Hennessey, especialista da Divis\u00e3o da Competitividade, Tecnologia e Inova\u00e7\u00e3o do Banco Interamericano de Desenvolvimento relatou que\u00a0 os projetos do BID est\u00e3o exigindo cada vez mais c\u00e1lculos, estudos, pensamentos e conhecimento sobre tecnologia para a promo\u00e7\u00e3o da sustentabilidade, e que desta forma o Lands chega num momento excelente. Para o especialista, o Lands pode oferecer assist\u00eancia t\u00e9cnica, consultoria para projetos espec\u00edficos e produtos voltados para o conhecimento (estudos financiados, base de dados, an\u00e1lises regionais que estimulem a elabora\u00e7\u00e3o de novas pol\u00edticas p\u00fablicas).<\/p>\n<p>Para o Prof. Dr. Arthur Yabe Milanez, do BNDES, \u00e9 importante que o novo laborat\u00f3rio tenha um modelo de atua\u00e7\u00e3o bem definido, pois as empresas precisam reconhecer uma capacita\u00e7\u00e3o espec\u00edfica em suas atividades, para que ofere\u00e7a solu\u00e7\u00f5es de problemas espec\u00edficos, determinados. As empresas hoje s\u00e3o servidas por alguns centros tecnol\u00f3gicos com as quais j\u00e1 tem um relacionamento e j\u00e1 podem contar. Sendo assim o Lands precisa preencher lacunas que o mercado ainda n\u00e3o oferece.<\/p>\n<p>Para saber mais sobre o Lan\u00e7amento do <strong>Programa Lands<\/strong>, acesse a mat\u00e9ria completa:<\/p>\n<p>&nbsp;<\/p>\n<p><u>Reportagem original:<br \/>\n<\/u><a href=\"https:\/\/www.puc-campinas.edu.br\/puc-campinas-realiza-workshop-e-apresenta-programa-lands-com-foco-na-sustentabilidade\/\" target=\"_blank\" rel=\"noopener\">https:\/\/www.puc-campinas.edu.br\/ puc-campinas-realiza-workshop- e-apresenta-programa-lands- com-foco-na-sustentabilidade\/<\/a><\/p>\n<p><u>Fotos:<br \/>\n<\/u><a href=\"https:\/\/www.puc-campinas.edu.br\/lands\/\" target=\"_blank\" rel=\"noopener\">https:\/\/www.puc-campinas.edu.br\/lands\/<\/a><\/p>\n<p>&nbsp;<\/p>\n","protected":false},"excerpt":{"rendered":"<p>Programa LANDS &#8211; Laborat\u00f3rio Nacional para o Desenvolvimento Sustent\u00e1vel, tem como objetivo identificar e implementar solu\u00e7\u00f5es em agendas ligadas aos temas da sustentabilidade e desenvolvimento em v\u00e1rias \u00e1reas<\/p>\n","protected":false},"featured_media":833,"parent":0,"template":"","class_list":["post-837","blog","type-blog","status-publish","has-post-thumbnail","hentry"],"acf":[],"yoast_head":"<!-- This site is optimized with the Yoast SEO plugin v27.4 - https:\/\/yoast.com\/product\/yoast-seo-wordpress\/ -->\n<title>Conhe\u00e7a o Programa Lands, lan\u00e7ado pela PUC Campinas em 2023 - Interdepend\u00eancia<\/title>\n<meta name=\"description\" content=\"Programa LANDS - Laborat\u00f3rio Nacional para o Desenvolvimento Sustent\u00e1vel, tem como objetivo identificar e implementar solu\u00e7\u00f5es em agendas ligadas aos temas da sustentabilidade e desenvolvimento em v\u00e1rias \u00e1reas\" \/>\n<meta name=\"robots\" content=\"index, follow, max-snippet:-1, max-image-preview:large, max-video-preview:-1\" \/>\n<link rel=\"canonical\" href=\"https:\/\/www.forumcampinas.org.br\/interdependencia\/blog\/conheca-o-programa-lands-lancado-pela-puc-campinas-em-2023\/\" \/>\n<meta property=\"og:locale\" content=\"pt_BR\" \/>\n<meta property=\"og:type\" content=\"article\" \/>\n<meta property=\"og:title\" content=\"Conhe\u00e7a o Programa Lands, lan\u00e7ado pela PUC Campinas em 2023 - Interdepend\u00eancia\" \/>\n<meta property=\"og:description\" content=\"Programa LANDS - Laborat\u00f3rio Nacional para o Desenvolvimento Sustent\u00e1vel, tem como objetivo identificar e implementar solu\u00e7\u00f5es em agendas ligadas aos temas da sustentabilidade e desenvolvimento em v\u00e1rias \u00e1reas\" \/>\n<meta property=\"og:url\" content=\"https:\/\/www.forumcampinas.org.br\/interdependencia\/blog\/conheca-o-programa-lands-lancado-pela-puc-campinas-em-2023\/\" \/>\n<meta property=\"og:site_name\" content=\"Interdepend\u00eancia\" \/>\n<meta property=\"article:modified_time\" content=\"2024-04-09T13:54:27+00:00\" \/>\n<meta property=\"og:image\" content=\"https:\/\/www.forumcampinas.org.br\/interdependencia\/wp-content\/uploads\/2024\/04\/whorkshop-LANDS-1.jpg\" \/>\n\t<meta property=\"og:image:width\" content=\"1000\" \/>\n\t<meta property=\"og:image:height\" content=\"553\" \/>\n\t<meta property=\"og:image:type\" content=\"image\/jpeg\" \/>\n<meta name=\"twitter:card\" content=\"summary_large_image\" \/>\n<meta name=\"twitter:label1\" content=\"Est. tempo de leitura\" \/>\n\t<meta name=\"twitter:data1\" content=\"5 minutos\" \/>\n<script type=\"application\/ld+json\" class=\"yoast-schema-graph\">{\"@context\":\"https:\\\/\\\/schema.org\",\"@graph\":[{\"@type\":\"WebPage\",\"@id\":\"https:\\\/\\\/www.forumcampinas.org.br\\\/interdependencia\\\/blog\\\/conheca-o-programa-lands-lancado-pela-puc-campinas-em-2023\\\/\",\"url\":\"https:\\\/\\\/www.forumcampinas.org.br\\\/interdependencia\\\/blog\\\/conheca-o-programa-lands-lancado-pela-puc-campinas-em-2023\\\/\",\"name\":\"Conhe\u00e7a o Programa Lands, lan\u00e7ado pela PUC Campinas em 2023 - Interdepend\u00eancia\",\"isPartOf\":{\"@id\":\"https:\\\/\\\/www.forumcampinas.org.br\\\/interdependencia\\\/#website\"},\"primaryImageOfPage\":{\"@id\":\"https:\\\/\\\/www.forumcampinas.org.br\\\/interdependencia\\\/blog\\\/conheca-o-programa-lands-lancado-pela-puc-campinas-em-2023\\\/#primaryimage\"},\"image\":{\"@id\":\"https:\\\/\\\/www.forumcampinas.org.br\\\/interdependencia\\\/blog\\\/conheca-o-programa-lands-lancado-pela-puc-campinas-em-2023\\\/#primaryimage\"},\"thumbnailUrl\":\"https:\\\/\\\/www.forumcampinas.org.br\\\/interdependencia\\\/wp-content\\\/uploads\\\/2024\\\/04\\\/whorkshop-LANDS-1.jpg\",\"datePublished\":\"2024-04-09T13:41:35+00:00\",\"dateModified\":\"2024-04-09T13:54:27+00:00\",\"description\":\"Programa LANDS - Laborat\u00f3rio Nacional para o Desenvolvimento Sustent\u00e1vel, tem como objetivo identificar e implementar solu\u00e7\u00f5es em agendas ligadas aos temas da sustentabilidade e desenvolvimento em v\u00e1rias \u00e1reas\",\"breadcrumb\":{\"@id\":\"https:\\\/\\\/www.forumcampinas.org.br\\\/interdependencia\\\/blog\\\/conheca-o-programa-lands-lancado-pela-puc-campinas-em-2023\\\/#breadcrumb\"},\"inLanguage\":\"pt-BR\",\"potentialAction\":[{\"@type\":\"ReadAction\",\"target\":[\"https:\\\/\\\/www.forumcampinas.org.br\\\/interdependencia\\\/blog\\\/conheca-o-programa-lands-lancado-pela-puc-campinas-em-2023\\\/\"]}]},{\"@type\":\"ImageObject\",\"inLanguage\":\"pt-BR\",\"@id\":\"https:\\\/\\\/www.forumcampinas.org.br\\\/interdependencia\\\/blog\\\/conheca-o-programa-lands-lancado-pela-puc-campinas-em-2023\\\/#primaryimage\",\"url\":\"https:\\\/\\\/www.forumcampinas.org.br\\\/interdependencia\\\/wp-content\\\/uploads\\\/2024\\\/04\\\/whorkshop-LANDS-1.jpg\",\"contentUrl\":\"https:\\\/\\\/www.forumcampinas.org.br\\\/interdependencia\\\/wp-content\\\/uploads\\\/2024\\\/04\\\/whorkshop-LANDS-1.jpg\",\"width\":1000,\"height\":553,\"caption\":\"Da esq. para dir.: Diane Teo de Moraes, Prof. Dr. Marco Aur\u00e9lio Pinheiro Lima, Engenheira Dra. Rosana Ceron Di Giorgio, Prof. Dr. Carlos Alberto Arag\u00e3o de Carvalho Filho e Reitor da PUC-Campinas, Prof. Dr. Germano Rigacci J\u00fanior.\"},{\"@type\":\"BreadcrumbList\",\"@id\":\"https:\\\/\\\/www.forumcampinas.org.br\\\/interdependencia\\\/blog\\\/conheca-o-programa-lands-lancado-pela-puc-campinas-em-2023\\\/#breadcrumb\",\"itemListElement\":[{\"@type\":\"ListItem\",\"position\":1,\"name\":\"In\u00edcio\",\"item\":\"https:\\\/\\\/www.forumcampinas.org.br\\\/interdependencia\\\/\"},{\"@type\":\"ListItem\",\"position\":2,\"name\":\"Blog\",\"item\":\"https:\\\/\\\/www.forumcampinas.org.br\\\/interdependencia\\\/blog\\\/\"},{\"@type\":\"ListItem\",\"position\":3,\"name\":\"Conhe\u00e7a o Programa Lands, lan\u00e7ado pela PUC Campinas em 2023\"}]},{\"@type\":\"WebSite\",\"@id\":\"https:\\\/\\\/www.forumcampinas.org.br\\\/interdependencia\\\/#website\",\"url\":\"https:\\\/\\\/www.forumcampinas.org.br\\\/interdependencia\\\/\",\"name\":\"Interdepend\u00eancia\",\"description\":\"Ci\u00eancia, Tecnologia e Inova\u00e7\u00e3o e a Regi\u00e3o de Campinas\",\"publisher\":{\"@id\":\"https:\\\/\\\/www.forumcampinas.org.br\\\/interdependencia\\\/#organization\"},\"potentialAction\":[{\"@type\":\"SearchAction\",\"target\":{\"@type\":\"EntryPoint\",\"urlTemplate\":\"https:\\\/\\\/www.forumcampinas.org.br\\\/interdependencia\\\/?s={search_term_string}\"},\"query-input\":{\"@type\":\"PropertyValueSpecification\",\"valueRequired\":true,\"valueName\":\"search_term_string\"}}],\"inLanguage\":\"pt-BR\"},{\"@type\":\"Organization\",\"@id\":\"https:\\\/\\\/www.forumcampinas.org.br\\\/interdependencia\\\/#organization\",\"name\":\"Interdepend\u00eancia\",\"url\":\"https:\\\/\\\/www.forumcampinas.org.br\\\/interdependencia\\\/\",\"logo\":{\"@type\":\"ImageObject\",\"inLanguage\":\"pt-BR\",\"@id\":\"https:\\\/\\\/www.forumcampinas.org.br\\\/interdependencia\\\/#\\\/schema\\\/logo\\\/image\\\/\",\"url\":\"https:\\\/\\\/www.forumcampinas.org.br\\\/interdependencia\\\/wp-content\\\/uploads\\\/2023\\\/11\\\/interdependencia.png\",\"contentUrl\":\"https:\\\/\\\/www.forumcampinas.org.br\\\/interdependencia\\\/wp-content\\\/uploads\\\/2023\\\/11\\\/interdependencia.png\",\"width\":757,\"height\":195,\"caption\":\"Interdepend\u00eancia\"},\"image\":{\"@id\":\"https:\\\/\\\/www.forumcampinas.org.br\\\/interdependencia\\\/#\\\/schema\\\/logo\\\/image\\\/\"}}]}<\/script>\n<!-- \/ Yoast SEO plugin. -->","yoast_head_json":{"title":"Conhe\u00e7a o Programa Lands, lan\u00e7ado pela PUC Campinas em 2023 - Interdepend\u00eancia","description":"Programa LANDS - Laborat\u00f3rio Nacional para o Desenvolvimento Sustent\u00e1vel, tem como objetivo identificar e implementar solu\u00e7\u00f5es em agendas ligadas aos temas da sustentabilidade e desenvolvimento em v\u00e1rias \u00e1reas","robots":{"index":"index","follow":"follow","max-snippet":"max-snippet:-1","max-image-preview":"max-image-preview:large","max-video-preview":"max-video-preview:-1"},"canonical":"https:\/\/www.forumcampinas.org.br\/interdependencia\/blog\/conheca-o-programa-lands-lancado-pela-puc-campinas-em-2023\/","og_locale":"pt_BR","og_type":"article","og_title":"Conhe\u00e7a o Programa Lands, lan\u00e7ado pela PUC Campinas em 2023 - Interdepend\u00eancia","og_description":"Programa LANDS - Laborat\u00f3rio Nacional para o Desenvolvimento Sustent\u00e1vel, tem como objetivo identificar e implementar solu\u00e7\u00f5es em agendas ligadas aos temas da sustentabilidade e desenvolvimento em v\u00e1rias \u00e1reas","og_url":"https:\/\/www.forumcampinas.org.br\/interdependencia\/blog\/conheca-o-programa-lands-lancado-pela-puc-campinas-em-2023\/","og_site_name":"Interdepend\u00eancia","article_modified_time":"2024-04-09T13:54:27+00:00","og_image":[{"width":1000,"height":553,"url":"https:\/\/www.forumcampinas.org.br\/interdependencia\/wp-content\/uploads\/2024\/04\/whorkshop-LANDS-1.jpg","type":"image\/jpeg"}],"twitter_card":"summary_large_image","twitter_misc":{"Est. tempo de leitura":"5 minutos"},"schema":{"@context":"https:\/\/schema.org","@graph":[{"@type":"WebPage","@id":"https:\/\/www.forumcampinas.org.br\/interdependencia\/blog\/conheca-o-programa-lands-lancado-pela-puc-campinas-em-2023\/","url":"https:\/\/www.forumcampinas.org.br\/interdependencia\/blog\/conheca-o-programa-lands-lancado-pela-puc-campinas-em-2023\/","name":"Conhe\u00e7a o Programa Lands, lan\u00e7ado pela PUC Campinas em 2023 - Interdepend\u00eancia","isPartOf":{"@id":"https:\/\/www.forumcampinas.org.br\/interdependencia\/#website"},"primaryImageOfPage":{"@id":"https:\/\/www.forumcampinas.org.br\/interdependencia\/blog\/conheca-o-programa-lands-lancado-pela-puc-campinas-em-2023\/#primaryimage"},"image":{"@id":"https:\/\/www.forumcampinas.org.br\/interdependencia\/blog\/conheca-o-programa-lands-lancado-pela-puc-campinas-em-2023\/#primaryimage"},"thumbnailUrl":"https:\/\/www.forumcampinas.org.br\/interdependencia\/wp-content\/uploads\/2024\/04\/whorkshop-LANDS-1.jpg","datePublished":"2024-04-09T13:41:35+00:00","dateModified":"2024-04-09T13:54:27+00:00","description":"Programa LANDS - Laborat\u00f3rio Nacional para o Desenvolvimento Sustent\u00e1vel, tem como objetivo identificar e implementar solu\u00e7\u00f5es em agendas ligadas aos temas da sustentabilidade e desenvolvimento em v\u00e1rias \u00e1reas","breadcrumb":{"@id":"https:\/\/www.forumcampinas.org.br\/interdependencia\/blog\/conheca-o-programa-lands-lancado-pela-puc-campinas-em-2023\/#breadcrumb"},"inLanguage":"pt-BR","potentialAction":[{"@type":"ReadAction","target":["https:\/\/www.forumcampinas.org.br\/interdependencia\/blog\/conheca-o-programa-lands-lancado-pela-puc-campinas-em-2023\/"]}]},{"@type":"ImageObject","inLanguage":"pt-BR","@id":"https:\/\/www.forumcampinas.org.br\/interdependencia\/blog\/conheca-o-programa-lands-lancado-pela-puc-campinas-em-2023\/#primaryimage","url":"https:\/\/www.forumcampinas.org.br\/interdependencia\/wp-content\/uploads\/2024\/04\/whorkshop-LANDS-1.jpg","contentUrl":"https:\/\/www.forumcampinas.org.br\/interdependencia\/wp-content\/uploads\/2024\/04\/whorkshop-LANDS-1.jpg","width":1000,"height":553,"caption":"Da esq. para dir.: Diane Teo de Moraes, Prof. Dr. Marco Aur\u00e9lio Pinheiro Lima, Engenheira Dra. Rosana Ceron Di Giorgio, Prof. Dr. Carlos Alberto Arag\u00e3o de Carvalho Filho e Reitor da PUC-Campinas, Prof. Dr. Germano Rigacci J\u00fanior."},{"@type":"BreadcrumbList","@id":"https:\/\/www.forumcampinas.org.br\/interdependencia\/blog\/conheca-o-programa-lands-lancado-pela-puc-campinas-em-2023\/#breadcrumb","itemListElement":[{"@type":"ListItem","position":1,"name":"In\u00edcio","item":"https:\/\/www.forumcampinas.org.br\/interdependencia\/"},{"@type":"ListItem","position":2,"name":"Blog","item":"https:\/\/www.forumcampinas.org.br\/interdependencia\/blog\/"},{"@type":"ListItem","position":3,"name":"Conhe\u00e7a o Programa Lands, lan\u00e7ado pela PUC Campinas em 2023"}]},{"@type":"WebSite","@id":"https:\/\/www.forumcampinas.org.br\/interdependencia\/#website","url":"https:\/\/www.forumcampinas.org.br\/interdependencia\/","name":"Interdepend\u00eancia","description":"Ci\u00eancia, Tecnologia e Inova\u00e7\u00e3o e a Regi\u00e3o de Campinas","publisher":{"@id":"https:\/\/www.forumcampinas.org.br\/interdependencia\/#organization"},"potentialAction":[{"@type":"SearchAction","target":{"@type":"EntryPoint","urlTemplate":"https:\/\/www.forumcampinas.org.br\/interdependencia\/?s={search_term_string}"},"query-input":{"@type":"PropertyValueSpecification","valueRequired":true,"valueName":"search_term_string"}}],"inLanguage":"pt-BR"},{"@type":"Organization","@id":"https:\/\/www.forumcampinas.org.br\/interdependencia\/#organization","name":"Interdepend\u00eancia","url":"https:\/\/www.forumcampinas.org.br\/interdependencia\/","logo":{"@type":"ImageObject","inLanguage":"pt-BR","@id":"https:\/\/www.forumcampinas.org.br\/interdependencia\/#\/schema\/logo\/image\/","url":"https:\/\/www.forumcampinas.org.br\/interdependencia\/wp-content\/uploads\/2023\/11\/interdependencia.png","contentUrl":"https:\/\/www.forumcampinas.org.br\/interdependencia\/wp-content\/uploads\/2023\/11\/interdependencia.png","width":757,"height":195,"caption":"Interdepend\u00eancia"},"image":{"@id":"https:\/\/www.forumcampinas.org.br\/interdependencia\/#\/schema\/logo\/image\/"}}]}},"_links":{"self":[{"href":"https:\/\/www.forumcampinas.org.br\/interdependencia\/wp-json\/wp\/v2\/blog\/837","targetHints":{"allow":["GET"]}}],"collection":[{"href":"https:\/\/www.forumcampinas.org.br\/interdependencia\/wp-json\/wp\/v2\/blog"}],"about":[{"href":"https:\/\/www.forumcampinas.org.br\/interdependencia\/wp-json\/wp\/v2\/types\/blog"}],"wp:featuredmedia":[{"embeddable":true,"href":"https:\/\/www.forumcampinas.org.br\/interdependencia\/wp-json\/wp\/v2\/media\/833"}],"wp:attachment":[{"href":"https:\/\/www.forumcampinas.org.br\/interdependencia\/wp-json\/wp\/v2\/media?parent=837"}],"curies":[{"name":"wp","href":"https:\/\/api.w.org\/{rel}","templated":true}]}}