{"id":848,"date":"2024-04-16T09:28:15","date_gmt":"2024-04-16T12:28:15","guid":{"rendered":"https:\/\/www.forumcampinas.org.br\/interdependencia\/?post_type=blog&#038;p=848"},"modified":"2024-04-18T07:11:04","modified_gmt":"2024-04-18T10:11:04","slug":"a-inovacao-em-tecnologia-de-alimentos","status":"publish","type":"blog","link":"https:\/\/www.forumcampinas.org.br\/interdependencia\/blog\/a-inovacao-em-tecnologia-de-alimentos\/","title":{"rendered":"A Inova\u00e7\u00e3o em Tecnologia de Alimentos"},"content":{"rendered":"<p>No final de 2023, em Campinas (SP), foi inaugurado o <strong>Tropical Food Innovation Lab<\/strong>, um centro revolucion\u00e1rio onde ci\u00eancia e neg\u00f3cios se entrela\u00e7am para criar processos de produ\u00e7\u00e3o de alimentos e bebidas de forma sustent\u00e1vel. Esse projeto inovador se caracteriza como um <strong>Hub, um espa\u00e7o que conecta institui\u00e7\u00f5es de pesquisa, universidades, empresas, investidores, <em>startups<\/em> e outras entidades<\/strong>, impulsionando a inova\u00e7\u00e3o alimentar com pr\u00e1ticas sustent\u00e1veis que respeitam a biodiversidade brasileira e promovem a acessibilidade nutricional.<\/p>\n<figure id=\"attachment_849\" aria-describedby=\"caption-attachment-849\" style=\"width: 1000px\" class=\"wp-caption aligncenter\"><img loading=\"lazy\" decoding=\"async\" class=\"size-full wp-image-849\" src=\"https:\/\/www.forumcampinas.org.br\/interdependencia\/wp-content\/uploads\/2024\/04\/TropicalFoodInnovationLab-v2.jpg\" alt=\"\" width=\"1000\" height=\"553\" srcset=\"https:\/\/www.forumcampinas.org.br\/interdependencia\/wp-content\/uploads\/2024\/04\/TropicalFoodInnovationLab-v2.jpg 1000w, https:\/\/www.forumcampinas.org.br\/interdependencia\/wp-content\/uploads\/2024\/04\/TropicalFoodInnovationLab-v2-300x166.jpg 300w, https:\/\/www.forumcampinas.org.br\/interdependencia\/wp-content\/uploads\/2024\/04\/TropicalFoodInnovationLab-v2-768x425.jpg 768w\" sizes=\"auto, (max-width: 1000px) 100vw, 1000px\" \/><figcaption id=\"caption-attachment-849\" class=\"wp-caption-text\">Instalado dentro do Ital, centro de inova\u00e7\u00e3o possui infraestrutura de \u00faltima gera\u00e7\u00e3o (cr\u00e9dito: Antonio Carriero\/Ital)<\/figcaption><\/figure>\n<p>Equipado com uma <strong>planta piloto de 1,3 mil m\u00b2<\/strong> e com infraestrutura de \u00faltima gera\u00e7\u00e3o, o Tropical Food Innovation Lab, est\u00e1 instalado <strong>no Instituto de Tecnologia de Alimentos (Ital)<\/strong>, e oferece linhas de processamento em pequena escala, incluindo sistemas de extrus\u00e3o \u00famida e seca para prote\u00ednas vegetais, laborat\u00f3rios de an\u00e1lise e aplica\u00e7\u00e3o, e uma cozinha experimental de ponta, conhecida como <em>demokitchen<\/em>. \u00a0Neste ambiente colaborativo, empresas, engenheiros de alimentos, nutricionistas, chefs e mixologistas unem for\u00e7as para criar produtos inovadores. Al\u00e9m disso, o espa\u00e7o oferece \u00e1reas de intera\u00e7\u00e3o e <strong>coworking para workshops criativos e<em> pitching<\/em> (apresenta\u00e7\u00f5es de projetos)<\/strong>. Em uma pr\u00f3xima fase, est\u00e1 prevista a adi\u00e7\u00e3o de uma unidade de processamento de bebidas para complementar as instala\u00e7\u00f5es j\u00e1 existentes no Ital.<\/p>\n<p>O <strong>Brasil<\/strong>, com sua <strong>vasta biodiversidade vegetal<\/strong> e uma <strong>ind\u00fastria alimentar proeminente<\/strong> que historicamente contribui com <strong>10% do PIB<\/strong>, \u00e9 o ambiente perfeito para essa iniciativa. Localizado em Campinas, um centro de tecnologia no pa\u00eds, o Tropical re\u00fane talento e recursos para impulsionar a cadeia de alimentos, consolidando o Brasil como l\u00edder global. Para isso, conta com a parceria com institui\u00e7\u00f5es renomadas e de alta relev\u00e2ncia, como as su\u00ed\u00e7as<strong> B\u00fchler<\/strong> e <strong>Givaudan<\/strong>, a <strong>Cargill<\/strong> (norte-americana), <strong>o FoodTech Hub Latam<\/strong> e do <strong>Ital<\/strong>.<\/p>\n<p><strong>Food Tech Hub Latam<\/strong><\/p>\n<p>O FoodTech Hub Latam \u00e9 uma iniciativa criada em 2019 que visa impulsionar a inova\u00e7\u00e3o e o desenvolvimento de tecnologias na ind\u00fastria de alimentos na Am\u00e9rica Latina. Geralmente, \u00e9 uma organiza\u00e7\u00e3o que re\u00fane startups, empresas consolidadas, investidores e outros stakeholders do setor de tecnologia alimentar para colaborar, compartilhar conhecimento e promover o crescimento conjunto. As fun\u00e7\u00f5es podem incluir: acelera\u00e7\u00e3o de startups, networking e eventos, efici\u00eancia no processo de investimentos, inova\u00e7\u00e3o colaborativa, educa\u00e7\u00e3o, dentre outras possibilidades.<\/p>\n<p>Paulo Silveira, CEO da FoodTech Hub, e idealizador e gesto do Tropical Food Innovation Lab, destaca: \u201cEste ecossistema de inova\u00e7\u00e3o, estrategicamente localizado em Campinas, uma cidade reconhecida por sua excel\u00eancia tecnol\u00f3gica no Brasil, agrega a expertise intelectual, tecnol\u00f3gica, cient\u00edfica e criativa para estabelecer conex\u00f5es e solu\u00e7\u00f5es de vanguarda para a cadeia de alimentos, contribuindo assim para o protagonismo do Brasil como um expoente mundial\u201d<\/p>\n<p><strong>\u201cO Brasil tem sabores e texturas maravilhosos\u201d.<\/strong><\/p>\n<p>\u201cO Tropical Food Innovation Lab \u00e9 a materializa\u00e7\u00e3o da vis\u00e3o do Ital de que o futuro se constr\u00f3i somando compet\u00eancias e infraestrutura e aplicando conhecimento para gerar inova\u00e7\u00e3o e promover o empreendedorismo na \u00e1rea de ci\u00eancia e tecnologia de alimentos\u201d, diz Elo\u00edsa Garcia, diretora geral do Ital. Entrevistada na Record News (dispon\u00edvel em: <a href=\"https:\/\/www.youtube.com\/watch?v=FnmpAC2g9Ss&amp;t=277s&amp;ab_channel=RecordNews\">https:\/\/www.youtube.com\/watch? v=FnmpAC2g9Ss&amp; t=277s&amp;ab_channel=RecordNews<\/a>). Ela aponta a iniciativa em quest\u00e3o como uma parceria p\u00fablico-privada que visa impulsionar a inova\u00e7\u00e3o no setor de alimentos no Brasil, propondo a colabora\u00e7\u00e3o entre empresas privadas e institui\u00e7\u00f5es de pesquisa com foco principal na seguran\u00e7a alimentar \u2013 da popula\u00e7\u00e3o brasileira e mundial &#8211; e o aproveitamento da biodiversidade brasileira, reconhecendo o potencial do pa\u00eds na tecnologia de alimentos. Al\u00e9m disso, busca explorar a biodiversidade brasileira para desenvolver ingredientes alimentares que promovam o uso sustent\u00e1vel da floresta e gerem renda para as comunidades locais. Uma das metas \u00e9 diversificar os sabores e texturas dos alimentos, n\u00e3o apenas para encantar os consumidores, mas tamb\u00e9m para destacar a riqueza gastron\u00f4mica do Brasil no mercado internacional. Outro aspecto importante \u00e9 a redu\u00e7\u00e3o do desperd\u00edcio de alimentos ao longo da cadeia de produ\u00e7\u00e3o e consumo, aproveitando os res\u00edduos para criar produtos de alto valor nutricional.<\/p>\n<p><strong>Ital<\/strong><\/p>\n<p>O ITAL (Instituto de Tecnologia de Alimentos) \u00e9 uma institui\u00e7\u00e3o brasileira que desempenha um papel fundamental no desenvolvimento e na promo\u00e7\u00e3o da tecnologia aplicada aos alimentos. Fundado em 1963, o ITAL \u00e9 vinculado \u00e0 Ag\u00eancia Paulista de Tecnologia dos Agroneg\u00f3cios (APTA), \u00f3rg\u00e3o da Secretaria de Agricultura e Abastecimento do Estado de S\u00e3o Paulo. Destaca-se principalmente pela atua\u00e7\u00e3o na pesquisa e desenvolvimento, no suporte t\u00e9cnico prestado, a certifica\u00e7\u00e3o e an\u00e1lise de alimentos, e no desenvolvimento de normas e regulamenta\u00e7\u00f5es<em>.<\/em><\/p>\n<p><strong>Cargill<\/strong><\/p>\n<p>A Cargill, fundada em 1865, \u00e9 uma das maiores empresas de agroneg\u00f3cio do mundo, atuando em diversos segmentos da cadeia de valor alimentar, incluindo agricultura, produ\u00e7\u00e3o de alimentos, processamento de gr\u00e3os, comercializa\u00e7\u00e3o de commodities agr\u00edcolas, entre outros. Suas premissas visam atender diversos processos e setores de maneira sustent\u00e1vel, propondo a agricultura sustent\u00e1vel, a redu\u00e7\u00e3o do desmatamento, sustentabilidade no processo de produ\u00e7\u00e3o de alimentos, gest\u00e3o de \u00e1guas, com <em>accountability.<\/em><\/p>\n<p>Carlos Prax, l\u00edder de Tecnologia e Inova\u00e7\u00e3o LATAM da Cargill, afirma que o Tropical Food Innovation Lab, aponta: \u201cA inova\u00e7\u00e3o \u00e9 uma das chaves para alcan\u00e7ar isso, especialmente com o aumento da popula\u00e7\u00e3o e os desafios que v\u00e3o das mudan\u00e7as clim\u00e1ticas aos novos perfis de consumo. Estamos muito honrados em liderar este projeto ao lado de parceiros t\u00e3o relevantes para a produ\u00e7\u00e3o de alimentos n\u00e3o apenas na Am\u00e9rica Latina, mas no mundo\u201d.<\/p>\n<p>Para mais informa\u00e7\u00f5es:<\/p>\n<p><a href=\"https:\/\/www.youtube.com\/watch?v=FnmpAC2g9Ss&amp;t=277s&amp;ab_channel=RecordNews\" target=\"_blank\" rel=\"noopener\">https:\/\/www.youtube.com\/watch?v=FnmpAC2g9Ss<\/a><\/p>\n<p><a href=\"http:\/\/www.ital.agricultura.sp.gov.br\" target=\"_blank\" rel=\"noopener\">www.ital.agricultura.sp.gov.br<\/a>.<\/p>\n<p><a href=\"https:\/\/www.cargill.com.br\/\" target=\"_blank\" rel=\"noopener\">https:\/\/www.cargill.com.br\/<\/a><\/p>\n<p><a href=\"http:\/\/www.buhlergroup.com\" target=\"_blank\" rel=\"noopener\">www.buhlergroup.com<\/a><\/p>\n<p><a href=\"https:\/\/foodtechhub.com.br\/\" target=\"_blank\" rel=\"noopener\">https:\/\/foodtechhub.com.br\/<\/a><\/p>\n<p><a href=\"http:\/\/www.givaudan.com\/taste-wellbeing\" target=\"_blank\" rel=\"noopener\">www.givaudan.com\/taste-wellbeing<\/a><\/p>\n<p><a href=\"http:\/\/www.givaudan.com\" target=\"_blank\" rel=\"noopener\">www.givaudan.com<\/a><\/p>\n","protected":false},"excerpt":{"rendered":"<p>Novos tipos de alimentos, novas fontes de alimentos para garantir a seguran\u00e7a alimentar da popula\u00e7\u00e3o brasileira e mundial<\/p>\n","protected":false},"featured_media":849,"parent":0,"template":"","class_list":["post-848","blog","type-blog","status-publish","has-post-thumbnail","hentry"],"acf":[],"yoast_head":"<!-- This site is optimized with the Yoast SEO plugin v27.4 - https:\/\/yoast.com\/product\/yoast-seo-wordpress\/ -->\n<title>A Inova\u00e7\u00e3o em Tecnologia de Alimentos - Interdepend\u00eancia<\/title>\n<meta name=\"description\" content=\"Um centro revolucion\u00e1rio onde ci\u00eancia e neg\u00f3cios se entrela\u00e7am para criar processos de produ\u00e7\u00e3o de alimentos e bebidas de forma sustent\u00e1vel.\" \/>\n<meta name=\"robots\" content=\"index, follow, max-snippet:-1, max-image-preview:large, max-video-preview:-1\" \/>\n<link rel=\"canonical\" href=\"https:\/\/www.forumcampinas.org.br\/interdependencia\/blog\/a-inovacao-em-tecnologia-de-alimentos\/\" \/>\n<meta property=\"og:locale\" content=\"pt_BR\" \/>\n<meta property=\"og:type\" content=\"article\" \/>\n<meta property=\"og:title\" content=\"A Inova\u00e7\u00e3o em Tecnologia de Alimentos - Interdepend\u00eancia\" \/>\n<meta property=\"og:description\" content=\"Um centro revolucion\u00e1rio onde ci\u00eancia e neg\u00f3cios se entrela\u00e7am para criar processos de produ\u00e7\u00e3o de alimentos e bebidas de forma sustent\u00e1vel.\" \/>\n<meta property=\"og:url\" content=\"https:\/\/www.forumcampinas.org.br\/interdependencia\/blog\/a-inovacao-em-tecnologia-de-alimentos\/\" \/>\n<meta property=\"og:site_name\" content=\"Interdepend\u00eancia\" \/>\n<meta property=\"article:modified_time\" content=\"2024-04-18T10:11:04+00:00\" \/>\n<meta property=\"og:image\" content=\"https:\/\/www.forumcampinas.org.br\/interdependencia\/wp-content\/uploads\/2024\/04\/TropicalFoodInnovationLab-v2.jpg\" \/>\n\t<meta property=\"og:image:width\" content=\"1000\" \/>\n\t<meta property=\"og:image:height\" content=\"553\" \/>\n\t<meta property=\"og:image:type\" content=\"image\/jpeg\" \/>\n<meta name=\"twitter:card\" content=\"summary_large_image\" \/>\n<meta name=\"twitter:label1\" content=\"Est. tempo de leitura\" \/>\n\t<meta name=\"twitter:data1\" content=\"6 minutos\" \/>\n<script type=\"application\/ld+json\" class=\"yoast-schema-graph\">{\"@context\":\"https:\\\/\\\/schema.org\",\"@graph\":[{\"@type\":\"WebPage\",\"@id\":\"https:\\\/\\\/www.forumcampinas.org.br\\\/interdependencia\\\/blog\\\/a-inovacao-em-tecnologia-de-alimentos\\\/\",\"url\":\"https:\\\/\\\/www.forumcampinas.org.br\\\/interdependencia\\\/blog\\\/a-inovacao-em-tecnologia-de-alimentos\\\/\",\"name\":\"A Inova\u00e7\u00e3o em Tecnologia de Alimentos - Interdepend\u00eancia\",\"isPartOf\":{\"@id\":\"https:\\\/\\\/www.forumcampinas.org.br\\\/interdependencia\\\/#website\"},\"primaryImageOfPage\":{\"@id\":\"https:\\\/\\\/www.forumcampinas.org.br\\\/interdependencia\\\/blog\\\/a-inovacao-em-tecnologia-de-alimentos\\\/#primaryimage\"},\"image\":{\"@id\":\"https:\\\/\\\/www.forumcampinas.org.br\\\/interdependencia\\\/blog\\\/a-inovacao-em-tecnologia-de-alimentos\\\/#primaryimage\"},\"thumbnailUrl\":\"https:\\\/\\\/www.forumcampinas.org.br\\\/interdependencia\\\/wp-content\\\/uploads\\\/2024\\\/04\\\/TropicalFoodInnovationLab-v2.jpg\",\"datePublished\":\"2024-04-16T12:28:15+00:00\",\"dateModified\":\"2024-04-18T10:11:04+00:00\",\"description\":\"Um centro revolucion\u00e1rio onde ci\u00eancia e neg\u00f3cios se entrela\u00e7am para criar processos de produ\u00e7\u00e3o de alimentos e bebidas de forma sustent\u00e1vel.\",\"breadcrumb\":{\"@id\":\"https:\\\/\\\/www.forumcampinas.org.br\\\/interdependencia\\\/blog\\\/a-inovacao-em-tecnologia-de-alimentos\\\/#breadcrumb\"},\"inLanguage\":\"pt-BR\",\"potentialAction\":[{\"@type\":\"ReadAction\",\"target\":[\"https:\\\/\\\/www.forumcampinas.org.br\\\/interdependencia\\\/blog\\\/a-inovacao-em-tecnologia-de-alimentos\\\/\"]}]},{\"@type\":\"ImageObject\",\"inLanguage\":\"pt-BR\",\"@id\":\"https:\\\/\\\/www.forumcampinas.org.br\\\/interdependencia\\\/blog\\\/a-inovacao-em-tecnologia-de-alimentos\\\/#primaryimage\",\"url\":\"https:\\\/\\\/www.forumcampinas.org.br\\\/interdependencia\\\/wp-content\\\/uploads\\\/2024\\\/04\\\/TropicalFoodInnovationLab-v2.jpg\",\"contentUrl\":\"https:\\\/\\\/www.forumcampinas.org.br\\\/interdependencia\\\/wp-content\\\/uploads\\\/2024\\\/04\\\/TropicalFoodInnovationLab-v2.jpg\",\"width\":1000,\"height\":553,\"caption\":\"Instalado dentro do Ital, centro de inova\u00e7\u00e3o possui infraestrutura de \u00faltima gera\u00e7\u00e3o (cr\u00e9dito: Antonio Carriero\\\/Ital)\"},{\"@type\":\"BreadcrumbList\",\"@id\":\"https:\\\/\\\/www.forumcampinas.org.br\\\/interdependencia\\\/blog\\\/a-inovacao-em-tecnologia-de-alimentos\\\/#breadcrumb\",\"itemListElement\":[{\"@type\":\"ListItem\",\"position\":1,\"name\":\"In\u00edcio\",\"item\":\"https:\\\/\\\/www.forumcampinas.org.br\\\/interdependencia\\\/\"},{\"@type\":\"ListItem\",\"position\":2,\"name\":\"Blog\",\"item\":\"https:\\\/\\\/www.forumcampinas.org.br\\\/interdependencia\\\/blog\\\/\"},{\"@type\":\"ListItem\",\"position\":3,\"name\":\"A Inova\u00e7\u00e3o em Tecnologia de Alimentos\"}]},{\"@type\":\"WebSite\",\"@id\":\"https:\\\/\\\/www.forumcampinas.org.br\\\/interdependencia\\\/#website\",\"url\":\"https:\\\/\\\/www.forumcampinas.org.br\\\/interdependencia\\\/\",\"name\":\"Interdepend\u00eancia\",\"description\":\"Ci\u00eancia, Tecnologia e Inova\u00e7\u00e3o e a Regi\u00e3o de Campinas\",\"publisher\":{\"@id\":\"https:\\\/\\\/www.forumcampinas.org.br\\\/interdependencia\\\/#organization\"},\"potentialAction\":[{\"@type\":\"SearchAction\",\"target\":{\"@type\":\"EntryPoint\",\"urlTemplate\":\"https:\\\/\\\/www.forumcampinas.org.br\\\/interdependencia\\\/?s={search_term_string}\"},\"query-input\":{\"@type\":\"PropertyValueSpecification\",\"valueRequired\":true,\"valueName\":\"search_term_string\"}}],\"inLanguage\":\"pt-BR\"},{\"@type\":\"Organization\",\"@id\":\"https:\\\/\\\/www.forumcampinas.org.br\\\/interdependencia\\\/#organization\",\"name\":\"Interdepend\u00eancia\",\"url\":\"https:\\\/\\\/www.forumcampinas.org.br\\\/interdependencia\\\/\",\"logo\":{\"@type\":\"ImageObject\",\"inLanguage\":\"pt-BR\",\"@id\":\"https:\\\/\\\/www.forumcampinas.org.br\\\/interdependencia\\\/#\\\/schema\\\/logo\\\/image\\\/\",\"url\":\"https:\\\/\\\/www.forumcampinas.org.br\\\/interdependencia\\\/wp-content\\\/uploads\\\/2023\\\/11\\\/interdependencia.png\",\"contentUrl\":\"https:\\\/\\\/www.forumcampinas.org.br\\\/interdependencia\\\/wp-content\\\/uploads\\\/2023\\\/11\\\/interdependencia.png\",\"width\":757,\"height\":195,\"caption\":\"Interdepend\u00eancia\"},\"image\":{\"@id\":\"https:\\\/\\\/www.forumcampinas.org.br\\\/interdependencia\\\/#\\\/schema\\\/logo\\\/image\\\/\"}}]}<\/script>\n<!-- \/ Yoast SEO plugin. -->","yoast_head_json":{"title":"A Inova\u00e7\u00e3o em Tecnologia de Alimentos - Interdepend\u00eancia","description":"Um centro revolucion\u00e1rio onde ci\u00eancia e neg\u00f3cios se entrela\u00e7am para criar processos de produ\u00e7\u00e3o de alimentos e bebidas de forma sustent\u00e1vel.","robots":{"index":"index","follow":"follow","max-snippet":"max-snippet:-1","max-image-preview":"max-image-preview:large","max-video-preview":"max-video-preview:-1"},"canonical":"https:\/\/www.forumcampinas.org.br\/interdependencia\/blog\/a-inovacao-em-tecnologia-de-alimentos\/","og_locale":"pt_BR","og_type":"article","og_title":"A Inova\u00e7\u00e3o em Tecnologia de Alimentos - Interdepend\u00eancia","og_description":"Um centro revolucion\u00e1rio onde ci\u00eancia e neg\u00f3cios se entrela\u00e7am para criar processos de produ\u00e7\u00e3o de alimentos e bebidas de forma sustent\u00e1vel.","og_url":"https:\/\/www.forumcampinas.org.br\/interdependencia\/blog\/a-inovacao-em-tecnologia-de-alimentos\/","og_site_name":"Interdepend\u00eancia","article_modified_time":"2024-04-18T10:11:04+00:00","og_image":[{"width":1000,"height":553,"url":"https:\/\/www.forumcampinas.org.br\/interdependencia\/wp-content\/uploads\/2024\/04\/TropicalFoodInnovationLab-v2.jpg","type":"image\/jpeg"}],"twitter_card":"summary_large_image","twitter_misc":{"Est. tempo de leitura":"6 minutos"},"schema":{"@context":"https:\/\/schema.org","@graph":[{"@type":"WebPage","@id":"https:\/\/www.forumcampinas.org.br\/interdependencia\/blog\/a-inovacao-em-tecnologia-de-alimentos\/","url":"https:\/\/www.forumcampinas.org.br\/interdependencia\/blog\/a-inovacao-em-tecnologia-de-alimentos\/","name":"A Inova\u00e7\u00e3o em Tecnologia de Alimentos - Interdepend\u00eancia","isPartOf":{"@id":"https:\/\/www.forumcampinas.org.br\/interdependencia\/#website"},"primaryImageOfPage":{"@id":"https:\/\/www.forumcampinas.org.br\/interdependencia\/blog\/a-inovacao-em-tecnologia-de-alimentos\/#primaryimage"},"image":{"@id":"https:\/\/www.forumcampinas.org.br\/interdependencia\/blog\/a-inovacao-em-tecnologia-de-alimentos\/#primaryimage"},"thumbnailUrl":"https:\/\/www.forumcampinas.org.br\/interdependencia\/wp-content\/uploads\/2024\/04\/TropicalFoodInnovationLab-v2.jpg","datePublished":"2024-04-16T12:28:15+00:00","dateModified":"2024-04-18T10:11:04+00:00","description":"Um centro revolucion\u00e1rio onde ci\u00eancia e neg\u00f3cios se entrela\u00e7am para criar processos de produ\u00e7\u00e3o de alimentos e bebidas de forma sustent\u00e1vel.","breadcrumb":{"@id":"https:\/\/www.forumcampinas.org.br\/interdependencia\/blog\/a-inovacao-em-tecnologia-de-alimentos\/#breadcrumb"},"inLanguage":"pt-BR","potentialAction":[{"@type":"ReadAction","target":["https:\/\/www.forumcampinas.org.br\/interdependencia\/blog\/a-inovacao-em-tecnologia-de-alimentos\/"]}]},{"@type":"ImageObject","inLanguage":"pt-BR","@id":"https:\/\/www.forumcampinas.org.br\/interdependencia\/blog\/a-inovacao-em-tecnologia-de-alimentos\/#primaryimage","url":"https:\/\/www.forumcampinas.org.br\/interdependencia\/wp-content\/uploads\/2024\/04\/TropicalFoodInnovationLab-v2.jpg","contentUrl":"https:\/\/www.forumcampinas.org.br\/interdependencia\/wp-content\/uploads\/2024\/04\/TropicalFoodInnovationLab-v2.jpg","width":1000,"height":553,"caption":"Instalado dentro do Ital, centro de inova\u00e7\u00e3o possui infraestrutura de \u00faltima gera\u00e7\u00e3o (cr\u00e9dito: Antonio Carriero\/Ital)"},{"@type":"BreadcrumbList","@id":"https:\/\/www.forumcampinas.org.br\/interdependencia\/blog\/a-inovacao-em-tecnologia-de-alimentos\/#breadcrumb","itemListElement":[{"@type":"ListItem","position":1,"name":"In\u00edcio","item":"https:\/\/www.forumcampinas.org.br\/interdependencia\/"},{"@type":"ListItem","position":2,"name":"Blog","item":"https:\/\/www.forumcampinas.org.br\/interdependencia\/blog\/"},{"@type":"ListItem","position":3,"name":"A Inova\u00e7\u00e3o em Tecnologia de Alimentos"}]},{"@type":"WebSite","@id":"https:\/\/www.forumcampinas.org.br\/interdependencia\/#website","url":"https:\/\/www.forumcampinas.org.br\/interdependencia\/","name":"Interdepend\u00eancia","description":"Ci\u00eancia, Tecnologia e Inova\u00e7\u00e3o e a Regi\u00e3o de Campinas","publisher":{"@id":"https:\/\/www.forumcampinas.org.br\/interdependencia\/#organization"},"potentialAction":[{"@type":"SearchAction","target":{"@type":"EntryPoint","urlTemplate":"https:\/\/www.forumcampinas.org.br\/interdependencia\/?s={search_term_string}"},"query-input":{"@type":"PropertyValueSpecification","valueRequired":true,"valueName":"search_term_string"}}],"inLanguage":"pt-BR"},{"@type":"Organization","@id":"https:\/\/www.forumcampinas.org.br\/interdependencia\/#organization","name":"Interdepend\u00eancia","url":"https:\/\/www.forumcampinas.org.br\/interdependencia\/","logo":{"@type":"ImageObject","inLanguage":"pt-BR","@id":"https:\/\/www.forumcampinas.org.br\/interdependencia\/#\/schema\/logo\/image\/","url":"https:\/\/www.forumcampinas.org.br\/interdependencia\/wp-content\/uploads\/2023\/11\/interdependencia.png","contentUrl":"https:\/\/www.forumcampinas.org.br\/interdependencia\/wp-content\/uploads\/2023\/11\/interdependencia.png","width":757,"height":195,"caption":"Interdepend\u00eancia"},"image":{"@id":"https:\/\/www.forumcampinas.org.br\/interdependencia\/#\/schema\/logo\/image\/"}}]}},"_links":{"self":[{"href":"https:\/\/www.forumcampinas.org.br\/interdependencia\/wp-json\/wp\/v2\/blog\/848","targetHints":{"allow":["GET"]}}],"collection":[{"href":"https:\/\/www.forumcampinas.org.br\/interdependencia\/wp-json\/wp\/v2\/blog"}],"about":[{"href":"https:\/\/www.forumcampinas.org.br\/interdependencia\/wp-json\/wp\/v2\/types\/blog"}],"wp:featuredmedia":[{"embeddable":true,"href":"https:\/\/www.forumcampinas.org.br\/interdependencia\/wp-json\/wp\/v2\/media\/849"}],"wp:attachment":[{"href":"https:\/\/www.forumcampinas.org.br\/interdependencia\/wp-json\/wp\/v2\/media?parent=848"}],"curies":[{"name":"wp","href":"https:\/\/api.w.org\/{rel}","templated":true}]}}