{"id":854,"date":"2024-04-22T11:48:50","date_gmt":"2024-04-22T14:48:50","guid":{"rendered":"https:\/\/www.forumcampinas.org.br\/interdependencia\/?post_type=blog&#038;p=854"},"modified":"2024-04-22T11:57:49","modified_gmt":"2024-04-22T14:57:49","slug":"garantindo-o-futuro-campinas-e-a-gestao-sustentavel-da-agua","status":"publish","type":"blog","link":"https:\/\/www.forumcampinas.org.br\/interdependencia\/blog\/garantindo-o-futuro-campinas-e-a-gestao-sustentavel-da-agua\/","title":{"rendered":"Garantindo o Futuro: Campinas e a Gest\u00e3o Sustent\u00e1vel da \u00c1gua"},"content":{"rendered":"<p>Fundada em 28 de agosto de 1974, a Sociedade de Abastecimento e \u00c1gua e Saneamento S\/A de Campinas &#8211; a SANASA, \u00e9 um \u00f3rg\u00e3o alinhado com a Agenda 2030: plano global da ONU que tem como objetivo melhorar a qualidade de vida da popula\u00e7\u00e3o atrav\u00e9s da proposta do desenvolvimento sustent\u00e1vel.<\/p>\n<figure id=\"attachment_853\" aria-describedby=\"caption-attachment-853\" style=\"width: 1000px\" class=\"wp-caption aligncenter\"><img loading=\"lazy\" decoding=\"async\" class=\"size-full wp-image-853\" src=\"https:\/\/www.forumcampinas.org.br\/interdependencia\/wp-content\/uploads\/2024\/04\/Sanasa-Abastecimento-de-Agua.jpg\" alt=\"\" width=\"1000\" height=\"553\" srcset=\"https:\/\/www.forumcampinas.org.br\/interdependencia\/wp-content\/uploads\/2024\/04\/Sanasa-Abastecimento-de-Agua.jpg 1000w, https:\/\/www.forumcampinas.org.br\/interdependencia\/wp-content\/uploads\/2024\/04\/Sanasa-Abastecimento-de-Agua-300x166.jpg 300w, https:\/\/www.forumcampinas.org.br\/interdependencia\/wp-content\/uploads\/2024\/04\/Sanasa-Abastecimento-de-Agua-768x425.jpg 768w\" sizes=\"auto, (max-width: 1000px) 100vw, 1000px\" \/><figcaption id=\"caption-attachment-853\" class=\"wp-caption-text\">Foto: SANASA<\/figcaption><\/figure>\n<p>Ao longo dos anos, Campinas se destacou como um exemplo inspirador de gest\u00e3o consciente e sustent\u00e1vel dos recursos h\u00eddricos. Sob a administra\u00e7\u00e3o da SANASA, a cidade testemunhou uma not\u00e1vel redu\u00e7\u00e3o de 25% no consumo de \u00e1gua ao longo dos \u00faltimos 13 anos. Esse marco significativo n\u00e3o \u00e9 apenas uma conquista num\u00e9rica, mas sim o resultado tang\u00edvel de um compromisso cont\u00ednuo com a educa\u00e7\u00e3o, a conscientiza\u00e7\u00e3o e os investimentos estrat\u00e9gicos.<\/p>\n<p><em>\u201cCampinas e regi\u00e3o t\u00eam uma situa\u00e7\u00e3o de abastecimento mais confort\u00e1vel em rela\u00e7\u00e3o ao ano anterior, e a Sanasa tem feito obras que integram o Plano Campinas 2030 para garantir a seguran\u00e7a h\u00eddrica da cidade e o desenvolvimento sustent\u00e1vel. Fazem parte do plano a constru\u00e7\u00e3o de mais 20 reservat\u00f3rios, aumentando a capacidade de armazenamento de 142 milh\u00f5es de litros para 196 milh\u00f5es, a troca de 450 km de redes antigas por novas em Polietileno de Alta Densidade, material com durabilidade acima de 50 anos. Com essas novas redes, os rompimentos devem reduzir drasticamente, diminuindo tamb\u00e9m o \u00edndice de perdas na distribui\u00e7\u00e3o, que hoje \u00e9 de 20%, metade da m\u00e9dia brasileira (40%)&#8221;,<\/em> Fl\u00e1vio Forti Stenico, Assessor T\u00e9cnico do Cons\u00f3rcio das Bacias dos Rios Piracicaba, Capivari e Jundia\u00ed.<\/p>\n<p><strong>\u201cPCJ \u2013 O que \u00e9 o Comit\u00ea PCJ? Os comit\u00eas de bacia s\u00e3o entidades criadas pelo Sistema Nacional de Gest\u00e3o de Recursos H\u00eddricos de determinada bacia (Obs.: a \u00e1rea de atua\u00e7\u00e3o dos comit\u00eas n\u00e3o \u00e9 relacionada a divis\u00e3o de unidades federativas). Resumidamente, eles s\u00e3o um comit\u00ea de representa\u00e7\u00e3o de usu\u00e1rios de \u00e1gua que discutem e deliberam a respeito da gest\u00e3o regula\u00e7\u00e3o dos recursos h\u00eddricos.\u201d<\/strong><\/p>\n<p>Atrav\u00e9s de estruturas e campanhas educativas, e iniciativas comunit\u00e1rias como o Programa CASA &#8211; Ciclo da \u00c1gua no Saneamento, o Minha Escola na SANASA e o Centro de Conhecimento da \u00c1gua da SANASA, a empresa tem se dedicado incansavelmente a envolver e educar os cidad\u00e3os sobre a import\u00e2ncia da conserva\u00e7\u00e3o da \u00e1gua. Desde palestras em escolas at\u00e9 engajamento nas redes sociais, essas a\u00e7\u00f5es t\u00eam gerado um impacto significativo na cultura de consumo da \u00e1gua em Campinas.<\/p>\n<p>Outra ferramenta educativa e interativa \u00e9 o <a href=\"https:\/\/www.sanasa.com.br\/conteudo\/tourvirtual.aspx?f=I\">tour virtual<\/a> por instala\u00e7\u00f5es da SANASA. \u00c9 poss\u00edvel visualizar a Esta\u00e7\u00e3o de Tratamento de \u00c1gua e a Esta\u00e7\u00e3o de Tratamento de Lodo, al\u00e9m disso, todas etapas e processos s\u00e3o detalhadas.<\/p>\n<p><strong>Preserva\u00e7\u00e3o e desafios futuros<\/strong><\/p>\n<p>Enquanto celebramos esses avan\u00e7os, \u00e9 crucial reconhecer que a preserva\u00e7\u00e3o da \u00e1gua \u00e9 um esfor\u00e7o cont\u00ednuo e coletivo. A regi\u00e3o enfrenta desafios complexos, incluindo uma crescente demanda populacional e as incertezas clim\u00e1ticas. No entanto, com um uso consciente da \u00e1gua e investimentos em infraestrutura, Campinas est\u00e1 preparada para enfrentar esses desafios de forma flex\u00edvel.<\/p>\n<p>Sobre isso, Stenico comenta: \u201cO uso consciente e estrat\u00e9gico da \u00e1gua apresenta-se como uma forma de garantir n\u00e3o somente o desenvolvimento, mas tamb\u00e9m a sustentabilidade h\u00eddrica local. As mudan\u00e7as do clima e as instabilidades clim\u00e1ticas, com a ocorr\u00eancia dos eventos extremos, tamb\u00e9m evidenciam cada vez mais a necessidade de as cidades e regi\u00f5es adaptarem-se de forma sustent\u00e1vel e resiliente junto \u00e0s tem\u00e1ticas ambientais, principalmente em rela\u00e7\u00e3o a \u00e1gua\u201d.<\/p>\n<p><strong>O Sistema Cantareira<\/strong><\/p>\n<p>Com opera\u00e7\u00e3o iniciada em 1974, administrado pela Companhia de Saneamento B\u00e1sico do Estado de S\u00e3o Paulo (SABESP), o Sistema Cantareira \u00e9 o principal respons\u00e1vel pelo abastecimento de Regi\u00e3o Metropolitana de S\u00e3o Paulo (RMSP). Al\u00e9m disso, o Rio Atibaia, respons\u00e1vel por 95% do abastecimento de Campinas, \u00e9 represado por esse grande sistema de represas.<\/p>\n<p>Fonte vital de abastecimento para a regi\u00e3o, opera atualmente com n\u00edveis confort\u00e1veis de reserva\u00e7\u00e3o, resultado de uma recupera\u00e7\u00e3o not\u00e1vel nos \u00faltimos anos. No entanto, a conscientiza\u00e7\u00e3o sobre o uso racional da \u00e1gua continua sendo essencial para garantir a sustentabilidade a longo prazo.<\/p>\n<p>\u201cNota-se que devido \u00e0s chuvas mais volumosas registradas nas \u00e1reas de cabeceira do Cantareira, observadas no final de 2022 e ano de 2023, o Sistema registrou uma boa recupera\u00e7\u00e3o de seus volumes de \u00e1gua, atingindo valores que n\u00e3o eram observados h\u00e1 praticamente 10 anos. Essa proje\u00e7\u00e3o \u00e9 bastante otimista, pois os atuais volumes de \u00e1gua garantir\u00e3o, nesse pr\u00f3ximo per\u00edodo de estiagem, a disponibilidade h\u00eddrica dos principais munic\u00edpios que s\u00e3o atendidos pelas vaz\u00f5es regularizadas pelo Sistema.\u201d, pontua o assessor.<\/p>\n<p><strong>Obras das barragens de Pedreira e Amparo<\/strong><\/p>\n<p>Com objetivo de tornar o sistema de abastecimento da cidade mais resiliente e menos dependente do abastecimento do Rio Atibaia, Campinas projeta em seu Plano de Seguran\u00e7a H\u00eddrica, a constru\u00e7\u00e3o de barragens em Pedreira e Amparo. Com isso, o Rio Jaguari poderia ser represado suficientemente para auxiliar o abastecimento de \u00e1gua em Campinas.<\/p>\n<p>No pod\/videocast do Cons\u00f3rcio-PCJ, o prefeito de Pedreira, F\u00e1bio Polidoro falou sobre a constru\u00e7\u00e3o das barragens: \u201c\u00c9 uma obra muito importante para a seguran\u00e7a h\u00eddrica n\u00e3o s\u00f3 para Pedreira, mas tamb\u00e9m a todos os munic\u00edpios\u201d.<\/p>\n<p>Saiba mais:<\/p>\n<p><a href=\"https:\/\/www.youtube.com\/watch?v=GM-8NisdFGo&amp;ab_channel=ConsorcioPCJ\">Canal do Cons\u00f3rcio PCJ no YouTube<\/a><\/p>\n<p><a href=\"https:\/\/www.gov.br\/ana\/pt-br\/assuntos\/gestao-das-aguas\/fortalecimento-dos-entes-do-singreh\/comites-de-bacia-hidrografica\/comites-interestaduais\/pcj-1\">P\u00e1gina da Ag\u00eancia Nacional de \u00c1guas e Saneamento B\u00e1sico (ANA)sobre Comit\u00eas de Bacia Hidrogr\u00e1fica<\/a><\/p>\n<p><a href=\"https:\/\/www.sanasa.com.br\/conteudo\/conteudo2.aspx?f=I&amp;par_nrod=189&amp;flag=P-A\">COMPROMISSO &#8211; QUALIDADE (NBR ISO 9001) &#8211; SANASA<\/a><\/p>\n","protected":false},"excerpt":{"rendered":"<p>A SANASA est\u00e1 alinhada \u00e0 Agenda 2030 para melhorar a qualidade de vida da popula\u00e7\u00e3o atrav\u00e9s da proposta do desenvolvimento sustent\u00e1vel<\/p>\n","protected":false},"featured_media":853,"parent":0,"template":"","class_list":["post-854","blog","type-blog","status-publish","has-post-thumbnail","hentry"],"acf":[],"yoast_head":"<!-- This site is optimized with the Yoast SEO plugin v27.4 - https:\/\/yoast.com\/product\/yoast-seo-wordpress\/ -->\n<title>Garantindo o Futuro: Campinas e a Gest\u00e3o Sustent\u00e1vel da \u00c1gua - Interdepend\u00eancia<\/title>\n<meta name=\"description\" content=\"A SANASA est\u00e1 alinhada \u00e0 Agenda 2030 para melhorar a qualidade de vida da popula\u00e7\u00e3o atrav\u00e9s da proposta do desenvolvimento sustent\u00e1vel.\" \/>\n<meta name=\"robots\" content=\"index, follow, max-snippet:-1, max-image-preview:large, max-video-preview:-1\" \/>\n<link rel=\"canonical\" href=\"https:\/\/www.forumcampinas.org.br\/interdependencia\/blog\/garantindo-o-futuro-campinas-e-a-gestao-sustentavel-da-agua\/\" \/>\n<meta property=\"og:locale\" content=\"pt_BR\" \/>\n<meta property=\"og:type\" content=\"article\" \/>\n<meta property=\"og:title\" content=\"Garantindo o Futuro: Campinas e a Gest\u00e3o Sustent\u00e1vel da \u00c1gua - Interdepend\u00eancia\" \/>\n<meta property=\"og:description\" content=\"A SANASA est\u00e1 alinhada \u00e0 Agenda 2030 para melhorar a qualidade de vida da popula\u00e7\u00e3o atrav\u00e9s da proposta do desenvolvimento sustent\u00e1vel.\" \/>\n<meta property=\"og:url\" content=\"https:\/\/www.forumcampinas.org.br\/interdependencia\/blog\/garantindo-o-futuro-campinas-e-a-gestao-sustentavel-da-agua\/\" \/>\n<meta property=\"og:site_name\" content=\"Interdepend\u00eancia\" \/>\n<meta property=\"article:modified_time\" content=\"2024-04-22T14:57:49+00:00\" \/>\n<meta property=\"og:image\" content=\"https:\/\/www.forumcampinas.org.br\/interdependencia\/wp-content\/uploads\/2024\/04\/Sanasa-Abastecimento-de-Agua.jpg\" \/>\n\t<meta property=\"og:image:width\" content=\"1000\" \/>\n\t<meta property=\"og:image:height\" content=\"553\" \/>\n\t<meta property=\"og:image:type\" content=\"image\/jpeg\" \/>\n<meta name=\"twitter:card\" content=\"summary_large_image\" \/>\n<meta name=\"twitter:label1\" content=\"Est. tempo de leitura\" \/>\n\t<meta name=\"twitter:data1\" content=\"6 minutos\" \/>\n<script type=\"application\/ld+json\" class=\"yoast-schema-graph\">{\"@context\":\"https:\\\/\\\/schema.org\",\"@graph\":[{\"@type\":\"WebPage\",\"@id\":\"https:\\\/\\\/www.forumcampinas.org.br\\\/interdependencia\\\/blog\\\/garantindo-o-futuro-campinas-e-a-gestao-sustentavel-da-agua\\\/\",\"url\":\"https:\\\/\\\/www.forumcampinas.org.br\\\/interdependencia\\\/blog\\\/garantindo-o-futuro-campinas-e-a-gestao-sustentavel-da-agua\\\/\",\"name\":\"Garantindo o Futuro: Campinas e a Gest\u00e3o Sustent\u00e1vel da \u00c1gua - Interdepend\u00eancia\",\"isPartOf\":{\"@id\":\"https:\\\/\\\/www.forumcampinas.org.br\\\/interdependencia\\\/#website\"},\"primaryImageOfPage\":{\"@id\":\"https:\\\/\\\/www.forumcampinas.org.br\\\/interdependencia\\\/blog\\\/garantindo-o-futuro-campinas-e-a-gestao-sustentavel-da-agua\\\/#primaryimage\"},\"image\":{\"@id\":\"https:\\\/\\\/www.forumcampinas.org.br\\\/interdependencia\\\/blog\\\/garantindo-o-futuro-campinas-e-a-gestao-sustentavel-da-agua\\\/#primaryimage\"},\"thumbnailUrl\":\"https:\\\/\\\/www.forumcampinas.org.br\\\/interdependencia\\\/wp-content\\\/uploads\\\/2024\\\/04\\\/Sanasa-Abastecimento-de-Agua.jpg\",\"datePublished\":\"2024-04-22T14:48:50+00:00\",\"dateModified\":\"2024-04-22T14:57:49+00:00\",\"description\":\"A SANASA est\u00e1 alinhada \u00e0 Agenda 2030 para melhorar a qualidade de vida da popula\u00e7\u00e3o atrav\u00e9s da proposta do desenvolvimento sustent\u00e1vel.\",\"breadcrumb\":{\"@id\":\"https:\\\/\\\/www.forumcampinas.org.br\\\/interdependencia\\\/blog\\\/garantindo-o-futuro-campinas-e-a-gestao-sustentavel-da-agua\\\/#breadcrumb\"},\"inLanguage\":\"pt-BR\",\"potentialAction\":[{\"@type\":\"ReadAction\",\"target\":[\"https:\\\/\\\/www.forumcampinas.org.br\\\/interdependencia\\\/blog\\\/garantindo-o-futuro-campinas-e-a-gestao-sustentavel-da-agua\\\/\"]}]},{\"@type\":\"ImageObject\",\"inLanguage\":\"pt-BR\",\"@id\":\"https:\\\/\\\/www.forumcampinas.org.br\\\/interdependencia\\\/blog\\\/garantindo-o-futuro-campinas-e-a-gestao-sustentavel-da-agua\\\/#primaryimage\",\"url\":\"https:\\\/\\\/www.forumcampinas.org.br\\\/interdependencia\\\/wp-content\\\/uploads\\\/2024\\\/04\\\/Sanasa-Abastecimento-de-Agua.jpg\",\"contentUrl\":\"https:\\\/\\\/www.forumcampinas.org.br\\\/interdependencia\\\/wp-content\\\/uploads\\\/2024\\\/04\\\/Sanasa-Abastecimento-de-Agua.jpg\",\"width\":1000,\"height\":553,\"caption\":\"Foto: SANASA\"},{\"@type\":\"BreadcrumbList\",\"@id\":\"https:\\\/\\\/www.forumcampinas.org.br\\\/interdependencia\\\/blog\\\/garantindo-o-futuro-campinas-e-a-gestao-sustentavel-da-agua\\\/#breadcrumb\",\"itemListElement\":[{\"@type\":\"ListItem\",\"position\":1,\"name\":\"In\u00edcio\",\"item\":\"https:\\\/\\\/www.forumcampinas.org.br\\\/interdependencia\\\/\"},{\"@type\":\"ListItem\",\"position\":2,\"name\":\"Blog\",\"item\":\"https:\\\/\\\/www.forumcampinas.org.br\\\/interdependencia\\\/blog\\\/\"},{\"@type\":\"ListItem\",\"position\":3,\"name\":\"Garantindo o Futuro: Campinas e a Gest\u00e3o Sustent\u00e1vel da \u00c1gua\"}]},{\"@type\":\"WebSite\",\"@id\":\"https:\\\/\\\/www.forumcampinas.org.br\\\/interdependencia\\\/#website\",\"url\":\"https:\\\/\\\/www.forumcampinas.org.br\\\/interdependencia\\\/\",\"name\":\"Interdepend\u00eancia\",\"description\":\"Ci\u00eancia, Tecnologia e Inova\u00e7\u00e3o e a Regi\u00e3o de Campinas\",\"publisher\":{\"@id\":\"https:\\\/\\\/www.forumcampinas.org.br\\\/interdependencia\\\/#organization\"},\"potentialAction\":[{\"@type\":\"SearchAction\",\"target\":{\"@type\":\"EntryPoint\",\"urlTemplate\":\"https:\\\/\\\/www.forumcampinas.org.br\\\/interdependencia\\\/?s={search_term_string}\"},\"query-input\":{\"@type\":\"PropertyValueSpecification\",\"valueRequired\":true,\"valueName\":\"search_term_string\"}}],\"inLanguage\":\"pt-BR\"},{\"@type\":\"Organization\",\"@id\":\"https:\\\/\\\/www.forumcampinas.org.br\\\/interdependencia\\\/#organization\",\"name\":\"Interdepend\u00eancia\",\"url\":\"https:\\\/\\\/www.forumcampinas.org.br\\\/interdependencia\\\/\",\"logo\":{\"@type\":\"ImageObject\",\"inLanguage\":\"pt-BR\",\"@id\":\"https:\\\/\\\/www.forumcampinas.org.br\\\/interdependencia\\\/#\\\/schema\\\/logo\\\/image\\\/\",\"url\":\"https:\\\/\\\/www.forumcampinas.org.br\\\/interdependencia\\\/wp-content\\\/uploads\\\/2023\\\/11\\\/interdependencia.png\",\"contentUrl\":\"https:\\\/\\\/www.forumcampinas.org.br\\\/interdependencia\\\/wp-content\\\/uploads\\\/2023\\\/11\\\/interdependencia.png\",\"width\":757,\"height\":195,\"caption\":\"Interdepend\u00eancia\"},\"image\":{\"@id\":\"https:\\\/\\\/www.forumcampinas.org.br\\\/interdependencia\\\/#\\\/schema\\\/logo\\\/image\\\/\"}}]}<\/script>\n<!-- \/ Yoast SEO plugin. -->","yoast_head_json":{"title":"Garantindo o Futuro: Campinas e a Gest\u00e3o Sustent\u00e1vel da \u00c1gua - Interdepend\u00eancia","description":"A SANASA est\u00e1 alinhada \u00e0 Agenda 2030 para melhorar a qualidade de vida da popula\u00e7\u00e3o atrav\u00e9s da proposta do desenvolvimento sustent\u00e1vel.","robots":{"index":"index","follow":"follow","max-snippet":"max-snippet:-1","max-image-preview":"max-image-preview:large","max-video-preview":"max-video-preview:-1"},"canonical":"https:\/\/www.forumcampinas.org.br\/interdependencia\/blog\/garantindo-o-futuro-campinas-e-a-gestao-sustentavel-da-agua\/","og_locale":"pt_BR","og_type":"article","og_title":"Garantindo o Futuro: Campinas e a Gest\u00e3o Sustent\u00e1vel da \u00c1gua - Interdepend\u00eancia","og_description":"A SANASA est\u00e1 alinhada \u00e0 Agenda 2030 para melhorar a qualidade de vida da popula\u00e7\u00e3o atrav\u00e9s da proposta do desenvolvimento sustent\u00e1vel.","og_url":"https:\/\/www.forumcampinas.org.br\/interdependencia\/blog\/garantindo-o-futuro-campinas-e-a-gestao-sustentavel-da-agua\/","og_site_name":"Interdepend\u00eancia","article_modified_time":"2024-04-22T14:57:49+00:00","og_image":[{"width":1000,"height":553,"url":"https:\/\/www.forumcampinas.org.br\/interdependencia\/wp-content\/uploads\/2024\/04\/Sanasa-Abastecimento-de-Agua.jpg","type":"image\/jpeg"}],"twitter_card":"summary_large_image","twitter_misc":{"Est. tempo de leitura":"6 minutos"},"schema":{"@context":"https:\/\/schema.org","@graph":[{"@type":"WebPage","@id":"https:\/\/www.forumcampinas.org.br\/interdependencia\/blog\/garantindo-o-futuro-campinas-e-a-gestao-sustentavel-da-agua\/","url":"https:\/\/www.forumcampinas.org.br\/interdependencia\/blog\/garantindo-o-futuro-campinas-e-a-gestao-sustentavel-da-agua\/","name":"Garantindo o Futuro: Campinas e a Gest\u00e3o Sustent\u00e1vel da \u00c1gua - Interdepend\u00eancia","isPartOf":{"@id":"https:\/\/www.forumcampinas.org.br\/interdependencia\/#website"},"primaryImageOfPage":{"@id":"https:\/\/www.forumcampinas.org.br\/interdependencia\/blog\/garantindo-o-futuro-campinas-e-a-gestao-sustentavel-da-agua\/#primaryimage"},"image":{"@id":"https:\/\/www.forumcampinas.org.br\/interdependencia\/blog\/garantindo-o-futuro-campinas-e-a-gestao-sustentavel-da-agua\/#primaryimage"},"thumbnailUrl":"https:\/\/www.forumcampinas.org.br\/interdependencia\/wp-content\/uploads\/2024\/04\/Sanasa-Abastecimento-de-Agua.jpg","datePublished":"2024-04-22T14:48:50+00:00","dateModified":"2024-04-22T14:57:49+00:00","description":"A SANASA est\u00e1 alinhada \u00e0 Agenda 2030 para melhorar a qualidade de vida da popula\u00e7\u00e3o atrav\u00e9s da proposta do desenvolvimento sustent\u00e1vel.","breadcrumb":{"@id":"https:\/\/www.forumcampinas.org.br\/interdependencia\/blog\/garantindo-o-futuro-campinas-e-a-gestao-sustentavel-da-agua\/#breadcrumb"},"inLanguage":"pt-BR","potentialAction":[{"@type":"ReadAction","target":["https:\/\/www.forumcampinas.org.br\/interdependencia\/blog\/garantindo-o-futuro-campinas-e-a-gestao-sustentavel-da-agua\/"]}]},{"@type":"ImageObject","inLanguage":"pt-BR","@id":"https:\/\/www.forumcampinas.org.br\/interdependencia\/blog\/garantindo-o-futuro-campinas-e-a-gestao-sustentavel-da-agua\/#primaryimage","url":"https:\/\/www.forumcampinas.org.br\/interdependencia\/wp-content\/uploads\/2024\/04\/Sanasa-Abastecimento-de-Agua.jpg","contentUrl":"https:\/\/www.forumcampinas.org.br\/interdependencia\/wp-content\/uploads\/2024\/04\/Sanasa-Abastecimento-de-Agua.jpg","width":1000,"height":553,"caption":"Foto: SANASA"},{"@type":"BreadcrumbList","@id":"https:\/\/www.forumcampinas.org.br\/interdependencia\/blog\/garantindo-o-futuro-campinas-e-a-gestao-sustentavel-da-agua\/#breadcrumb","itemListElement":[{"@type":"ListItem","position":1,"name":"In\u00edcio","item":"https:\/\/www.forumcampinas.org.br\/interdependencia\/"},{"@type":"ListItem","position":2,"name":"Blog","item":"https:\/\/www.forumcampinas.org.br\/interdependencia\/blog\/"},{"@type":"ListItem","position":3,"name":"Garantindo o Futuro: Campinas e a Gest\u00e3o Sustent\u00e1vel da \u00c1gua"}]},{"@type":"WebSite","@id":"https:\/\/www.forumcampinas.org.br\/interdependencia\/#website","url":"https:\/\/www.forumcampinas.org.br\/interdependencia\/","name":"Interdepend\u00eancia","description":"Ci\u00eancia, Tecnologia e Inova\u00e7\u00e3o e a Regi\u00e3o de Campinas","publisher":{"@id":"https:\/\/www.forumcampinas.org.br\/interdependencia\/#organization"},"potentialAction":[{"@type":"SearchAction","target":{"@type":"EntryPoint","urlTemplate":"https:\/\/www.forumcampinas.org.br\/interdependencia\/?s={search_term_string}"},"query-input":{"@type":"PropertyValueSpecification","valueRequired":true,"valueName":"search_term_string"}}],"inLanguage":"pt-BR"},{"@type":"Organization","@id":"https:\/\/www.forumcampinas.org.br\/interdependencia\/#organization","name":"Interdepend\u00eancia","url":"https:\/\/www.forumcampinas.org.br\/interdependencia\/","logo":{"@type":"ImageObject","inLanguage":"pt-BR","@id":"https:\/\/www.forumcampinas.org.br\/interdependencia\/#\/schema\/logo\/image\/","url":"https:\/\/www.forumcampinas.org.br\/interdependencia\/wp-content\/uploads\/2023\/11\/interdependencia.png","contentUrl":"https:\/\/www.forumcampinas.org.br\/interdependencia\/wp-content\/uploads\/2023\/11\/interdependencia.png","width":757,"height":195,"caption":"Interdepend\u00eancia"},"image":{"@id":"https:\/\/www.forumcampinas.org.br\/interdependencia\/#\/schema\/logo\/image\/"}}]}},"_links":{"self":[{"href":"https:\/\/www.forumcampinas.org.br\/interdependencia\/wp-json\/wp\/v2\/blog\/854","targetHints":{"allow":["GET"]}}],"collection":[{"href":"https:\/\/www.forumcampinas.org.br\/interdependencia\/wp-json\/wp\/v2\/blog"}],"about":[{"href":"https:\/\/www.forumcampinas.org.br\/interdependencia\/wp-json\/wp\/v2\/types\/blog"}],"wp:featuredmedia":[{"embeddable":true,"href":"https:\/\/www.forumcampinas.org.br\/interdependencia\/wp-json\/wp\/v2\/media\/853"}],"wp:attachment":[{"href":"https:\/\/www.forumcampinas.org.br\/interdependencia\/wp-json\/wp\/v2\/media?parent=854"}],"curies":[{"name":"wp","href":"https:\/\/api.w.org\/{rel}","templated":true}]}}