{"id":855,"date":"2024-04-22T11:54:42","date_gmt":"2024-04-22T14:54:42","guid":{"rendered":"https:\/\/www.forumcampinas.org.br\/interdependencia\/?post_type=blog&#038;p=855"},"modified":"2024-04-22T11:58:18","modified_gmt":"2024-04-22T14:58:18","slug":"desafios-e-estrategias-no-combate-ao-greening-na-citricultura-brasileira","status":"publish","type":"blog","link":"https:\/\/www.forumcampinas.org.br\/interdependencia\/blog\/desafios-e-estrategias-no-combate-ao-greening-na-citricultura-brasileira\/","title":{"rendered":"Desafios e Estrat\u00e9gias no Combate ao Greening na Citricultura Brasileira"},"content":{"rendered":"<p>O Greening, conhecido tamb\u00e9m como huanglongbing (HLB) ou citrus greening, \u00e9 uma doen\u00e7a causada pelas bact\u00e9rias do g\u00eanero <em>Candidatus Liberibacter, <\/em>que representa uma das maiores amea\u00e7as \u00e0 citricultura global, pois podem atingir as variedades c\u00edtricas (laranja, lim\u00e3o e mexerica). Desde sua primeira identifica\u00e7\u00e3o no Brasil, no mun\u00edcipio de Araraquara, em 2004, agricultores e cientistas t\u00eam enfrentado uma batalha cont\u00ednua para conter seus efeitos devastadores. Quase duas d\u00e9cadas se passaram, por\u00e9m o desafio persiste, colocando em xeque a lideran\u00e7a do pa\u00eds nesse setor vital.<\/p>\n<figure id=\"attachment_852\" aria-describedby=\"caption-attachment-852\" style=\"width: 1000px\" class=\"wp-caption aligncenter\"><img loading=\"lazy\" decoding=\"async\" class=\"size-full wp-image-852\" src=\"https:\/\/www.forumcampinas.org.br\/interdependencia\/wp-content\/uploads\/2024\/04\/greening.jpg\" alt=\"\" width=\"1000\" height=\"553\" srcset=\"https:\/\/www.forumcampinas.org.br\/interdependencia\/wp-content\/uploads\/2024\/04\/greening.jpg 1000w, https:\/\/www.forumcampinas.org.br\/interdependencia\/wp-content\/uploads\/2024\/04\/greening-300x166.jpg 300w, https:\/\/www.forumcampinas.org.br\/interdependencia\/wp-content\/uploads\/2024\/04\/greening-768x425.jpg 768w\" sizes=\"auto, (max-width: 1000px) 100vw, 1000px\" \/><figcaption id=\"caption-attachment-852\" class=\"wp-caption-text\">Foto: Fundecitrus<\/figcaption><\/figure>\n<p>Disseminada pela popula\u00e7\u00e3o de insetos psil\u00eddeos, popularmente conhecido como \u201ccigarrinhas\u201d, a doen\u00e7a, causa danos severos \u00e0s laranjeiras, comprometendo as estruturas da planta e sua qualidade. Estima-se que quase 40% da produ\u00e7\u00e3o nacional de laranja seja afetada pela doen\u00e7a, amea\u00e7ando a estabilidade do mercado e a sa\u00fade das planta\u00e7\u00f5es.<\/p>\n<p>Alessandra Alves, pesquisadora do Centro de Citricultura Sylvio Moreira e especialista em Melhoramento e Gen\u00e9tica Vegetal do Instituto Agron\u00f4mico de Campinas (IAC), comenta: \u201c<em>Um dos grandes problemas dessa doen\u00e7a \u00e9 a perda dos frutos, pois al\u00e9m da queda prematura, os frutos ficam deformados e sem utilidade para suco ou consumo in natura. O problema pode ser agravado devido ao aumento da popula\u00e7\u00e3o de psil\u00eddeos (inseto transmissor da bact\u00e9ria que causa o Greening), devido a resist\u00eancia desses as mol\u00e9culas dos inseticidas hoje dispon\u00edveis no mercado. Dessa forma, o risco aumenta, pois, com mais psil\u00eddeos, maior ser\u00e1 a transmiss\u00e3o para plantas saud\u00e1veis<\/em>.\u201d<\/p>\n<p>Recentemente, dados alarmantes do Fundo de Defesa da Citricultura (Fundecitrus) indicaram um aumento de 56% na incid\u00eancia do Greening entre 2022 e 2023. Esse crescimento levanta preocupa\u00e7\u00f5es sobre a capacidade do Brasil de manter sua posi\u00e7\u00e3o dominante no mercado global de laranjas e suco de laranja.<\/p>\n<p>Enfrentar esse desafio requer uma abordagem abrangente e coordenada. Al\u00e9m de investimentos substanciais em pesquisa e desenvolvimento, \u00e9 fundamental integrar tecnologias inovadoras no manejo da doen\u00e7a. Essa combina\u00e7\u00e3o de esfor\u00e7os visa encontrar solu\u00e7\u00f5es eficazes e sustent\u00e1veis para conter a dissemina\u00e7\u00e3o e mitigar seus impactos.<\/p>\n<p>No Estado de S\u00e3o Paulo, medidas concretas est\u00e3o sendo tomadas para enfrentar o problema. Oficializado recentementen atrav\u00e9s de decreto pelo Governado do Estado, o Comit\u00ea Estadual de Combate ao Greening reflete o compromisso em coordenar as a\u00e7\u00f5es de controle \u00e0 doen\u00e7a. Com representantes do governo, produtores e especialistas do setor, o comit\u00ea busca desenvolver pol\u00edticas e diretrizes eficazes para controlar a enfermidade e proteger a citricultura paulista.<\/p>\n<p>Entre as medidas propostas pelo comit\u00ea est\u00e3o a colabora\u00e7\u00e3o entre o setor p\u00fablico e as cadeias produtivas, a promo\u00e7\u00e3o de pr\u00e1ticas e tecnologias de controle e preven\u00e7\u00e3o da doen\u00e7a, e o estabelecimento de uma abordagem integrada e cont\u00ednua de combate.<\/p>\n<p>\u201c<em>O Comit\u00ea Estadual de Combate ao Greening foi criado para que a gente possa trabalhar de forma unida. Assim, simplificamos as a\u00e7\u00f5es e agimos em conjunto para combater esse problema que pode afetar de maneira muito s\u00e9ria a nossa economia e o agroneg\u00f3cio paulista<\/em>\u201d, afirma o secret\u00e1rio de Agricultura e Abastecimento, Guilherme Piai.<\/p>\n<p>Sobre a necessidade de estabelecer parcerias colaborativas, Alessandra Alves, destaca: \u201c<em>O IAC, em parceria com outros institutos, tem trabalhado fortemente em v\u00e1rias frentes para combate ao Greening (ou HLB), que incluem a\u00e7\u00f5es de conscientiza\u00e7\u00e3o do setor para controle da doen\u00e7a, atrav\u00e9s de eventos e palestras (como a Semana da Citricultura), e desenvolvimento de pesquisas, como melhoramento gen\u00e9tico para obten\u00e7\u00e3o de variedades mais tolerantes a doen\u00e7a e aplica\u00e7\u00e3o de mol\u00e9culas sustent\u00e1veis para manejo em plantas adultas. Atualmente temos em andamento o projeto Centro de Ci\u00eancia para o Desenvolvimento apoiado pela FAPESP e iniciativa privada (<a href=\"https:\/\/www.iac-crop.org.br\/\" target=\"_blank\" rel=\"noopener\">CCD-CROP-IAC<\/a>) que envolve o programa de melhoramento de porta-enxertos, e obten\u00e7\u00e3o de plantas tolerantes por edi\u00e7\u00e3o g\u00eanica.\u00a0 Ainda temos uma patente do uso do N-acetilcisteina (NAC) na agricultura, que \u00e9 uma mol\u00e9cula an\u00e1loga ao amino\u00e1cido ciste\u00edna, encontrada naturalmente no alho, que j\u00e1 foi testada por tr\u00eas anos no campo em plantas adultas com HLB. Esperamos que em breve essa mol\u00e9cula seja aprovada como um defensivo natural, para combate a bateria e melhoria da planta, sendo mais um componente a ser integrado nas pr\u00e1ticas de combate ao HLB e diminui\u00e7\u00e3o das perdas de produtividade.<\/em>\u201d<\/p>\n<p>Essas iniciativas s\u00e3o cruciais para proteger o agroneg\u00f3cio paulista, que desempenha um papel vital na economia regional e nacional, gerando milhares de empregos e impulsionando o desenvolvimento econ\u00f4mico.<\/p>\n<p>Fontes:<\/p>\n<p><a href=\"https:\/\/www.saopaulo.sp.gov.br\/spnoticias\/ultimas-noticias\/agro-decreto-de-sp-cria-comite-de-combate-ao-greening-praga-que-afeta-a-laranja\/\" target=\"_blank\" rel=\"noopener\">Agro: decreto de SP cria comit\u00ea de combate ao greening, praga que afeta a laranja &#8211; Portal do Governo do Estado de S\u00e3o Paulo<\/a><\/p>\n<p><a href=\"https:\/\/www.apqc.org.br\/pesquisadora-do-iac-fala-sobre-greening-doenca-que-afeta-a-producao-de-laranja\/\" target=\"_blank\" rel=\"noopener\">Pesquisadora do IAC fala sobre Greening, doen\u00e7a que afeta a produ\u00e7\u00e3o de laranja &#8211; Site da APqC<\/a><\/p>\n<p><a href=\"https:\/\/emdagro.se.gov.br\/greening-a-ameaca-silenciosa-que-paira-sobre-os-citros-brasileiros\/\" target=\"_blank\" rel=\"noopener\">Greening: A amea\u00e7a silenciosa que paira sobre os citros brasileiros &#8211; Site da Emdrago<\/a><\/p>\n","protected":false},"excerpt":{"rendered":"<p>O Greening \u00e9 uma doen\u00e7a causada por bact\u00e9rias que representa uma das maiores amea\u00e7as \u00e0 citricultura global<\/p>\n","protected":false},"featured_media":852,"parent":0,"template":"","class_list":["post-855","blog","type-blog","status-publish","has-post-thumbnail","hentry"],"acf":[],"yoast_head":"<!-- This site is optimized with the Yoast SEO plugin v27.4 - https:\/\/yoast.com\/product\/yoast-seo-wordpress\/ -->\n<title>Desafios e Estrat\u00e9gias no Combate ao Greening na Citricultura Brasileira - Interdepend\u00eancia<\/title>\n<meta name=\"description\" content=\"O Greening \u00e9 uma doen\u00e7a causada por bact\u00e9rias que representa uma das maiores amea\u00e7as \u00e0 citricultura global.\" \/>\n<meta name=\"robots\" content=\"index, follow, max-snippet:-1, max-image-preview:large, max-video-preview:-1\" \/>\n<link rel=\"canonical\" href=\"https:\/\/www.forumcampinas.org.br\/interdependencia\/blog\/desafios-e-estrategias-no-combate-ao-greening-na-citricultura-brasileira\/\" \/>\n<meta property=\"og:locale\" content=\"pt_BR\" \/>\n<meta property=\"og:type\" content=\"article\" \/>\n<meta property=\"og:title\" content=\"Desafios e Estrat\u00e9gias no Combate ao Greening na Citricultura Brasileira - Interdepend\u00eancia\" \/>\n<meta property=\"og:description\" content=\"O Greening \u00e9 uma doen\u00e7a causada por bact\u00e9rias que representa uma das maiores amea\u00e7as \u00e0 citricultura global.\" \/>\n<meta property=\"og:url\" content=\"https:\/\/www.forumcampinas.org.br\/interdependencia\/blog\/desafios-e-estrategias-no-combate-ao-greening-na-citricultura-brasileira\/\" \/>\n<meta property=\"og:site_name\" content=\"Interdepend\u00eancia\" \/>\n<meta property=\"article:modified_time\" content=\"2024-04-22T14:58:18+00:00\" \/>\n<meta property=\"og:image\" content=\"https:\/\/www.forumcampinas.org.br\/interdependencia\/wp-content\/uploads\/2024\/04\/greening.jpg\" \/>\n\t<meta property=\"og:image:width\" content=\"1000\" \/>\n\t<meta property=\"og:image:height\" content=\"553\" \/>\n\t<meta property=\"og:image:type\" content=\"image\/jpeg\" \/>\n<meta name=\"twitter:card\" content=\"summary_large_image\" \/>\n<meta name=\"twitter:label1\" content=\"Est. tempo de leitura\" \/>\n\t<meta name=\"twitter:data1\" content=\"5 minutos\" \/>\n<script type=\"application\/ld+json\" class=\"yoast-schema-graph\">{\"@context\":\"https:\\\/\\\/schema.org\",\"@graph\":[{\"@type\":\"WebPage\",\"@id\":\"https:\\\/\\\/www.forumcampinas.org.br\\\/interdependencia\\\/blog\\\/desafios-e-estrategias-no-combate-ao-greening-na-citricultura-brasileira\\\/\",\"url\":\"https:\\\/\\\/www.forumcampinas.org.br\\\/interdependencia\\\/blog\\\/desafios-e-estrategias-no-combate-ao-greening-na-citricultura-brasileira\\\/\",\"name\":\"Desafios e Estrat\u00e9gias no Combate ao Greening na Citricultura Brasileira - Interdepend\u00eancia\",\"isPartOf\":{\"@id\":\"https:\\\/\\\/www.forumcampinas.org.br\\\/interdependencia\\\/#website\"},\"primaryImageOfPage\":{\"@id\":\"https:\\\/\\\/www.forumcampinas.org.br\\\/interdependencia\\\/blog\\\/desafios-e-estrategias-no-combate-ao-greening-na-citricultura-brasileira\\\/#primaryimage\"},\"image\":{\"@id\":\"https:\\\/\\\/www.forumcampinas.org.br\\\/interdependencia\\\/blog\\\/desafios-e-estrategias-no-combate-ao-greening-na-citricultura-brasileira\\\/#primaryimage\"},\"thumbnailUrl\":\"https:\\\/\\\/www.forumcampinas.org.br\\\/interdependencia\\\/wp-content\\\/uploads\\\/2024\\\/04\\\/greening.jpg\",\"datePublished\":\"2024-04-22T14:54:42+00:00\",\"dateModified\":\"2024-04-22T14:58:18+00:00\",\"description\":\"O Greening \u00e9 uma doen\u00e7a causada por bact\u00e9rias que representa uma das maiores amea\u00e7as \u00e0 citricultura global.\",\"breadcrumb\":{\"@id\":\"https:\\\/\\\/www.forumcampinas.org.br\\\/interdependencia\\\/blog\\\/desafios-e-estrategias-no-combate-ao-greening-na-citricultura-brasileira\\\/#breadcrumb\"},\"inLanguage\":\"pt-BR\",\"potentialAction\":[{\"@type\":\"ReadAction\",\"target\":[\"https:\\\/\\\/www.forumcampinas.org.br\\\/interdependencia\\\/blog\\\/desafios-e-estrategias-no-combate-ao-greening-na-citricultura-brasileira\\\/\"]}]},{\"@type\":\"ImageObject\",\"inLanguage\":\"pt-BR\",\"@id\":\"https:\\\/\\\/www.forumcampinas.org.br\\\/interdependencia\\\/blog\\\/desafios-e-estrategias-no-combate-ao-greening-na-citricultura-brasileira\\\/#primaryimage\",\"url\":\"https:\\\/\\\/www.forumcampinas.org.br\\\/interdependencia\\\/wp-content\\\/uploads\\\/2024\\\/04\\\/greening.jpg\",\"contentUrl\":\"https:\\\/\\\/www.forumcampinas.org.br\\\/interdependencia\\\/wp-content\\\/uploads\\\/2024\\\/04\\\/greening.jpg\",\"width\":1000,\"height\":553,\"caption\":\"Foto: Fundecitrus\"},{\"@type\":\"BreadcrumbList\",\"@id\":\"https:\\\/\\\/www.forumcampinas.org.br\\\/interdependencia\\\/blog\\\/desafios-e-estrategias-no-combate-ao-greening-na-citricultura-brasileira\\\/#breadcrumb\",\"itemListElement\":[{\"@type\":\"ListItem\",\"position\":1,\"name\":\"In\u00edcio\",\"item\":\"https:\\\/\\\/www.forumcampinas.org.br\\\/interdependencia\\\/\"},{\"@type\":\"ListItem\",\"position\":2,\"name\":\"Blog\",\"item\":\"https:\\\/\\\/www.forumcampinas.org.br\\\/interdependencia\\\/blog\\\/\"},{\"@type\":\"ListItem\",\"position\":3,\"name\":\"Desafios e Estrat\u00e9gias no Combate ao Greening na Citricultura Brasileira\"}]},{\"@type\":\"WebSite\",\"@id\":\"https:\\\/\\\/www.forumcampinas.org.br\\\/interdependencia\\\/#website\",\"url\":\"https:\\\/\\\/www.forumcampinas.org.br\\\/interdependencia\\\/\",\"name\":\"Interdepend\u00eancia\",\"description\":\"Ci\u00eancia, Tecnologia e Inova\u00e7\u00e3o e a Regi\u00e3o de Campinas\",\"publisher\":{\"@id\":\"https:\\\/\\\/www.forumcampinas.org.br\\\/interdependencia\\\/#organization\"},\"potentialAction\":[{\"@type\":\"SearchAction\",\"target\":{\"@type\":\"EntryPoint\",\"urlTemplate\":\"https:\\\/\\\/www.forumcampinas.org.br\\\/interdependencia\\\/?s={search_term_string}\"},\"query-input\":{\"@type\":\"PropertyValueSpecification\",\"valueRequired\":true,\"valueName\":\"search_term_string\"}}],\"inLanguage\":\"pt-BR\"},{\"@type\":\"Organization\",\"@id\":\"https:\\\/\\\/www.forumcampinas.org.br\\\/interdependencia\\\/#organization\",\"name\":\"Interdepend\u00eancia\",\"url\":\"https:\\\/\\\/www.forumcampinas.org.br\\\/interdependencia\\\/\",\"logo\":{\"@type\":\"ImageObject\",\"inLanguage\":\"pt-BR\",\"@id\":\"https:\\\/\\\/www.forumcampinas.org.br\\\/interdependencia\\\/#\\\/schema\\\/logo\\\/image\\\/\",\"url\":\"https:\\\/\\\/www.forumcampinas.org.br\\\/interdependencia\\\/wp-content\\\/uploads\\\/2023\\\/11\\\/interdependencia.png\",\"contentUrl\":\"https:\\\/\\\/www.forumcampinas.org.br\\\/interdependencia\\\/wp-content\\\/uploads\\\/2023\\\/11\\\/interdependencia.png\",\"width\":757,\"height\":195,\"caption\":\"Interdepend\u00eancia\"},\"image\":{\"@id\":\"https:\\\/\\\/www.forumcampinas.org.br\\\/interdependencia\\\/#\\\/schema\\\/logo\\\/image\\\/\"}}]}<\/script>\n<!-- \/ Yoast SEO plugin. -->","yoast_head_json":{"title":"Desafios e Estrat\u00e9gias no Combate ao Greening na Citricultura Brasileira - Interdepend\u00eancia","description":"O Greening \u00e9 uma doen\u00e7a causada por bact\u00e9rias que representa uma das maiores amea\u00e7as \u00e0 citricultura global.","robots":{"index":"index","follow":"follow","max-snippet":"max-snippet:-1","max-image-preview":"max-image-preview:large","max-video-preview":"max-video-preview:-1"},"canonical":"https:\/\/www.forumcampinas.org.br\/interdependencia\/blog\/desafios-e-estrategias-no-combate-ao-greening-na-citricultura-brasileira\/","og_locale":"pt_BR","og_type":"article","og_title":"Desafios e Estrat\u00e9gias no Combate ao Greening na Citricultura Brasileira - Interdepend\u00eancia","og_description":"O Greening \u00e9 uma doen\u00e7a causada por bact\u00e9rias que representa uma das maiores amea\u00e7as \u00e0 citricultura global.","og_url":"https:\/\/www.forumcampinas.org.br\/interdependencia\/blog\/desafios-e-estrategias-no-combate-ao-greening-na-citricultura-brasileira\/","og_site_name":"Interdepend\u00eancia","article_modified_time":"2024-04-22T14:58:18+00:00","og_image":[{"width":1000,"height":553,"url":"https:\/\/www.forumcampinas.org.br\/interdependencia\/wp-content\/uploads\/2024\/04\/greening.jpg","type":"image\/jpeg"}],"twitter_card":"summary_large_image","twitter_misc":{"Est. tempo de leitura":"5 minutos"},"schema":{"@context":"https:\/\/schema.org","@graph":[{"@type":"WebPage","@id":"https:\/\/www.forumcampinas.org.br\/interdependencia\/blog\/desafios-e-estrategias-no-combate-ao-greening-na-citricultura-brasileira\/","url":"https:\/\/www.forumcampinas.org.br\/interdependencia\/blog\/desafios-e-estrategias-no-combate-ao-greening-na-citricultura-brasileira\/","name":"Desafios e Estrat\u00e9gias no Combate ao Greening na Citricultura Brasileira - Interdepend\u00eancia","isPartOf":{"@id":"https:\/\/www.forumcampinas.org.br\/interdependencia\/#website"},"primaryImageOfPage":{"@id":"https:\/\/www.forumcampinas.org.br\/interdependencia\/blog\/desafios-e-estrategias-no-combate-ao-greening-na-citricultura-brasileira\/#primaryimage"},"image":{"@id":"https:\/\/www.forumcampinas.org.br\/interdependencia\/blog\/desafios-e-estrategias-no-combate-ao-greening-na-citricultura-brasileira\/#primaryimage"},"thumbnailUrl":"https:\/\/www.forumcampinas.org.br\/interdependencia\/wp-content\/uploads\/2024\/04\/greening.jpg","datePublished":"2024-04-22T14:54:42+00:00","dateModified":"2024-04-22T14:58:18+00:00","description":"O Greening \u00e9 uma doen\u00e7a causada por bact\u00e9rias que representa uma das maiores amea\u00e7as \u00e0 citricultura global.","breadcrumb":{"@id":"https:\/\/www.forumcampinas.org.br\/interdependencia\/blog\/desafios-e-estrategias-no-combate-ao-greening-na-citricultura-brasileira\/#breadcrumb"},"inLanguage":"pt-BR","potentialAction":[{"@type":"ReadAction","target":["https:\/\/www.forumcampinas.org.br\/interdependencia\/blog\/desafios-e-estrategias-no-combate-ao-greening-na-citricultura-brasileira\/"]}]},{"@type":"ImageObject","inLanguage":"pt-BR","@id":"https:\/\/www.forumcampinas.org.br\/interdependencia\/blog\/desafios-e-estrategias-no-combate-ao-greening-na-citricultura-brasileira\/#primaryimage","url":"https:\/\/www.forumcampinas.org.br\/interdependencia\/wp-content\/uploads\/2024\/04\/greening.jpg","contentUrl":"https:\/\/www.forumcampinas.org.br\/interdependencia\/wp-content\/uploads\/2024\/04\/greening.jpg","width":1000,"height":553,"caption":"Foto: Fundecitrus"},{"@type":"BreadcrumbList","@id":"https:\/\/www.forumcampinas.org.br\/interdependencia\/blog\/desafios-e-estrategias-no-combate-ao-greening-na-citricultura-brasileira\/#breadcrumb","itemListElement":[{"@type":"ListItem","position":1,"name":"In\u00edcio","item":"https:\/\/www.forumcampinas.org.br\/interdependencia\/"},{"@type":"ListItem","position":2,"name":"Blog","item":"https:\/\/www.forumcampinas.org.br\/interdependencia\/blog\/"},{"@type":"ListItem","position":3,"name":"Desafios e Estrat\u00e9gias no Combate ao Greening na Citricultura Brasileira"}]},{"@type":"WebSite","@id":"https:\/\/www.forumcampinas.org.br\/interdependencia\/#website","url":"https:\/\/www.forumcampinas.org.br\/interdependencia\/","name":"Interdepend\u00eancia","description":"Ci\u00eancia, Tecnologia e Inova\u00e7\u00e3o e a Regi\u00e3o de Campinas","publisher":{"@id":"https:\/\/www.forumcampinas.org.br\/interdependencia\/#organization"},"potentialAction":[{"@type":"SearchAction","target":{"@type":"EntryPoint","urlTemplate":"https:\/\/www.forumcampinas.org.br\/interdependencia\/?s={search_term_string}"},"query-input":{"@type":"PropertyValueSpecification","valueRequired":true,"valueName":"search_term_string"}}],"inLanguage":"pt-BR"},{"@type":"Organization","@id":"https:\/\/www.forumcampinas.org.br\/interdependencia\/#organization","name":"Interdepend\u00eancia","url":"https:\/\/www.forumcampinas.org.br\/interdependencia\/","logo":{"@type":"ImageObject","inLanguage":"pt-BR","@id":"https:\/\/www.forumcampinas.org.br\/interdependencia\/#\/schema\/logo\/image\/","url":"https:\/\/www.forumcampinas.org.br\/interdependencia\/wp-content\/uploads\/2023\/11\/interdependencia.png","contentUrl":"https:\/\/www.forumcampinas.org.br\/interdependencia\/wp-content\/uploads\/2023\/11\/interdependencia.png","width":757,"height":195,"caption":"Interdepend\u00eancia"},"image":{"@id":"https:\/\/www.forumcampinas.org.br\/interdependencia\/#\/schema\/logo\/image\/"}}]}},"_links":{"self":[{"href":"https:\/\/www.forumcampinas.org.br\/interdependencia\/wp-json\/wp\/v2\/blog\/855","targetHints":{"allow":["GET"]}}],"collection":[{"href":"https:\/\/www.forumcampinas.org.br\/interdependencia\/wp-json\/wp\/v2\/blog"}],"about":[{"href":"https:\/\/www.forumcampinas.org.br\/interdependencia\/wp-json\/wp\/v2\/types\/blog"}],"wp:featuredmedia":[{"embeddable":true,"href":"https:\/\/www.forumcampinas.org.br\/interdependencia\/wp-json\/wp\/v2\/media\/852"}],"wp:attachment":[{"href":"https:\/\/www.forumcampinas.org.br\/interdependencia\/wp-json\/wp\/v2\/media?parent=855"}],"curies":[{"name":"wp","href":"https:\/\/api.w.org\/{rel}","templated":true}]}}