{"id":860,"date":"2024-04-29T16:08:15","date_gmt":"2024-04-29T19:08:15","guid":{"rendered":"https:\/\/www.forumcampinas.org.br\/interdependencia\/?post_type=blog&#038;p=860"},"modified":"2024-04-29T16:10:48","modified_gmt":"2024-04-29T19:10:48","slug":"tecnologia-e-sustentabilidade-avancos-e-projetos-no-instituto-biologico-de-sao-paulo","status":"publish","type":"blog","link":"https:\/\/www.forumcampinas.org.br\/interdependencia\/blog\/tecnologia-e-sustentabilidade-avancos-e-projetos-no-instituto-biologico-de-sao-paulo\/","title":{"rendered":"Tecnologia e Sustentabilidade: Avan\u00e7os e Projetos no Instituto Biol\u00f3gico de S\u00e3o Paulo"},"content":{"rendered":"<p>Fundado em 1927, o Instituto Biol\u00f3gico \u00e9 uma institui\u00e7\u00e3o l\u00edder na resolu\u00e7\u00e3o de problemas sanit\u00e1rios relacionados \u00e0 agropecu\u00e1ria em S\u00e3o Paulo e no Brasil. Com uma equipe dedicada e laborat\u00f3rios credenciados, o IB realiza pesquisas e diagn\u00f3sticos para certifica\u00e7\u00e3o de animais e produtos, contribuindo para programas de controle de doen\u00e7as e sa\u00fade animal em n\u00edvel nacional.<\/p>\n<figure id=\"attachment_859\" aria-describedby=\"caption-attachment-859\" style=\"width: 1000px\" class=\"wp-caption aligncenter\"><img loading=\"lazy\" decoding=\"async\" class=\"size-full wp-image-859\" src=\"https:\/\/www.forumcampinas.org.br\/interdependencia\/wp-content\/uploads\/2024\/04\/Vista-Casa-Planeta-Inseto-e-paineis-da-entrada-Credito-Fernando-Torres.jpg\" alt=\"\" width=\"1000\" height=\"553\" srcset=\"https:\/\/www.forumcampinas.org.br\/interdependencia\/wp-content\/uploads\/2024\/04\/Vista-Casa-Planeta-Inseto-e-paineis-da-entrada-Credito-Fernando-Torres.jpg 1000w, https:\/\/www.forumcampinas.org.br\/interdependencia\/wp-content\/uploads\/2024\/04\/Vista-Casa-Planeta-Inseto-e-paineis-da-entrada-Credito-Fernando-Torres-300x166.jpg 300w, https:\/\/www.forumcampinas.org.br\/interdependencia\/wp-content\/uploads\/2024\/04\/Vista-Casa-Planeta-Inseto-e-paineis-da-entrada-Credito-Fernando-Torres-768x425.jpg 768w\" sizes=\"auto, (max-width: 1000px) 100vw, 1000px\" \/><figcaption id=\"caption-attachment-859\" class=\"wp-caption-text\">Vista Casa Planeta Inseto e pain\u00e9is da entrada.<br \/>Cr\u00e9dito: Fernando Torres<\/figcaption><\/figure>\n<p>Al\u00e9m disso, promove v\u00e1rias atividades de divulga\u00e7\u00e3o de conhecimento cient\u00edfico e tecnol\u00f3gico. Isso inclui a publica\u00e7\u00e3o de revistas, a organiza\u00e7\u00e3o de eventos como Congresso de Inicia\u00e7\u00e3o Cient\u00edfica em Ci\u00eancias Agr\u00e1rias, Biol\u00f3gicas e Ambientais, programas como o Programa de Sanidade em Agricultura Familiar (PROSAF), a oferta de cursos de p\u00f3s-gradua\u00e7\u00e3o e a tutela do Museu com exposi\u00e7\u00f5es como &#8220;Planeta Inseto&#8221; e um Centro de Mem\u00f3ria com vasto acervo hist\u00f3rico.<\/p>\n<p><strong>Novas propostas de projetos do IB<\/strong><\/p>\n<p><strong>Museu do Agroneg\u00f3cio Agro Experience<\/strong><\/p>\n<p>No m\u00eas passado &#8211; mar\u00e7o de 2024- com intuito de prosseguir com a proposta de divulga\u00e7\u00e3o cient\u00edfica e cultural, representantes da Associa\u00e7\u00e3o Brasileira do Agroneg\u00f3cio (ABAG), se reuniram na sede da Secretaria de Agricultura e Abastecimento de S\u00e3o Paulo (SAA), e formalizaram o projeto de cria\u00e7\u00e3o do Museu do Agroneg\u00f3cio Agro Experience.<\/p>\n<p>O Museu do Agroneg\u00f3cio est\u00e1 previsto para ser estabelecido na Vila Mariana, em S\u00e3o Paulo, onde se encontram o Instituto Biol\u00f3gico (IB-Apta) e o Instituto de Pesca (IP-Apta). Os idealizadores do projeto t\u00eam como objetivo principal apoiar a educa\u00e7\u00e3o e atrair jovens, destacando as oportunidades oferecidas por uma ind\u00fastria agr\u00edcola din\u00e2mica e impulsionada pela tecnologia.<\/p>\n<p>Edson Fernandes, secret\u00e1rio executivo de Agricultura e Abastecimento, destacou a import\u00e2ncia de apresentar o projeto na Agrishow 2024, principal feira de tecnologia agr\u00edcola da Am\u00e9rica Latina, para obter apoio de empresas do setor. Ele enfatizou: \u201cA visibilidade da feira \u00e9 essencial para atrair novos apoiadores\u201d. A edi\u00e7\u00e3o de 2023 da Agrishow reuniu mais de 800 marcas em uma \u00e1rea de 530 mil metros quadrados, conforme balan\u00e7o dos organizadores.<\/p>\n<p><strong>Planeta Inseto<\/strong><\/p>\n<p>Nos meses de mar\u00e7o e abril, a exposi\u00e7\u00e3o Planeta Inseto \u2013 em sua vers\u00e3o itinerante \u2013, do Instituto Biol\u00f3gico, foi exibida no Shopping P\u00e1tio Paulista, localizado na Avenida Paulista. A amostra ofereceu uma jornada in\u00e9dita e interativa pelo universo dos insetos, com exemplares reais e ambientes meticulosamente preparados. Com aprova\u00e7\u00e3o do IBAMA e da Secretaria do Meio Ambiente de S\u00e3o Paulo, a mostra busca sensibilizar sobre a import\u00e2ncia dos insetos na sustentabilidade ambiental e na sa\u00fade p\u00fablica. Destaques incluem intera\u00e7\u00e3o via celular, vitrine viva com insetos como o bicho-pau e setor educativo abordando a relev\u00e2ncia m\u00e9dica e veterin\u00e1ria desses organismos, tornando-a uma experi\u00eancia educativa e emocionante para toda a fam\u00edlia.<\/p>\n<p><strong>E para quem n\u00e3o conseguiu visitar a amostra? <\/strong><\/p>\n<p>O Museu do Instituto Biol\u00f3gico apresenta a exposi\u00e7\u00e3o permanente do projeto &#8220;Planeta Inseto&#8221;, e ap\u00f3s meses de reforma, conta com nova expografia. Dividido em sete salas, os visitantes podem interagir com os insetos, aprender sobre sua import\u00e2ncia na sustentabilidade ambiental e na produ\u00e7\u00e3o de alimentos. A entrada \u00e9 gratuita, aberta de ter\u00e7a a domingo, das 9h \u00e0s 16h.<\/p>\n<p><strong>Fonte: <\/strong><\/p>\n<p><a href=\"https:\/\/planetainseto.com.br\/exposicao\/\" target=\"_blank\" rel=\"noopener\">planetainseto.com.br<\/a><\/p>\n<p><a href=\"http:\/\/www.biologico.sp.gov.br\/noticia\/museu-inovador-e-tecnologico-do-agro-e-apresentado-na-secretaria-de-agricultura-de-sp\" target=\"_blank\" rel=\"noopener\">Not\u00edcia do website Instituto Biol\u00f3gico<\/a><\/p>\n<p><a href=\"http:\/\/www.biologico.sp.gov.br\/\" target=\"_blank\" rel=\"noopener\">Website Instituto Biol\u00f3gico<\/a><\/p>\n","protected":false},"excerpt":{"rendered":"<p>Instituto Biol\u00f3gico lan\u00e7a novos projetos para a divulga\u00e7\u00e3o do conhecimento cient\u00edfico<\/p>\n","protected":false},"featured_media":859,"parent":0,"template":"","class_list":["post-860","blog","type-blog","status-publish","has-post-thumbnail","hentry"],"acf":[],"yoast_head":"<!-- This site is optimized with the Yoast SEO plugin v27.4 - https:\/\/yoast.com\/product\/yoast-seo-wordpress\/ -->\n<title>Tecnologia e Sustentabilidade: Avan\u00e7os e Projetos no Instituto Biol\u00f3gico de S\u00e3o Paulo - Interdepend\u00eancia<\/title>\n<meta name=\"description\" content=\"L\u00edder na resolu\u00e7\u00e3o de problemas sanit\u00e1rios da agropecu\u00e1ria, o Instituto Biol\u00f3gico lan\u00e7a projetos de divulga\u00e7\u00e3o do conhecimento cient\u00edfico\" \/>\n<meta name=\"robots\" content=\"index, follow, max-snippet:-1, max-image-preview:large, max-video-preview:-1\" \/>\n<link rel=\"canonical\" href=\"https:\/\/www.forumcampinas.org.br\/interdependencia\/blog\/tecnologia-e-sustentabilidade-avancos-e-projetos-no-instituto-biologico-de-sao-paulo\/\" \/>\n<meta property=\"og:locale\" content=\"pt_BR\" \/>\n<meta property=\"og:type\" content=\"article\" \/>\n<meta property=\"og:title\" content=\"Tecnologia e Sustentabilidade: Avan\u00e7os e Projetos no Instituto Biol\u00f3gico de S\u00e3o Paulo - Interdepend\u00eancia\" \/>\n<meta property=\"og:description\" content=\"L\u00edder na resolu\u00e7\u00e3o de problemas sanit\u00e1rios da agropecu\u00e1ria, o Instituto Biol\u00f3gico lan\u00e7a projetos de divulga\u00e7\u00e3o do conhecimento cient\u00edfico\" \/>\n<meta property=\"og:url\" content=\"https:\/\/www.forumcampinas.org.br\/interdependencia\/blog\/tecnologia-e-sustentabilidade-avancos-e-projetos-no-instituto-biologico-de-sao-paulo\/\" \/>\n<meta property=\"og:site_name\" content=\"Interdepend\u00eancia\" \/>\n<meta property=\"article:modified_time\" content=\"2024-04-29T19:10:48+00:00\" \/>\n<meta property=\"og:image\" content=\"https:\/\/www.forumcampinas.org.br\/interdependencia\/wp-content\/uploads\/2024\/04\/Vista-Casa-Planeta-Inseto-e-paineis-da-entrada-Credito-Fernando-Torres.jpg\" \/>\n\t<meta property=\"og:image:width\" content=\"1000\" \/>\n\t<meta property=\"og:image:height\" content=\"553\" \/>\n\t<meta property=\"og:image:type\" content=\"image\/jpeg\" \/>\n<meta name=\"twitter:card\" content=\"summary_large_image\" \/>\n<meta name=\"twitter:label1\" content=\"Est. tempo de leitura\" \/>\n\t<meta name=\"twitter:data1\" content=\"4 minutos\" \/>\n<script type=\"application\/ld+json\" class=\"yoast-schema-graph\">{\"@context\":\"https:\\\/\\\/schema.org\",\"@graph\":[{\"@type\":\"WebPage\",\"@id\":\"https:\\\/\\\/www.forumcampinas.org.br\\\/interdependencia\\\/blog\\\/tecnologia-e-sustentabilidade-avancos-e-projetos-no-instituto-biologico-de-sao-paulo\\\/\",\"url\":\"https:\\\/\\\/www.forumcampinas.org.br\\\/interdependencia\\\/blog\\\/tecnologia-e-sustentabilidade-avancos-e-projetos-no-instituto-biologico-de-sao-paulo\\\/\",\"name\":\"Tecnologia e Sustentabilidade: Avan\u00e7os e Projetos no Instituto Biol\u00f3gico de S\u00e3o Paulo - Interdepend\u00eancia\",\"isPartOf\":{\"@id\":\"https:\\\/\\\/www.forumcampinas.org.br\\\/interdependencia\\\/#website\"},\"primaryImageOfPage\":{\"@id\":\"https:\\\/\\\/www.forumcampinas.org.br\\\/interdependencia\\\/blog\\\/tecnologia-e-sustentabilidade-avancos-e-projetos-no-instituto-biologico-de-sao-paulo\\\/#primaryimage\"},\"image\":{\"@id\":\"https:\\\/\\\/www.forumcampinas.org.br\\\/interdependencia\\\/blog\\\/tecnologia-e-sustentabilidade-avancos-e-projetos-no-instituto-biologico-de-sao-paulo\\\/#primaryimage\"},\"thumbnailUrl\":\"https:\\\/\\\/www.forumcampinas.org.br\\\/interdependencia\\\/wp-content\\\/uploads\\\/2024\\\/04\\\/Vista-Casa-Planeta-Inseto-e-paineis-da-entrada-Credito-Fernando-Torres.jpg\",\"datePublished\":\"2024-04-29T19:08:15+00:00\",\"dateModified\":\"2024-04-29T19:10:48+00:00\",\"description\":\"L\u00edder na resolu\u00e7\u00e3o de problemas sanit\u00e1rios da agropecu\u00e1ria, o Instituto Biol\u00f3gico lan\u00e7a projetos de divulga\u00e7\u00e3o do conhecimento cient\u00edfico\",\"breadcrumb\":{\"@id\":\"https:\\\/\\\/www.forumcampinas.org.br\\\/interdependencia\\\/blog\\\/tecnologia-e-sustentabilidade-avancos-e-projetos-no-instituto-biologico-de-sao-paulo\\\/#breadcrumb\"},\"inLanguage\":\"pt-BR\",\"potentialAction\":[{\"@type\":\"ReadAction\",\"target\":[\"https:\\\/\\\/www.forumcampinas.org.br\\\/interdependencia\\\/blog\\\/tecnologia-e-sustentabilidade-avancos-e-projetos-no-instituto-biologico-de-sao-paulo\\\/\"]}]},{\"@type\":\"ImageObject\",\"inLanguage\":\"pt-BR\",\"@id\":\"https:\\\/\\\/www.forumcampinas.org.br\\\/interdependencia\\\/blog\\\/tecnologia-e-sustentabilidade-avancos-e-projetos-no-instituto-biologico-de-sao-paulo\\\/#primaryimage\",\"url\":\"https:\\\/\\\/www.forumcampinas.org.br\\\/interdependencia\\\/wp-content\\\/uploads\\\/2024\\\/04\\\/Vista-Casa-Planeta-Inseto-e-paineis-da-entrada-Credito-Fernando-Torres.jpg\",\"contentUrl\":\"https:\\\/\\\/www.forumcampinas.org.br\\\/interdependencia\\\/wp-content\\\/uploads\\\/2024\\\/04\\\/Vista-Casa-Planeta-Inseto-e-paineis-da-entrada-Credito-Fernando-Torres.jpg\",\"width\":1000,\"height\":553,\"caption\":\"Vista Casa Planeta Inseto e pain\u00e9is da entrada. Cr\u00e9dito: Fernando Torres\"},{\"@type\":\"BreadcrumbList\",\"@id\":\"https:\\\/\\\/www.forumcampinas.org.br\\\/interdependencia\\\/blog\\\/tecnologia-e-sustentabilidade-avancos-e-projetos-no-instituto-biologico-de-sao-paulo\\\/#breadcrumb\",\"itemListElement\":[{\"@type\":\"ListItem\",\"position\":1,\"name\":\"In\u00edcio\",\"item\":\"https:\\\/\\\/www.forumcampinas.org.br\\\/interdependencia\\\/\"},{\"@type\":\"ListItem\",\"position\":2,\"name\":\"Blog\",\"item\":\"https:\\\/\\\/www.forumcampinas.org.br\\\/interdependencia\\\/blog\\\/\"},{\"@type\":\"ListItem\",\"position\":3,\"name\":\"Tecnologia e Sustentabilidade: Avan\u00e7os e Projetos no Instituto Biol\u00f3gico de S\u00e3o Paulo\"}]},{\"@type\":\"WebSite\",\"@id\":\"https:\\\/\\\/www.forumcampinas.org.br\\\/interdependencia\\\/#website\",\"url\":\"https:\\\/\\\/www.forumcampinas.org.br\\\/interdependencia\\\/\",\"name\":\"Interdepend\u00eancia\",\"description\":\"Ci\u00eancia, Tecnologia e Inova\u00e7\u00e3o e a Regi\u00e3o de Campinas\",\"publisher\":{\"@id\":\"https:\\\/\\\/www.forumcampinas.org.br\\\/interdependencia\\\/#organization\"},\"potentialAction\":[{\"@type\":\"SearchAction\",\"target\":{\"@type\":\"EntryPoint\",\"urlTemplate\":\"https:\\\/\\\/www.forumcampinas.org.br\\\/interdependencia\\\/?s={search_term_string}\"},\"query-input\":{\"@type\":\"PropertyValueSpecification\",\"valueRequired\":true,\"valueName\":\"search_term_string\"}}],\"inLanguage\":\"pt-BR\"},{\"@type\":\"Organization\",\"@id\":\"https:\\\/\\\/www.forumcampinas.org.br\\\/interdependencia\\\/#organization\",\"name\":\"Interdepend\u00eancia\",\"url\":\"https:\\\/\\\/www.forumcampinas.org.br\\\/interdependencia\\\/\",\"logo\":{\"@type\":\"ImageObject\",\"inLanguage\":\"pt-BR\",\"@id\":\"https:\\\/\\\/www.forumcampinas.org.br\\\/interdependencia\\\/#\\\/schema\\\/logo\\\/image\\\/\",\"url\":\"https:\\\/\\\/www.forumcampinas.org.br\\\/interdependencia\\\/wp-content\\\/uploads\\\/2023\\\/11\\\/interdependencia.png\",\"contentUrl\":\"https:\\\/\\\/www.forumcampinas.org.br\\\/interdependencia\\\/wp-content\\\/uploads\\\/2023\\\/11\\\/interdependencia.png\",\"width\":757,\"height\":195,\"caption\":\"Interdepend\u00eancia\"},\"image\":{\"@id\":\"https:\\\/\\\/www.forumcampinas.org.br\\\/interdependencia\\\/#\\\/schema\\\/logo\\\/image\\\/\"}}]}<\/script>\n<!-- \/ Yoast SEO plugin. -->","yoast_head_json":{"title":"Tecnologia e Sustentabilidade: Avan\u00e7os e Projetos no Instituto Biol\u00f3gico de S\u00e3o Paulo - Interdepend\u00eancia","description":"L\u00edder na resolu\u00e7\u00e3o de problemas sanit\u00e1rios da agropecu\u00e1ria, o Instituto Biol\u00f3gico lan\u00e7a projetos de divulga\u00e7\u00e3o do conhecimento cient\u00edfico","robots":{"index":"index","follow":"follow","max-snippet":"max-snippet:-1","max-image-preview":"max-image-preview:large","max-video-preview":"max-video-preview:-1"},"canonical":"https:\/\/www.forumcampinas.org.br\/interdependencia\/blog\/tecnologia-e-sustentabilidade-avancos-e-projetos-no-instituto-biologico-de-sao-paulo\/","og_locale":"pt_BR","og_type":"article","og_title":"Tecnologia e Sustentabilidade: Avan\u00e7os e Projetos no Instituto Biol\u00f3gico de S\u00e3o Paulo - Interdepend\u00eancia","og_description":"L\u00edder na resolu\u00e7\u00e3o de problemas sanit\u00e1rios da agropecu\u00e1ria, o Instituto Biol\u00f3gico lan\u00e7a projetos de divulga\u00e7\u00e3o do conhecimento cient\u00edfico","og_url":"https:\/\/www.forumcampinas.org.br\/interdependencia\/blog\/tecnologia-e-sustentabilidade-avancos-e-projetos-no-instituto-biologico-de-sao-paulo\/","og_site_name":"Interdepend\u00eancia","article_modified_time":"2024-04-29T19:10:48+00:00","og_image":[{"width":1000,"height":553,"url":"https:\/\/www.forumcampinas.org.br\/interdependencia\/wp-content\/uploads\/2024\/04\/Vista-Casa-Planeta-Inseto-e-paineis-da-entrada-Credito-Fernando-Torres.jpg","type":"image\/jpeg"}],"twitter_card":"summary_large_image","twitter_misc":{"Est. tempo de leitura":"4 minutos"},"schema":{"@context":"https:\/\/schema.org","@graph":[{"@type":"WebPage","@id":"https:\/\/www.forumcampinas.org.br\/interdependencia\/blog\/tecnologia-e-sustentabilidade-avancos-e-projetos-no-instituto-biologico-de-sao-paulo\/","url":"https:\/\/www.forumcampinas.org.br\/interdependencia\/blog\/tecnologia-e-sustentabilidade-avancos-e-projetos-no-instituto-biologico-de-sao-paulo\/","name":"Tecnologia e Sustentabilidade: Avan\u00e7os e Projetos no Instituto Biol\u00f3gico de S\u00e3o Paulo - Interdepend\u00eancia","isPartOf":{"@id":"https:\/\/www.forumcampinas.org.br\/interdependencia\/#website"},"primaryImageOfPage":{"@id":"https:\/\/www.forumcampinas.org.br\/interdependencia\/blog\/tecnologia-e-sustentabilidade-avancos-e-projetos-no-instituto-biologico-de-sao-paulo\/#primaryimage"},"image":{"@id":"https:\/\/www.forumcampinas.org.br\/interdependencia\/blog\/tecnologia-e-sustentabilidade-avancos-e-projetos-no-instituto-biologico-de-sao-paulo\/#primaryimage"},"thumbnailUrl":"https:\/\/www.forumcampinas.org.br\/interdependencia\/wp-content\/uploads\/2024\/04\/Vista-Casa-Planeta-Inseto-e-paineis-da-entrada-Credito-Fernando-Torres.jpg","datePublished":"2024-04-29T19:08:15+00:00","dateModified":"2024-04-29T19:10:48+00:00","description":"L\u00edder na resolu\u00e7\u00e3o de problemas sanit\u00e1rios da agropecu\u00e1ria, o Instituto Biol\u00f3gico lan\u00e7a projetos de divulga\u00e7\u00e3o do conhecimento cient\u00edfico","breadcrumb":{"@id":"https:\/\/www.forumcampinas.org.br\/interdependencia\/blog\/tecnologia-e-sustentabilidade-avancos-e-projetos-no-instituto-biologico-de-sao-paulo\/#breadcrumb"},"inLanguage":"pt-BR","potentialAction":[{"@type":"ReadAction","target":["https:\/\/www.forumcampinas.org.br\/interdependencia\/blog\/tecnologia-e-sustentabilidade-avancos-e-projetos-no-instituto-biologico-de-sao-paulo\/"]}]},{"@type":"ImageObject","inLanguage":"pt-BR","@id":"https:\/\/www.forumcampinas.org.br\/interdependencia\/blog\/tecnologia-e-sustentabilidade-avancos-e-projetos-no-instituto-biologico-de-sao-paulo\/#primaryimage","url":"https:\/\/www.forumcampinas.org.br\/interdependencia\/wp-content\/uploads\/2024\/04\/Vista-Casa-Planeta-Inseto-e-paineis-da-entrada-Credito-Fernando-Torres.jpg","contentUrl":"https:\/\/www.forumcampinas.org.br\/interdependencia\/wp-content\/uploads\/2024\/04\/Vista-Casa-Planeta-Inseto-e-paineis-da-entrada-Credito-Fernando-Torres.jpg","width":1000,"height":553,"caption":"Vista Casa Planeta Inseto e pain\u00e9is da entrada. Cr\u00e9dito: Fernando Torres"},{"@type":"BreadcrumbList","@id":"https:\/\/www.forumcampinas.org.br\/interdependencia\/blog\/tecnologia-e-sustentabilidade-avancos-e-projetos-no-instituto-biologico-de-sao-paulo\/#breadcrumb","itemListElement":[{"@type":"ListItem","position":1,"name":"In\u00edcio","item":"https:\/\/www.forumcampinas.org.br\/interdependencia\/"},{"@type":"ListItem","position":2,"name":"Blog","item":"https:\/\/www.forumcampinas.org.br\/interdependencia\/blog\/"},{"@type":"ListItem","position":3,"name":"Tecnologia e Sustentabilidade: Avan\u00e7os e Projetos no Instituto Biol\u00f3gico de S\u00e3o Paulo"}]},{"@type":"WebSite","@id":"https:\/\/www.forumcampinas.org.br\/interdependencia\/#website","url":"https:\/\/www.forumcampinas.org.br\/interdependencia\/","name":"Interdepend\u00eancia","description":"Ci\u00eancia, Tecnologia e Inova\u00e7\u00e3o e a Regi\u00e3o de Campinas","publisher":{"@id":"https:\/\/www.forumcampinas.org.br\/interdependencia\/#organization"},"potentialAction":[{"@type":"SearchAction","target":{"@type":"EntryPoint","urlTemplate":"https:\/\/www.forumcampinas.org.br\/interdependencia\/?s={search_term_string}"},"query-input":{"@type":"PropertyValueSpecification","valueRequired":true,"valueName":"search_term_string"}}],"inLanguage":"pt-BR"},{"@type":"Organization","@id":"https:\/\/www.forumcampinas.org.br\/interdependencia\/#organization","name":"Interdepend\u00eancia","url":"https:\/\/www.forumcampinas.org.br\/interdependencia\/","logo":{"@type":"ImageObject","inLanguage":"pt-BR","@id":"https:\/\/www.forumcampinas.org.br\/interdependencia\/#\/schema\/logo\/image\/","url":"https:\/\/www.forumcampinas.org.br\/interdependencia\/wp-content\/uploads\/2023\/11\/interdependencia.png","contentUrl":"https:\/\/www.forumcampinas.org.br\/interdependencia\/wp-content\/uploads\/2023\/11\/interdependencia.png","width":757,"height":195,"caption":"Interdepend\u00eancia"},"image":{"@id":"https:\/\/www.forumcampinas.org.br\/interdependencia\/#\/schema\/logo\/image\/"}}]}},"_links":{"self":[{"href":"https:\/\/www.forumcampinas.org.br\/interdependencia\/wp-json\/wp\/v2\/blog\/860","targetHints":{"allow":["GET"]}}],"collection":[{"href":"https:\/\/www.forumcampinas.org.br\/interdependencia\/wp-json\/wp\/v2\/blog"}],"about":[{"href":"https:\/\/www.forumcampinas.org.br\/interdependencia\/wp-json\/wp\/v2\/types\/blog"}],"wp:featuredmedia":[{"embeddable":true,"href":"https:\/\/www.forumcampinas.org.br\/interdependencia\/wp-json\/wp\/v2\/media\/859"}],"wp:attachment":[{"href":"https:\/\/www.forumcampinas.org.br\/interdependencia\/wp-json\/wp\/v2\/media?parent=860"}],"curies":[{"name":"wp","href":"https:\/\/api.w.org\/{rel}","templated":true}]}}