{"id":865,"date":"2024-05-07T09:43:55","date_gmt":"2024-05-07T12:43:55","guid":{"rendered":"https:\/\/www.forumcampinas.org.br\/interdependencia\/?post_type=blog&#038;p=865"},"modified":"2024-05-07T09:53:59","modified_gmt":"2024-05-07T12:53:59","slug":"embrapa-celebra-51-anos-com-de-olho-na-revolucao-do-futuro-da-agricultura","status":"publish","type":"blog","link":"https:\/\/www.forumcampinas.org.br\/interdependencia\/blog\/embrapa-celebra-51-anos-com-de-olho-na-revolucao-do-futuro-da-agricultura\/","title":{"rendered":"Embrapa Celebra 51 Anos<br>\u201cDe Olho na Revolu\u00e7\u00e3o do Futuro\u201d da Agricultura"},"content":{"rendered":"<figure id=\"attachment_866\" aria-describedby=\"caption-attachment-866\" style=\"width: 1000px\" class=\"wp-caption aligncenter\"><img loading=\"lazy\" decoding=\"async\" class=\"size-full wp-image-866\" src=\"https:\/\/www.forumcampinas.org.br\/interdependencia\/wp-content\/uploads\/2024\/05\/embrapa-50-mais.jpg\" alt=\"\" width=\"1000\" height=\"553\" srcset=\"https:\/\/www.forumcampinas.org.br\/interdependencia\/wp-content\/uploads\/2024\/05\/embrapa-50-mais.jpg 1000w, https:\/\/www.forumcampinas.org.br\/interdependencia\/wp-content\/uploads\/2024\/05\/embrapa-50-mais-300x166.jpg 300w, https:\/\/www.forumcampinas.org.br\/interdependencia\/wp-content\/uploads\/2024\/05\/embrapa-50-mais-768x425.jpg 768w\" sizes=\"auto, (max-width: 1000px) 100vw, 1000px\" \/><figcaption id=\"caption-attachment-866\" class=\"wp-caption-text\">Foto: Embrapa<\/figcaption><\/figure>\n<p>No dia 26 de abril, a Embrapa, renomada institui\u00e7\u00e3o p\u00fablica brasileira dedicada \u00e0 pesquisa agropecu\u00e1ria, celebrou seu 51\u00ba anivers\u00e1rio com uma s\u00e9rie de eventos marcantes na sede da empresa, em Bras\u00edlia, DF. Sob o lema &#8220;Embrapa 50+, a revolu\u00e7\u00e3o do futuro come\u00e7a agora&#8221;, a comemora\u00e7\u00e3o reuniu especialistas, parceiros e o p\u00fablico em geral para discutir os rumos da agricultura nacional e global.<\/p>\n<p>A solenidade de abertura, foi um momento de reflex\u00e3o e comprometimento com os pr\u00f3ximos 50 anos da institui\u00e7\u00e3o. Com a presen\u00e7a do presidente Luiz In\u00e1cio Lula da Silva, o evento contou com discursos da presidente da Embrapa, Silvia Massruh\u00e1, que delineou uma estrat\u00e9gia para a empresa baseada em tr\u00eas pilares fundamentais: sustentabilidade ambiental, inclus\u00e3o social e vanguarda cient\u00edfica.<\/p>\n<p>Al\u00e9m da solenidade reservada a convidados e funcion\u00e1rios da empresa, o evento abriu suas portas ao p\u00fablico em geral, oferecendo uma exposi\u00e7\u00e3o de tecnologias, palestras, mesas redondas, encontros com parceiros e exposi\u00e7\u00e3o de pain\u00e9is, todos alinhados com as principais tend\u00eancias que hoje influenciam a agricultura mundial.<\/p>\n<p>A programa\u00e7\u00e3o abordou quest\u00f5es urgentes e emergentes, como a necessidade de tornar a agricultura mais sustent\u00e1vel e resiliente \u00e0s mudan\u00e7as clim\u00e1ticas, a import\u00e2ncia da inclus\u00e3o digital e socioprodutiva para impulsionar o desenvolvimento rural e a relev\u00e2ncia da pesquisa cient\u00edfica na gera\u00e7\u00e3o de solu\u00e7\u00f5es inovadoras para os desafios do setor agropecu\u00e1rio.<\/p>\n<p>Nesse contexto desafiador, a Embrapa reiterou seu compromisso com a pesquisa de ponta, a colabora\u00e7\u00e3o com parceiros estrat\u00e9gicos e a dissemina\u00e7\u00e3o de conhecimento para impulsionar a produtividade, a seguran\u00e7a alimentar e o desenvolvimento sustent\u00e1vel do Brasil e do mundo.<\/p>\n<p>\u201c<em>A Embrapa atua na fronteira do conhecimento cient\u00edfico em pesquisa agropecu\u00e1ria, na vanguarda mundial. Nossos pesquisadores integram redes globais de excel\u00eancia. Dominam t\u00e9cnicas de ponta em edi\u00e7\u00e3o gen\u00f4mica, fenotipagem digital, biologia sint\u00e9tica, engenharia gen\u00e9tica, bioinform\u00e1tica, intelig\u00eancia artificial, machine learning, f\u00edsica e computa\u00e7\u00e3o qu\u00e2ntica, rob\u00f3tica, big data, internet das coisas, agricultura digital e de precis\u00e3o. Se parecem distantes da nossa realidade, fato \u00e9 que esses termos integram nossos experimentos em campo e laborat\u00f3rio. Mas nada disso \u00e9 poss\u00edvel sem c\u00e9rebros e ferramentas. O grande desafio de uma institui\u00e7\u00e3o como a Embrapa \u00e9 se manter nessa posi\u00e7\u00e3o, o que s\u00f3 \u00e9 vi\u00e1vel com financiamento robusto e constante. Recursos aplicados em pesquisa e inova\u00e7\u00e3o para o setor agroalimentar s\u00e3o investimentos que asseguram a produ\u00e7\u00e3o sustent\u00e1vel de alimentos e energia. S\u00e3o uma garantia m\u00ednima para o enfrentamento \u00e0 fome, para garantir a soberania nacional e assegurar a relev\u00e2ncia do Brasil em um mundo cada vez mais competitivo<\/em>\u201d, escreveu Silvia Massruh\u00e1 no Agro Estad\u00e3o.<\/p>\n<p><strong>Quem \u00e9 Silvia Massruh\u00e1?<\/strong><\/p>\n<figure id=\"attachment_867\" aria-describedby=\"caption-attachment-867\" style=\"width: 1000px\" class=\"wp-caption aligncenter\"><img loading=\"lazy\" decoding=\"async\" class=\"size-full wp-image-867\" src=\"https:\/\/www.forumcampinas.org.br\/interdependencia\/wp-content\/uploads\/2024\/05\/Silvia-Massruha-Foto-Saulo-Coelho-Embrapa.jpg\" alt=\"\" width=\"1000\" height=\"553\" srcset=\"https:\/\/www.forumcampinas.org.br\/interdependencia\/wp-content\/uploads\/2024\/05\/Silvia-Massruha-Foto-Saulo-Coelho-Embrapa.jpg 1000w, https:\/\/www.forumcampinas.org.br\/interdependencia\/wp-content\/uploads\/2024\/05\/Silvia-Massruha-Foto-Saulo-Coelho-Embrapa-300x166.jpg 300w, https:\/\/www.forumcampinas.org.br\/interdependencia\/wp-content\/uploads\/2024\/05\/Silvia-Massruha-Foto-Saulo-Coelho-Embrapa-768x425.jpg 768w\" sizes=\"auto, (max-width: 1000px) 100vw, 1000px\" \/><figcaption id=\"caption-attachment-867\" class=\"wp-caption-text\">Foto: Saulo Coelho &#8211; Embrapa<\/figcaption><\/figure>\n<p>A primeira presidente mulher da Embrapa, \u00e9 uma pesquisadora s\u00eanior com doutorado em Computa\u00e7\u00e3o Aplicada e Mestrado em Automa\u00e7\u00e3o. Com vasta experi\u00eancia, liderou a Embrapa Agricultura Digital e foi chefe de Pesquisa e Desenvolvimento. Al\u00e9m disso, participa ativamente de v\u00e1rios conselhos, incluindo o Conselho Diretor do Congresso Brasileiro de Agroinform\u00e1tica (SBIAGRO) e Instituto de Pesquisas Eldorado. Articuladora de projetos em Internet das Coisas (IoT) Rural, Intelig\u00eancia Artificial e Tecnologia Agr\u00edcola (Agtechs), contribui para o desenvolvimento do ecossistema de inova\u00e7\u00e3o para Agricultura Digital no pa\u00eds<strong>.<\/strong><\/p>\n<p>\u201c<em>Eu nunca pensei em ser presidente. Sempre pensei em me capacitar para estar naquele cargo [que ocupava]. A oportunidade que eu tive de ser chefe da Embrapa Agricultura Digital (Campinas) abriu um espa\u00e7o muito grande e foi habilitadora para que eu fosse selecionada para presidente. Fui fazendo meu trabalho e isso foi reconhecido pelos meus colegas, que ao longo da minha carreira estavam me observando\u201d,<\/em> falou S\u00edlvia Massruh\u00e1 a reportagem da Belgo Arames.<\/p>\n<p>\u201c<em>Antigamente, as mulheres n\u00e3o tinham tantas oportunidades. Hoje em dia, elas se capacitam mais. Tive um est\u00edmulo muito grande dos meus pais. Meu pai dizia: \u2018Se voc\u00ea quer estudar, v\u00e1 estudar\u2019. Ent\u00e3o, eu batalhei muito para estudar, fazer concurso e entrar na Embrapa<\/em>\u201d, concluiu S\u00edlvia.<\/p>\n<p><strong>Para ficar de olho: G20-MACS<\/strong><\/p>\n<p>A Embrapa sediar\u00e1 o Meeting of Agricultural Chief Scientists (G20-MACS) em Bras\u00edlia, de 15 a 17 de maio, onde ser\u00e3o discutidas propostas para enfrentar desafios e explorar oportunidades na ci\u00eancia agr\u00edcola tropical. Este encontro anual, que re\u00fane l\u00edderes de pesquisa agr\u00edcola dos pa\u00edses do G20 &#8211; incluindo \u00c1frica do Sul, Alemanha, Ar\u00e1bia Saudita, Argentina, Austr\u00e1lia, Brasil, Canad\u00e1, China, Cor\u00e9ia do Sul, Estados Unidos, Fran\u00e7a, \u00cdndia, Indon\u00e9sia, It\u00e1lia, Jap\u00e3o, M\u00e9xico, Reino Unido, R\u00fassia, Turquia, Uni\u00e3o Africana e a Uni\u00e3o Europeia -, visa contribuir para a constru\u00e7\u00e3o de um futuro mais equitativo e sustent\u00e1vel alinhado com a agenda global.<\/p>\n<p>O G20 \u00e9 um f\u00f3rum global representando aproximadamente 80% da economia mundial e dois ter\u00e7os da popula\u00e7\u00e3o global. Com a presid\u00eancia brasileira em 2024, quest\u00f5es vitais como o enfrentamento da fome, da pobreza e da desigualdade, al\u00e9m de reformas na governan\u00e7a global, estar\u00e3o em foco.<\/p>\n<p>A lideran\u00e7a do Brasil no G20-MACS ressalta o compromisso do pa\u00eds em promover a seguran\u00e7a alimentar e a coopera\u00e7\u00e3o internacional em pesquisa agr\u00edcola. Com o suporte do Minist\u00e9rio da Agricultura e Pecu\u00e1ria e do Minist\u00e9rio das Rela\u00e7\u00f5es Exteriores, a Embrapa desempenha um papel central na organiza\u00e7\u00e3o do evento, enfatizando a import\u00e2ncia estrat\u00e9gica do Brasil no contexto global.<\/p>\n<p>&nbsp;<\/p>\n<p>Links:<\/p>\n<p><a href=\"https:\/\/agro.estadao.com.br\/gente\/os-desafios-da-embrapa-para-os-proximos-50-anos\" target=\"_blank\" rel=\"noopener\">https:\/\/agro.estadao.com.br\/ gente\/os-desafios-da- embrapa-para-os-proximos-50-anos<\/a><\/p>\n<p><a href=\"https:\/\/www.embrapa.br\/macs-g20\" target=\"_blank\" rel=\"noopener\">https:\/\/www.embrapa.br\/macs-g20<\/a><\/p>\n<p><a href=\"https:\/\/www.belgo.com.br\/noticias\/nunca-pensei-em-ser-presidente-da-embrapa-fui-fazendo-meu-trabalho-e-isso-foi-reconhecido-afirma-silvia-massruha-primeira-mulher-a-liderar-a-empresa\/\" target=\"_blank\" rel=\"noopener\">https:\/\/www.belgo.com.br\/noticias\/ nunca-pensei-em-ser-presidente-da-embrapa -fui-fazendo-meu-trabalho-e- isso-foi-reconhecido-afirma-silvia- massruha-primeira-mulher-a-liderar -a-empresa\/<\/a><\/p>\n<p><a href=\"https:\/\/www.embrapa.br\/busca-de-noticias\/-\/noticia\/88665204\/embrapa-completa-51-anos\" target=\"_blank\" rel=\"noopener\">https:\/\/www.embrapa.br\/ busca-de-noticias\/-\/noticia\/ 88665204\/embrapa-completa-51-anos<\/a><\/p>\n","protected":false},"excerpt":{"rendered":"<p>Sob o lema \u201cEmbrapa 50+, a revolu\u00e7\u00e3o do futuro come\u00e7a agora\u201d a Embrapa comemora anivers\u00e1rio discutindo os rumos da agricultura nacional e global<\/p>\n","protected":false},"featured_media":866,"parent":0,"template":"","class_list":["post-865","blog","type-blog","status-publish","has-post-thumbnail","hentry"],"acf":[],"yoast_head":"<!-- This site is optimized with the Yoast SEO plugin v27.4 - https:\/\/yoast.com\/product\/yoast-seo-wordpress\/ -->\n<title>Embrapa Celebra 51 Anos\u201cDe Olho na Revolu\u00e7\u00e3o do Futuro\u201d da Agricultura - Interdepend\u00eancia<\/title>\n<meta name=\"description\" content=\"\u201cEmbrapa 50+, a revolu\u00e7\u00e3o do futuro come\u00e7a agora\u201d - Embrapa comemora anivers\u00e1rio discutindo os rumos da agricultura nacional e global\" \/>\n<meta name=\"robots\" content=\"index, follow, max-snippet:-1, max-image-preview:large, max-video-preview:-1\" \/>\n<link rel=\"canonical\" href=\"https:\/\/www.forumcampinas.org.br\/interdependencia\/blog\/embrapa-celebra-51-anos-com-de-olho-na-revolucao-do-futuro-da-agricultura\/\" \/>\n<meta property=\"og:locale\" content=\"pt_BR\" \/>\n<meta property=\"og:type\" content=\"article\" \/>\n<meta property=\"og:title\" content=\"Embrapa Celebra 51 Anos\u201cDe Olho na Revolu\u00e7\u00e3o do Futuro\u201d da Agricultura - Interdepend\u00eancia\" \/>\n<meta property=\"og:description\" content=\"\u201cEmbrapa 50+, a revolu\u00e7\u00e3o do futuro come\u00e7a agora\u201d - Embrapa comemora anivers\u00e1rio discutindo os rumos da agricultura nacional e global\" \/>\n<meta property=\"og:url\" content=\"https:\/\/www.forumcampinas.org.br\/interdependencia\/blog\/embrapa-celebra-51-anos-com-de-olho-na-revolucao-do-futuro-da-agricultura\/\" \/>\n<meta property=\"og:site_name\" content=\"Interdepend\u00eancia\" \/>\n<meta property=\"article:modified_time\" content=\"2024-05-07T12:53:59+00:00\" \/>\n<meta property=\"og:image\" content=\"https:\/\/www.forumcampinas.org.br\/interdependencia\/wp-content\/uploads\/2024\/05\/embrapa-50-mais.jpg\" \/>\n\t<meta property=\"og:image:width\" content=\"1000\" \/>\n\t<meta property=\"og:image:height\" content=\"553\" \/>\n\t<meta property=\"og:image:type\" content=\"image\/jpeg\" \/>\n<meta name=\"twitter:card\" content=\"summary_large_image\" \/>\n<meta name=\"twitter:label1\" content=\"Est. tempo de leitura\" \/>\n\t<meta name=\"twitter:data1\" content=\"6 minutos\" \/>\n<script type=\"application\/ld+json\" class=\"yoast-schema-graph\">{\"@context\":\"https:\\\/\\\/schema.org\",\"@graph\":[{\"@type\":\"WebPage\",\"@id\":\"https:\\\/\\\/www.forumcampinas.org.br\\\/interdependencia\\\/blog\\\/embrapa-celebra-51-anos-com-de-olho-na-revolucao-do-futuro-da-agricultura\\\/\",\"url\":\"https:\\\/\\\/www.forumcampinas.org.br\\\/interdependencia\\\/blog\\\/embrapa-celebra-51-anos-com-de-olho-na-revolucao-do-futuro-da-agricultura\\\/\",\"name\":\"Embrapa Celebra 51 Anos \u201cDe Olho na Revolu\u00e7\u00e3o do Futuro\u201d da Agricultura - Interdepend\u00eancia\",\"isPartOf\":{\"@id\":\"https:\\\/\\\/www.forumcampinas.org.br\\\/interdependencia\\\/#website\"},\"primaryImageOfPage\":{\"@id\":\"https:\\\/\\\/www.forumcampinas.org.br\\\/interdependencia\\\/blog\\\/embrapa-celebra-51-anos-com-de-olho-na-revolucao-do-futuro-da-agricultura\\\/#primaryimage\"},\"image\":{\"@id\":\"https:\\\/\\\/www.forumcampinas.org.br\\\/interdependencia\\\/blog\\\/embrapa-celebra-51-anos-com-de-olho-na-revolucao-do-futuro-da-agricultura\\\/#primaryimage\"},\"thumbnailUrl\":\"https:\\\/\\\/www.forumcampinas.org.br\\\/interdependencia\\\/wp-content\\\/uploads\\\/2024\\\/05\\\/embrapa-50-mais.jpg\",\"datePublished\":\"2024-05-07T12:43:55+00:00\",\"dateModified\":\"2024-05-07T12:53:59+00:00\",\"description\":\"\u201cEmbrapa 50+, a revolu\u00e7\u00e3o do futuro come\u00e7a agora\u201d - Embrapa comemora anivers\u00e1rio discutindo os rumos da agricultura nacional e global\",\"breadcrumb\":{\"@id\":\"https:\\\/\\\/www.forumcampinas.org.br\\\/interdependencia\\\/blog\\\/embrapa-celebra-51-anos-com-de-olho-na-revolucao-do-futuro-da-agricultura\\\/#breadcrumb\"},\"inLanguage\":\"pt-BR\",\"potentialAction\":[{\"@type\":\"ReadAction\",\"target\":[\"https:\\\/\\\/www.forumcampinas.org.br\\\/interdependencia\\\/blog\\\/embrapa-celebra-51-anos-com-de-olho-na-revolucao-do-futuro-da-agricultura\\\/\"]}]},{\"@type\":\"ImageObject\",\"inLanguage\":\"pt-BR\",\"@id\":\"https:\\\/\\\/www.forumcampinas.org.br\\\/interdependencia\\\/blog\\\/embrapa-celebra-51-anos-com-de-olho-na-revolucao-do-futuro-da-agricultura\\\/#primaryimage\",\"url\":\"https:\\\/\\\/www.forumcampinas.org.br\\\/interdependencia\\\/wp-content\\\/uploads\\\/2024\\\/05\\\/embrapa-50-mais.jpg\",\"contentUrl\":\"https:\\\/\\\/www.forumcampinas.org.br\\\/interdependencia\\\/wp-content\\\/uploads\\\/2024\\\/05\\\/embrapa-50-mais.jpg\",\"width\":1000,\"height\":553,\"caption\":\"Foto: Embrapa\"},{\"@type\":\"BreadcrumbList\",\"@id\":\"https:\\\/\\\/www.forumcampinas.org.br\\\/interdependencia\\\/blog\\\/embrapa-celebra-51-anos-com-de-olho-na-revolucao-do-futuro-da-agricultura\\\/#breadcrumb\",\"itemListElement\":[{\"@type\":\"ListItem\",\"position\":1,\"name\":\"In\u00edcio\",\"item\":\"https:\\\/\\\/www.forumcampinas.org.br\\\/interdependencia\\\/\"},{\"@type\":\"ListItem\",\"position\":2,\"name\":\"Blog\",\"item\":\"https:\\\/\\\/www.forumcampinas.org.br\\\/interdependencia\\\/blog\\\/\"},{\"@type\":\"ListItem\",\"position\":3,\"name\":\"Embrapa Celebra 51 Anos\u201cDe Olho na Revolu\u00e7\u00e3o do Futuro\u201d da Agricultura\"}]},{\"@type\":\"WebSite\",\"@id\":\"https:\\\/\\\/www.forumcampinas.org.br\\\/interdependencia\\\/#website\",\"url\":\"https:\\\/\\\/www.forumcampinas.org.br\\\/interdependencia\\\/\",\"name\":\"Interdepend\u00eancia\",\"description\":\"Ci\u00eancia, Tecnologia e Inova\u00e7\u00e3o e a Regi\u00e3o de Campinas\",\"publisher\":{\"@id\":\"https:\\\/\\\/www.forumcampinas.org.br\\\/interdependencia\\\/#organization\"},\"potentialAction\":[{\"@type\":\"SearchAction\",\"target\":{\"@type\":\"EntryPoint\",\"urlTemplate\":\"https:\\\/\\\/www.forumcampinas.org.br\\\/interdependencia\\\/?s={search_term_string}\"},\"query-input\":{\"@type\":\"PropertyValueSpecification\",\"valueRequired\":true,\"valueName\":\"search_term_string\"}}],\"inLanguage\":\"pt-BR\"},{\"@type\":\"Organization\",\"@id\":\"https:\\\/\\\/www.forumcampinas.org.br\\\/interdependencia\\\/#organization\",\"name\":\"Interdepend\u00eancia\",\"url\":\"https:\\\/\\\/www.forumcampinas.org.br\\\/interdependencia\\\/\",\"logo\":{\"@type\":\"ImageObject\",\"inLanguage\":\"pt-BR\",\"@id\":\"https:\\\/\\\/www.forumcampinas.org.br\\\/interdependencia\\\/#\\\/schema\\\/logo\\\/image\\\/\",\"url\":\"https:\\\/\\\/www.forumcampinas.org.br\\\/interdependencia\\\/wp-content\\\/uploads\\\/2023\\\/11\\\/interdependencia.png\",\"contentUrl\":\"https:\\\/\\\/www.forumcampinas.org.br\\\/interdependencia\\\/wp-content\\\/uploads\\\/2023\\\/11\\\/interdependencia.png\",\"width\":757,\"height\":195,\"caption\":\"Interdepend\u00eancia\"},\"image\":{\"@id\":\"https:\\\/\\\/www.forumcampinas.org.br\\\/interdependencia\\\/#\\\/schema\\\/logo\\\/image\\\/\"}}]}<\/script>\n<!-- \/ Yoast SEO plugin. -->","yoast_head_json":{"title":"Embrapa Celebra 51 Anos\u201cDe Olho na Revolu\u00e7\u00e3o do Futuro\u201d da Agricultura - Interdepend\u00eancia","description":"\u201cEmbrapa 50+, a revolu\u00e7\u00e3o do futuro come\u00e7a agora\u201d - Embrapa comemora anivers\u00e1rio discutindo os rumos da agricultura nacional e global","robots":{"index":"index","follow":"follow","max-snippet":"max-snippet:-1","max-image-preview":"max-image-preview:large","max-video-preview":"max-video-preview:-1"},"canonical":"https:\/\/www.forumcampinas.org.br\/interdependencia\/blog\/embrapa-celebra-51-anos-com-de-olho-na-revolucao-do-futuro-da-agricultura\/","og_locale":"pt_BR","og_type":"article","og_title":"Embrapa Celebra 51 Anos\u201cDe Olho na Revolu\u00e7\u00e3o do Futuro\u201d da Agricultura - Interdepend\u00eancia","og_description":"\u201cEmbrapa 50+, a revolu\u00e7\u00e3o do futuro come\u00e7a agora\u201d - Embrapa comemora anivers\u00e1rio discutindo os rumos da agricultura nacional e global","og_url":"https:\/\/www.forumcampinas.org.br\/interdependencia\/blog\/embrapa-celebra-51-anos-com-de-olho-na-revolucao-do-futuro-da-agricultura\/","og_site_name":"Interdepend\u00eancia","article_modified_time":"2024-05-07T12:53:59+00:00","og_image":[{"width":1000,"height":553,"url":"https:\/\/www.forumcampinas.org.br\/interdependencia\/wp-content\/uploads\/2024\/05\/embrapa-50-mais.jpg","type":"image\/jpeg"}],"twitter_card":"summary_large_image","twitter_misc":{"Est. tempo de leitura":"6 minutos"},"schema":{"@context":"https:\/\/schema.org","@graph":[{"@type":"WebPage","@id":"https:\/\/www.forumcampinas.org.br\/interdependencia\/blog\/embrapa-celebra-51-anos-com-de-olho-na-revolucao-do-futuro-da-agricultura\/","url":"https:\/\/www.forumcampinas.org.br\/interdependencia\/blog\/embrapa-celebra-51-anos-com-de-olho-na-revolucao-do-futuro-da-agricultura\/","name":"Embrapa Celebra 51 Anos \u201cDe Olho na Revolu\u00e7\u00e3o do Futuro\u201d da Agricultura - Interdepend\u00eancia","isPartOf":{"@id":"https:\/\/www.forumcampinas.org.br\/interdependencia\/#website"},"primaryImageOfPage":{"@id":"https:\/\/www.forumcampinas.org.br\/interdependencia\/blog\/embrapa-celebra-51-anos-com-de-olho-na-revolucao-do-futuro-da-agricultura\/#primaryimage"},"image":{"@id":"https:\/\/www.forumcampinas.org.br\/interdependencia\/blog\/embrapa-celebra-51-anos-com-de-olho-na-revolucao-do-futuro-da-agricultura\/#primaryimage"},"thumbnailUrl":"https:\/\/www.forumcampinas.org.br\/interdependencia\/wp-content\/uploads\/2024\/05\/embrapa-50-mais.jpg","datePublished":"2024-05-07T12:43:55+00:00","dateModified":"2024-05-07T12:53:59+00:00","description":"\u201cEmbrapa 50+, a revolu\u00e7\u00e3o do futuro come\u00e7a agora\u201d - Embrapa comemora anivers\u00e1rio discutindo os rumos da agricultura nacional e global","breadcrumb":{"@id":"https:\/\/www.forumcampinas.org.br\/interdependencia\/blog\/embrapa-celebra-51-anos-com-de-olho-na-revolucao-do-futuro-da-agricultura\/#breadcrumb"},"inLanguage":"pt-BR","potentialAction":[{"@type":"ReadAction","target":["https:\/\/www.forumcampinas.org.br\/interdependencia\/blog\/embrapa-celebra-51-anos-com-de-olho-na-revolucao-do-futuro-da-agricultura\/"]}]},{"@type":"ImageObject","inLanguage":"pt-BR","@id":"https:\/\/www.forumcampinas.org.br\/interdependencia\/blog\/embrapa-celebra-51-anos-com-de-olho-na-revolucao-do-futuro-da-agricultura\/#primaryimage","url":"https:\/\/www.forumcampinas.org.br\/interdependencia\/wp-content\/uploads\/2024\/05\/embrapa-50-mais.jpg","contentUrl":"https:\/\/www.forumcampinas.org.br\/interdependencia\/wp-content\/uploads\/2024\/05\/embrapa-50-mais.jpg","width":1000,"height":553,"caption":"Foto: Embrapa"},{"@type":"BreadcrumbList","@id":"https:\/\/www.forumcampinas.org.br\/interdependencia\/blog\/embrapa-celebra-51-anos-com-de-olho-na-revolucao-do-futuro-da-agricultura\/#breadcrumb","itemListElement":[{"@type":"ListItem","position":1,"name":"In\u00edcio","item":"https:\/\/www.forumcampinas.org.br\/interdependencia\/"},{"@type":"ListItem","position":2,"name":"Blog","item":"https:\/\/www.forumcampinas.org.br\/interdependencia\/blog\/"},{"@type":"ListItem","position":3,"name":"Embrapa Celebra 51 Anos\u201cDe Olho na Revolu\u00e7\u00e3o do Futuro\u201d da Agricultura"}]},{"@type":"WebSite","@id":"https:\/\/www.forumcampinas.org.br\/interdependencia\/#website","url":"https:\/\/www.forumcampinas.org.br\/interdependencia\/","name":"Interdepend\u00eancia","description":"Ci\u00eancia, Tecnologia e Inova\u00e7\u00e3o e a Regi\u00e3o de Campinas","publisher":{"@id":"https:\/\/www.forumcampinas.org.br\/interdependencia\/#organization"},"potentialAction":[{"@type":"SearchAction","target":{"@type":"EntryPoint","urlTemplate":"https:\/\/www.forumcampinas.org.br\/interdependencia\/?s={search_term_string}"},"query-input":{"@type":"PropertyValueSpecification","valueRequired":true,"valueName":"search_term_string"}}],"inLanguage":"pt-BR"},{"@type":"Organization","@id":"https:\/\/www.forumcampinas.org.br\/interdependencia\/#organization","name":"Interdepend\u00eancia","url":"https:\/\/www.forumcampinas.org.br\/interdependencia\/","logo":{"@type":"ImageObject","inLanguage":"pt-BR","@id":"https:\/\/www.forumcampinas.org.br\/interdependencia\/#\/schema\/logo\/image\/","url":"https:\/\/www.forumcampinas.org.br\/interdependencia\/wp-content\/uploads\/2023\/11\/interdependencia.png","contentUrl":"https:\/\/www.forumcampinas.org.br\/interdependencia\/wp-content\/uploads\/2023\/11\/interdependencia.png","width":757,"height":195,"caption":"Interdepend\u00eancia"},"image":{"@id":"https:\/\/www.forumcampinas.org.br\/interdependencia\/#\/schema\/logo\/image\/"}}]}},"_links":{"self":[{"href":"https:\/\/www.forumcampinas.org.br\/interdependencia\/wp-json\/wp\/v2\/blog\/865","targetHints":{"allow":["GET"]}}],"collection":[{"href":"https:\/\/www.forumcampinas.org.br\/interdependencia\/wp-json\/wp\/v2\/blog"}],"about":[{"href":"https:\/\/www.forumcampinas.org.br\/interdependencia\/wp-json\/wp\/v2\/types\/blog"}],"wp:featuredmedia":[{"embeddable":true,"href":"https:\/\/www.forumcampinas.org.br\/interdependencia\/wp-json\/wp\/v2\/media\/866"}],"wp:attachment":[{"href":"https:\/\/www.forumcampinas.org.br\/interdependencia\/wp-json\/wp\/v2\/media?parent=865"}],"curies":[{"name":"wp","href":"https:\/\/api.w.org\/{rel}","templated":true}]}}