{"id":875,"date":"2024-05-21T09:17:18","date_gmt":"2024-05-21T12:17:18","guid":{"rendered":"https:\/\/www.forumcampinas.org.br\/interdependencia\/?post_type=blog&#038;p=875"},"modified":"2024-05-21T09:17:18","modified_gmt":"2024-05-21T12:17:18","slug":"campinas-innovation-week-2024-um-mar-de-inovacao-e-oportunidades","status":"publish","type":"blog","link":"https:\/\/www.forumcampinas.org.br\/interdependencia\/blog\/campinas-innovation-week-2024-um-mar-de-inovacao-e-oportunidades\/","title":{"rendered":"Campinas Innovation Week 2024: Um Mar de Inova\u00e7\u00e3o e Oportunidades"},"content":{"rendered":"<p>De 10 a 14 de junho de 2024, o P\u00e1tio Ferrovi\u00e1rio ser\u00e1 o palco da Campinas Innovation Week, uma celebra\u00e7\u00e3o \u00e0 inova\u00e7\u00e3o, ao empreendedorismo e ao desenvolvimento sustent\u00e1vel. Em comemora\u00e7\u00e3o aos 250 anos da cidade, este evento multifacetado vai muito al\u00e9m de uma simples exposi\u00e7\u00e3o de tecnologia e ideias, proporcionando uma verdadeira imers\u00e3o no futuro, onde mentes vision\u00e1rias se encontram para explorar, discutir e criar.<\/p>\n<figure id=\"attachment_876\" aria-describedby=\"caption-attachment-876\" style=\"width: 1000px\" class=\"wp-caption aligncenter\"><img loading=\"lazy\" decoding=\"async\" class=\"size-full wp-image-876\" src=\"https:\/\/www.forumcampinas.org.br\/interdependencia\/wp-content\/uploads\/2024\/05\/INOVA-TRADE-SHOW-PEDRO-AMATUZZI-FOTOGRAFIA.jpg\" alt=\"\" width=\"1000\" height=\"553\" srcset=\"https:\/\/www.forumcampinas.org.br\/interdependencia\/wp-content\/uploads\/2024\/05\/INOVA-TRADE-SHOW-PEDRO-AMATUZZI-FOTOGRAFIA.jpg 1000w, https:\/\/www.forumcampinas.org.br\/interdependencia\/wp-content\/uploads\/2024\/05\/INOVA-TRADE-SHOW-PEDRO-AMATUZZI-FOTOGRAFIA-300x166.jpg 300w, https:\/\/www.forumcampinas.org.br\/interdependencia\/wp-content\/uploads\/2024\/05\/INOVA-TRADE-SHOW-PEDRO-AMATUZZI-FOTOGRAFIA-768x425.jpg 768w\" sizes=\"auto, (max-width: 1000px) 100vw, 1000px\" \/><figcaption id=\"caption-attachment-876\" class=\"wp-caption-text\">Foto: Pedro Amatuzzi<\/figcaption><\/figure>\n<p>A Campinas Innovation Week 2024 se destaca por sua programa\u00e7\u00e3o diversificada, abrangendo desde palestras e workshops at\u00e9 exposi\u00e7\u00f5es e shows, proporcionando oportunidades \u00fanicas para profissionais de diferentes setores. Executivos, empreendedores, acad\u00eamicos, designers e entusiastas de tecnologia encontrar\u00e3o no evento um ambiente prop\u00edcio para a troca de ideias e a constru\u00e7\u00e3o de novas parcerias. Al\u00e9m de celebrar o anivers\u00e1rio da cidade, a semana de inova\u00e7\u00e3o visa deixar um legado significativo para Campinas, promovendo a integra\u00e7\u00e3o entre tradi\u00e7\u00e3o e modernidade e refor\u00e7ando seu papel como polo de inova\u00e7\u00e3o e desenvolvimento. As discuss\u00f5es e projetos apresentados durante o evento t\u00eam o potencial de se transformar em iniciativas concretas, impulsionando o crescimento econ\u00f4mico e tecnol\u00f3gico local e beneficiando a comunidade a longo prazo.<\/p>\n<p>Os interessados em participar da Campinas Innovation Week podem se inscrever atrav\u00e9s do site oficial do evento, garantindo acesso a todas as atividades, incluindo palestras, workshops, exposi\u00e7\u00f5es e eventos culturais. Com uma programa\u00e7\u00e3o rica e diversificada que celebra a inova\u00e7\u00e3o e o desenvolvimento sustent\u00e1vel, a Campinas Innovation Week 2024 promete ser um marco no calend\u00e1rio empresarial e tecnol\u00f3gico da regi\u00e3o. Seja pela troca de ideias, pelo aprendizado ou pelo prazer de experimentar novas culturas e sabores, o evento oferece um mar de oportunidades para todos os participantes.<\/p>\n<p><strong>Campinas Decor na Campinas Innovation Week: Celebrando a Criatividade e o Design<\/strong><\/p>\n<p>Um dos destaques da semana ser\u00e1 a participa\u00e7\u00e3o da Campinas Decor, a maior exposi\u00e7\u00e3o de arquitetura, decora\u00e7\u00e3o e paisagismo do interior paulista. Com uma tradi\u00e7\u00e3o de 26 anos em apresentar as \u00faltimas tend\u00eancias em design de interiores e mobili\u00e1rio, a presen\u00e7a da Campinas Decor na Innovation Week adiciona uma dose extra de inspira\u00e7\u00e3o e criatividade aos participantes. Esta exposi\u00e7\u00e3o permitir\u00e1 que visitantes e expositores explorem novas formas de integrar design inovador e funcionalidade em ambientes diversos, destacando o impacto do design na qualidade de vida e no bem-estar.<\/p>\n<p><strong>Retail Conference: Conectando Varejistas ao Futuro<\/strong><\/p>\n<p>No dia 11 de junho, a ACIC (Associa\u00e7\u00e3o Comercial e Industrial de Campinas) realizar\u00e1 a 12\u00aa edi\u00e7\u00e3o do Retail Conference, um evento de refer\u00eancia para o setor de varejo e tend\u00eancias de mercado. Com mais de um s\u00e9culo de experi\u00eancia, a ACIC traz insights valiosos para empreendedores que desejam se manter \u00e0 frente das transforma\u00e7\u00f5es do mercado. A confer\u00eancia abordar\u00e1 temas como a digitaliza\u00e7\u00e3o do varejo, o comportamento do consumidor e as estrat\u00e9gias para enfrentar os desafios do com\u00e9rcio atual.<\/p>\n<p><strong>Inova Trade Show: Explorando Solu\u00e7\u00f5es para os Desafios Globais<\/strong><\/p>\n<p>Parte essencial da Campinas Innovation Week, o Inova Trade Show ocorrer\u00e1 nos dias 12 e 13 de junho. Este f\u00f3rum ser\u00e1 um ponto de encontro para empresas, startups, institui\u00e7\u00f5es de pesquisa, universidades e diversos outros agentes do ecossistema de inova\u00e7\u00e3o. Durante esses dias, ser\u00e3o apresentadas solu\u00e7\u00f5es para desafios globais, promovendo debates sobre sustentabilidade, tecnologia e a interse\u00e7\u00e3o entre ci\u00eancia e neg\u00f3cios. Os participantes ter\u00e3o a oportunidade de participar de pain\u00e9is de discuss\u00e3o, workshops e sess\u00f5es de networking que facilitar\u00e3o a troca de conhecimentos e a cria\u00e7\u00e3o de parcerias estrat\u00e9gicas.<\/p>\n<p><strong>TechStart Summit: Impulsionando a Inova\u00e7\u00e3o e o Empreendedorismo<\/strong><\/p>\n<p>No dia 14 de junho, o TechStart Summit, organizado pela Venture Hub, encerrar\u00e1 a Campinas Innovation Week com uma programa\u00e7\u00e3o din\u00e2mica e diversificada. Este evento reunir\u00e1 startups, deeptechs, institutos de tecnologia, universidades e empresas l\u00edderes, com foco na sustentabilidade e no desenvolvimento tecnol\u00f3gico. O summit incluir\u00e1 apresenta\u00e7\u00f5es de cases de sucesso, rodadas de investimento, mentorias e debates sobre as tend\u00eancias que est\u00e3o moldando o futuro da tecnologia e dos neg\u00f3cios.<\/p>\n<p><strong>P\u00e1tio Gastron\u00f4mico e Eventos Musicais: Uma Experi\u00eancia Sensorial Completa<\/strong><\/p>\n<p>Durante todos os dias do evento, os participantes poder\u00e3o desfrutar de um p\u00e1tio gastron\u00f4mico com uma variedade de op\u00e7\u00f5es culin\u00e1rias de diferentes pa\u00edses e regi\u00f5es. O p\u00e1tio gastron\u00f4mico oferecer\u00e1 op\u00e7\u00f5es para todos os gostos, sendo o local perfeito para networking, relaxar e experimentar novos sabores. Com uma sele\u00e7\u00e3o diversificada de pratos, os visitantes poder\u00e3o apreciar desde comidas t\u00edpicas brasileiras at\u00e9 especialidades internacionais, tornando a experi\u00eancia gastron\u00f4mica uma parte fundamental da imers\u00e3o cultural e inovadora que a Campinas Innovation Week proporciona.<\/p>\n<p>Assim como a gastronomia, os eventos musicais ao vivo ser\u00e3o uma atra\u00e7\u00e3o di\u00e1ria da Campinas Innovation Week. Com DJs internacionais e apresenta\u00e7\u00f5es art\u00edsticas variadas, os participantes ter\u00e3o a oportunidade de desfrutar de m\u00fasica de qualidade enquanto fazem networking e exploram as in\u00fameras oportunidades de aprendizado e inova\u00e7\u00e3o oferecidas pelo evento. A m\u00fasica servir\u00e1 como um elemento de integra\u00e7\u00e3o, inspirando criatividade e proporcionando momentos de descontra\u00e7\u00e3o em meio \u00e0 intensa programa\u00e7\u00e3o.<\/p>\n<p><strong>Mais informa\u00e7\u00f5es em:<\/strong><\/p>\n<p><a href=\"https:\/\/campinasinnovationweek.com.br\/\" target=\"_blank\" rel=\"noopener\">campinasinnovationweek.com.br<\/a><\/p>\n<p><a href=\"https:\/\/retailconference.com.br\/\" target=\"_blank\" rel=\"noopener\">retailconference.com.br<\/a><\/p>\n<p><a href=\"https:\/\/inovatradeshow.com.br\/\" target=\"_blank\" rel=\"noopener\">inovatradeshow.com.br<\/a><\/p>\n","protected":false},"excerpt":{"rendered":"<p>Campinas Innovation Week, uma celebra\u00e7\u00e3o \u00e0 inova\u00e7\u00e3o, ao empreendedorismo e ao desenvolvimento sustent\u00e1vel de 10 a 14 de junho<\/p>\n","protected":false},"featured_media":876,"parent":0,"template":"","class_list":["post-875","blog","type-blog","status-publish","has-post-thumbnail","hentry"],"acf":[],"yoast_head":"<!-- This site is optimized with the Yoast SEO plugin v27.4 - https:\/\/yoast.com\/product\/yoast-seo-wordpress\/ -->\n<title>Campinas Innovation Week 2024: Um Mar de Inova\u00e7\u00e3o e Oportunidades - Interdepend\u00eancia<\/title>\n<meta name=\"description\" content=\"Campinas Innovation Week, uma celebra\u00e7\u00e3o \u00e0 inova\u00e7\u00e3o, ao empreendedorismo e ao desenvolvimento sustent\u00e1vel de 10 a 14 de junho\" \/>\n<meta name=\"robots\" content=\"index, follow, max-snippet:-1, max-image-preview:large, max-video-preview:-1\" \/>\n<link rel=\"canonical\" href=\"https:\/\/www.forumcampinas.org.br\/interdependencia\/blog\/campinas-innovation-week-2024-um-mar-de-inovacao-e-oportunidades\/\" \/>\n<meta property=\"og:locale\" content=\"pt_BR\" \/>\n<meta property=\"og:type\" content=\"article\" \/>\n<meta property=\"og:title\" content=\"Campinas Innovation Week 2024: Um Mar de Inova\u00e7\u00e3o e Oportunidades - Interdepend\u00eancia\" \/>\n<meta property=\"og:description\" content=\"Campinas Innovation Week, uma celebra\u00e7\u00e3o \u00e0 inova\u00e7\u00e3o, ao empreendedorismo e ao desenvolvimento sustent\u00e1vel de 10 a 14 de junho\" \/>\n<meta property=\"og:url\" content=\"https:\/\/www.forumcampinas.org.br\/interdependencia\/blog\/campinas-innovation-week-2024-um-mar-de-inovacao-e-oportunidades\/\" \/>\n<meta property=\"og:site_name\" content=\"Interdepend\u00eancia\" \/>\n<meta property=\"og:image\" content=\"https:\/\/www.forumcampinas.org.br\/interdependencia\/wp-content\/uploads\/2024\/05\/INOVA-TRADE-SHOW-PEDRO-AMATUZZI-FOTOGRAFIA.jpg\" \/>\n\t<meta property=\"og:image:width\" content=\"1000\" \/>\n\t<meta property=\"og:image:height\" content=\"553\" \/>\n\t<meta property=\"og:image:type\" content=\"image\/jpeg\" \/>\n<meta name=\"twitter:card\" content=\"summary_large_image\" \/>\n<meta name=\"twitter:label1\" content=\"Est. tempo de leitura\" \/>\n\t<meta name=\"twitter:data1\" content=\"5 minutos\" \/>\n<script type=\"application\/ld+json\" class=\"yoast-schema-graph\">{\"@context\":\"https:\\\/\\\/schema.org\",\"@graph\":[{\"@type\":\"WebPage\",\"@id\":\"https:\\\/\\\/www.forumcampinas.org.br\\\/interdependencia\\\/blog\\\/campinas-innovation-week-2024-um-mar-de-inovacao-e-oportunidades\\\/\",\"url\":\"https:\\\/\\\/www.forumcampinas.org.br\\\/interdependencia\\\/blog\\\/campinas-innovation-week-2024-um-mar-de-inovacao-e-oportunidades\\\/\",\"name\":\"Campinas Innovation Week 2024: Um Mar de Inova\u00e7\u00e3o e Oportunidades - Interdepend\u00eancia\",\"isPartOf\":{\"@id\":\"https:\\\/\\\/www.forumcampinas.org.br\\\/interdependencia\\\/#website\"},\"primaryImageOfPage\":{\"@id\":\"https:\\\/\\\/www.forumcampinas.org.br\\\/interdependencia\\\/blog\\\/campinas-innovation-week-2024-um-mar-de-inovacao-e-oportunidades\\\/#primaryimage\"},\"image\":{\"@id\":\"https:\\\/\\\/www.forumcampinas.org.br\\\/interdependencia\\\/blog\\\/campinas-innovation-week-2024-um-mar-de-inovacao-e-oportunidades\\\/#primaryimage\"},\"thumbnailUrl\":\"https:\\\/\\\/www.forumcampinas.org.br\\\/interdependencia\\\/wp-content\\\/uploads\\\/2024\\\/05\\\/INOVA-TRADE-SHOW-PEDRO-AMATUZZI-FOTOGRAFIA.jpg\",\"datePublished\":\"2024-05-21T12:17:18+00:00\",\"description\":\"Campinas Innovation Week, uma celebra\u00e7\u00e3o \u00e0 inova\u00e7\u00e3o, ao empreendedorismo e ao desenvolvimento sustent\u00e1vel de 10 a 14 de junho\",\"breadcrumb\":{\"@id\":\"https:\\\/\\\/www.forumcampinas.org.br\\\/interdependencia\\\/blog\\\/campinas-innovation-week-2024-um-mar-de-inovacao-e-oportunidades\\\/#breadcrumb\"},\"inLanguage\":\"pt-BR\",\"potentialAction\":[{\"@type\":\"ReadAction\",\"target\":[\"https:\\\/\\\/www.forumcampinas.org.br\\\/interdependencia\\\/blog\\\/campinas-innovation-week-2024-um-mar-de-inovacao-e-oportunidades\\\/\"]}]},{\"@type\":\"ImageObject\",\"inLanguage\":\"pt-BR\",\"@id\":\"https:\\\/\\\/www.forumcampinas.org.br\\\/interdependencia\\\/blog\\\/campinas-innovation-week-2024-um-mar-de-inovacao-e-oportunidades\\\/#primaryimage\",\"url\":\"https:\\\/\\\/www.forumcampinas.org.br\\\/interdependencia\\\/wp-content\\\/uploads\\\/2024\\\/05\\\/INOVA-TRADE-SHOW-PEDRO-AMATUZZI-FOTOGRAFIA.jpg\",\"contentUrl\":\"https:\\\/\\\/www.forumcampinas.org.br\\\/interdependencia\\\/wp-content\\\/uploads\\\/2024\\\/05\\\/INOVA-TRADE-SHOW-PEDRO-AMATUZZI-FOTOGRAFIA.jpg\",\"width\":1000,\"height\":553,\"caption\":\"Foto: Pedro Amatuzzi\"},{\"@type\":\"BreadcrumbList\",\"@id\":\"https:\\\/\\\/www.forumcampinas.org.br\\\/interdependencia\\\/blog\\\/campinas-innovation-week-2024-um-mar-de-inovacao-e-oportunidades\\\/#breadcrumb\",\"itemListElement\":[{\"@type\":\"ListItem\",\"position\":1,\"name\":\"In\u00edcio\",\"item\":\"https:\\\/\\\/www.forumcampinas.org.br\\\/interdependencia\\\/\"},{\"@type\":\"ListItem\",\"position\":2,\"name\":\"Blog\",\"item\":\"https:\\\/\\\/www.forumcampinas.org.br\\\/interdependencia\\\/blog\\\/\"},{\"@type\":\"ListItem\",\"position\":3,\"name\":\"Campinas Innovation Week 2024: Um Mar de Inova\u00e7\u00e3o e Oportunidades\"}]},{\"@type\":\"WebSite\",\"@id\":\"https:\\\/\\\/www.forumcampinas.org.br\\\/interdependencia\\\/#website\",\"url\":\"https:\\\/\\\/www.forumcampinas.org.br\\\/interdependencia\\\/\",\"name\":\"Interdepend\u00eancia\",\"description\":\"Ci\u00eancia, Tecnologia e Inova\u00e7\u00e3o e a Regi\u00e3o de Campinas\",\"publisher\":{\"@id\":\"https:\\\/\\\/www.forumcampinas.org.br\\\/interdependencia\\\/#organization\"},\"potentialAction\":[{\"@type\":\"SearchAction\",\"target\":{\"@type\":\"EntryPoint\",\"urlTemplate\":\"https:\\\/\\\/www.forumcampinas.org.br\\\/interdependencia\\\/?s={search_term_string}\"},\"query-input\":{\"@type\":\"PropertyValueSpecification\",\"valueRequired\":true,\"valueName\":\"search_term_string\"}}],\"inLanguage\":\"pt-BR\"},{\"@type\":\"Organization\",\"@id\":\"https:\\\/\\\/www.forumcampinas.org.br\\\/interdependencia\\\/#organization\",\"name\":\"Interdepend\u00eancia\",\"url\":\"https:\\\/\\\/www.forumcampinas.org.br\\\/interdependencia\\\/\",\"logo\":{\"@type\":\"ImageObject\",\"inLanguage\":\"pt-BR\",\"@id\":\"https:\\\/\\\/www.forumcampinas.org.br\\\/interdependencia\\\/#\\\/schema\\\/logo\\\/image\\\/\",\"url\":\"https:\\\/\\\/www.forumcampinas.org.br\\\/interdependencia\\\/wp-content\\\/uploads\\\/2023\\\/11\\\/interdependencia.png\",\"contentUrl\":\"https:\\\/\\\/www.forumcampinas.org.br\\\/interdependencia\\\/wp-content\\\/uploads\\\/2023\\\/11\\\/interdependencia.png\",\"width\":757,\"height\":195,\"caption\":\"Interdepend\u00eancia\"},\"image\":{\"@id\":\"https:\\\/\\\/www.forumcampinas.org.br\\\/interdependencia\\\/#\\\/schema\\\/logo\\\/image\\\/\"}}]}<\/script>\n<!-- \/ Yoast SEO plugin. -->","yoast_head_json":{"title":"Campinas Innovation Week 2024: Um Mar de Inova\u00e7\u00e3o e Oportunidades - Interdepend\u00eancia","description":"Campinas Innovation Week, uma celebra\u00e7\u00e3o \u00e0 inova\u00e7\u00e3o, ao empreendedorismo e ao desenvolvimento sustent\u00e1vel de 10 a 14 de junho","robots":{"index":"index","follow":"follow","max-snippet":"max-snippet:-1","max-image-preview":"max-image-preview:large","max-video-preview":"max-video-preview:-1"},"canonical":"https:\/\/www.forumcampinas.org.br\/interdependencia\/blog\/campinas-innovation-week-2024-um-mar-de-inovacao-e-oportunidades\/","og_locale":"pt_BR","og_type":"article","og_title":"Campinas Innovation Week 2024: Um Mar de Inova\u00e7\u00e3o e Oportunidades - Interdepend\u00eancia","og_description":"Campinas Innovation Week, uma celebra\u00e7\u00e3o \u00e0 inova\u00e7\u00e3o, ao empreendedorismo e ao desenvolvimento sustent\u00e1vel de 10 a 14 de junho","og_url":"https:\/\/www.forumcampinas.org.br\/interdependencia\/blog\/campinas-innovation-week-2024-um-mar-de-inovacao-e-oportunidades\/","og_site_name":"Interdepend\u00eancia","og_image":[{"width":1000,"height":553,"url":"https:\/\/www.forumcampinas.org.br\/interdependencia\/wp-content\/uploads\/2024\/05\/INOVA-TRADE-SHOW-PEDRO-AMATUZZI-FOTOGRAFIA.jpg","type":"image\/jpeg"}],"twitter_card":"summary_large_image","twitter_misc":{"Est. tempo de leitura":"5 minutos"},"schema":{"@context":"https:\/\/schema.org","@graph":[{"@type":"WebPage","@id":"https:\/\/www.forumcampinas.org.br\/interdependencia\/blog\/campinas-innovation-week-2024-um-mar-de-inovacao-e-oportunidades\/","url":"https:\/\/www.forumcampinas.org.br\/interdependencia\/blog\/campinas-innovation-week-2024-um-mar-de-inovacao-e-oportunidades\/","name":"Campinas Innovation Week 2024: Um Mar de Inova\u00e7\u00e3o e Oportunidades - Interdepend\u00eancia","isPartOf":{"@id":"https:\/\/www.forumcampinas.org.br\/interdependencia\/#website"},"primaryImageOfPage":{"@id":"https:\/\/www.forumcampinas.org.br\/interdependencia\/blog\/campinas-innovation-week-2024-um-mar-de-inovacao-e-oportunidades\/#primaryimage"},"image":{"@id":"https:\/\/www.forumcampinas.org.br\/interdependencia\/blog\/campinas-innovation-week-2024-um-mar-de-inovacao-e-oportunidades\/#primaryimage"},"thumbnailUrl":"https:\/\/www.forumcampinas.org.br\/interdependencia\/wp-content\/uploads\/2024\/05\/INOVA-TRADE-SHOW-PEDRO-AMATUZZI-FOTOGRAFIA.jpg","datePublished":"2024-05-21T12:17:18+00:00","description":"Campinas Innovation Week, uma celebra\u00e7\u00e3o \u00e0 inova\u00e7\u00e3o, ao empreendedorismo e ao desenvolvimento sustent\u00e1vel de 10 a 14 de junho","breadcrumb":{"@id":"https:\/\/www.forumcampinas.org.br\/interdependencia\/blog\/campinas-innovation-week-2024-um-mar-de-inovacao-e-oportunidades\/#breadcrumb"},"inLanguage":"pt-BR","potentialAction":[{"@type":"ReadAction","target":["https:\/\/www.forumcampinas.org.br\/interdependencia\/blog\/campinas-innovation-week-2024-um-mar-de-inovacao-e-oportunidades\/"]}]},{"@type":"ImageObject","inLanguage":"pt-BR","@id":"https:\/\/www.forumcampinas.org.br\/interdependencia\/blog\/campinas-innovation-week-2024-um-mar-de-inovacao-e-oportunidades\/#primaryimage","url":"https:\/\/www.forumcampinas.org.br\/interdependencia\/wp-content\/uploads\/2024\/05\/INOVA-TRADE-SHOW-PEDRO-AMATUZZI-FOTOGRAFIA.jpg","contentUrl":"https:\/\/www.forumcampinas.org.br\/interdependencia\/wp-content\/uploads\/2024\/05\/INOVA-TRADE-SHOW-PEDRO-AMATUZZI-FOTOGRAFIA.jpg","width":1000,"height":553,"caption":"Foto: Pedro Amatuzzi"},{"@type":"BreadcrumbList","@id":"https:\/\/www.forumcampinas.org.br\/interdependencia\/blog\/campinas-innovation-week-2024-um-mar-de-inovacao-e-oportunidades\/#breadcrumb","itemListElement":[{"@type":"ListItem","position":1,"name":"In\u00edcio","item":"https:\/\/www.forumcampinas.org.br\/interdependencia\/"},{"@type":"ListItem","position":2,"name":"Blog","item":"https:\/\/www.forumcampinas.org.br\/interdependencia\/blog\/"},{"@type":"ListItem","position":3,"name":"Campinas Innovation Week 2024: Um Mar de Inova\u00e7\u00e3o e Oportunidades"}]},{"@type":"WebSite","@id":"https:\/\/www.forumcampinas.org.br\/interdependencia\/#website","url":"https:\/\/www.forumcampinas.org.br\/interdependencia\/","name":"Interdepend\u00eancia","description":"Ci\u00eancia, Tecnologia e Inova\u00e7\u00e3o e a Regi\u00e3o de Campinas","publisher":{"@id":"https:\/\/www.forumcampinas.org.br\/interdependencia\/#organization"},"potentialAction":[{"@type":"SearchAction","target":{"@type":"EntryPoint","urlTemplate":"https:\/\/www.forumcampinas.org.br\/interdependencia\/?s={search_term_string}"},"query-input":{"@type":"PropertyValueSpecification","valueRequired":true,"valueName":"search_term_string"}}],"inLanguage":"pt-BR"},{"@type":"Organization","@id":"https:\/\/www.forumcampinas.org.br\/interdependencia\/#organization","name":"Interdepend\u00eancia","url":"https:\/\/www.forumcampinas.org.br\/interdependencia\/","logo":{"@type":"ImageObject","inLanguage":"pt-BR","@id":"https:\/\/www.forumcampinas.org.br\/interdependencia\/#\/schema\/logo\/image\/","url":"https:\/\/www.forumcampinas.org.br\/interdependencia\/wp-content\/uploads\/2023\/11\/interdependencia.png","contentUrl":"https:\/\/www.forumcampinas.org.br\/interdependencia\/wp-content\/uploads\/2023\/11\/interdependencia.png","width":757,"height":195,"caption":"Interdepend\u00eancia"},"image":{"@id":"https:\/\/www.forumcampinas.org.br\/interdependencia\/#\/schema\/logo\/image\/"}}]}},"_links":{"self":[{"href":"https:\/\/www.forumcampinas.org.br\/interdependencia\/wp-json\/wp\/v2\/blog\/875","targetHints":{"allow":["GET"]}}],"collection":[{"href":"https:\/\/www.forumcampinas.org.br\/interdependencia\/wp-json\/wp\/v2\/blog"}],"about":[{"href":"https:\/\/www.forumcampinas.org.br\/interdependencia\/wp-json\/wp\/v2\/types\/blog"}],"wp:featuredmedia":[{"embeddable":true,"href":"https:\/\/www.forumcampinas.org.br\/interdependencia\/wp-json\/wp\/v2\/media\/876"}],"wp:attachment":[{"href":"https:\/\/www.forumcampinas.org.br\/interdependencia\/wp-json\/wp\/v2\/media?parent=875"}],"curies":[{"name":"wp","href":"https:\/\/api.w.org\/{rel}","templated":true}]}}