{"id":884,"date":"2024-05-27T08:45:34","date_gmt":"2024-05-27T11:45:34","guid":{"rendered":"https:\/\/www.forumcampinas.org.br\/interdependencia\/?post_type=blog&#038;p=884"},"modified":"2024-06-18T10:30:06","modified_gmt":"2024-06-18T13:30:06","slug":"hercule-florence-artista-inventor-desenhista-pesquisador-multiplo-ganha-sala-no-mis-de-campinas","status":"publish","type":"blog","link":"https:\/\/www.forumcampinas.org.br\/interdependencia\/blog\/hercule-florence-artista-inventor-desenhista-pesquisador-multiplo-ganha-sala-no-mis-de-campinas\/","title":{"rendered":"Hercule Florence: Artista-inventor, desenhista, pesquisador m\u00faltiplo, ganha sala no MIS de Campinas"},"content":{"rendered":"<p>Foi realizada em Campinas, S\u00e3o Paulo, no dia 19 de maio de 2024, a \u201c24\u00ba Caminhada Hercule Florence\u201d, em comemora\u00e7\u00e3o \u00e0 inaugura\u00e7\u00e3o da <strong>Sala Hercule Florence<\/strong>, no Museu da Imagem e do Som (MIS). O novo ambiente \u00e9 uma exposi\u00e7\u00e3o permanente, que traz o estudo, obras e pesquisas do artista, resultado de um projeto selecionado pelo Edital ProAC (Programa de A\u00e7\u00e3o Cultural da Secretaria de Cultura, Economia e Ind\u00fastrias Criativas do Estado de S\u00e3o Paulo), edi\u00e7\u00e3o 12\/2023, na categoria Artes Visuais \u2013 Produ\u00e7\u00e3o de Exposi\u00e7\u00e3o In\u00e9dita.<\/p>\n<figure id=\"attachment_883\" aria-describedby=\"caption-attachment-883\" style=\"width: 1000px\" class=\"wp-caption aligncenter\"><img loading=\"lazy\" decoding=\"async\" class=\"size-full wp-image-883\" src=\"https:\/\/www.forumcampinas.org.br\/interdependencia\/wp-content\/uploads\/2024\/05\/sala-hercule-florence.jpg\" alt=\"\" width=\"1000\" height=\"553\" srcset=\"https:\/\/www.forumcampinas.org.br\/interdependencia\/wp-content\/uploads\/2024\/05\/sala-hercule-florence.jpg 1000w, https:\/\/www.forumcampinas.org.br\/interdependencia\/wp-content\/uploads\/2024\/05\/sala-hercule-florence-300x166.jpg 300w, https:\/\/www.forumcampinas.org.br\/interdependencia\/wp-content\/uploads\/2024\/05\/sala-hercule-florence-768x425.jpg 768w\" sizes=\"auto, (max-width: 1000px) 100vw, 1000px\" \/><figcaption id=\"caption-attachment-883\" class=\"wp-caption-text\">Foto: Tatiana Ribeiro &#8211; Correio Popular<\/figcaption><\/figure>\n<p>Hercule Florence, autor do mais antigo registro fotogr\u00e1fico das Am\u00e9ricas h\u00e1 191 anos<a href=\"#_ftn1\" name=\"_ftnref1\">[1]<\/a>, e que escolheu a vila de S\u00e3o Carlos (antigo nome de Campinas) para viver, nasceu em Nice, na Fran\u00e7a, em 28 de mar\u00e7o de 1804. Quando chegou ao Rio de Janeiro em 1824, um dos seus primeiros trabalhos foi numa tipografia executando litografias. Jovem muito curioso, j\u00e1 vivendo em S\u00e3o Paulo, aos 21 anos se candidatou e participou como desenhista da segunda fase da expedi\u00e7\u00e3o do m\u00e9dico e naturalista, Georg Heinrich von Langsdorff (C\u00f4nsul Geral da R\u00fassia no Rio de Janeiro), realizada entre os anos de 1825-1829, que teve o objetivo de coletar e catalogar minerais, a fauna e a flora brasileira. Foram aproximadamente\u00a017 mil quil\u00f4metros percorridos de S\u00e3o Paulo at\u00e9 Bel\u00e9m do Par\u00e1.<\/p>\n<p>Na abertura do \u201cSemin\u00e1rio Internacional Cento e Noventa anos dos Experimentos Fotogr\u00e1ficos de Hercule Florence\u201d, realizado na cidade de S\u00e3o Paulo no ano de 2023, Jo\u00e3o Fernandes, diretor art\u00edstico do Instituto Moreira Salles,\u00a0 S\u00e9rgio Burgi,\u00a0 coordenador de fotografia da mesma institui\u00e7\u00e3o e Francis Melvin Lee, superintendente do Instituto Hercule Florence, fizeram algumas considera\u00e7\u00f5es sobre o artista, que vale a pena relembrar aqui.<\/p>\n<p>Para Jo\u00e3o Fernandes, \u201c<em>Hercule foi exemplar na sua curiosidade infatig\u00e1vel, e esse caminho levou o artista \u00e0 uma pr\u00e1tica experimental da ci\u00eancia. Essa pr\u00e1tica<\/em> <em>\u00e9 hoje uma justa devolu\u00e7\u00e3o quando analisamos suas imagens, o que nos permite compreender toda a amplitude e profundidade de seu trabalho de pesquisa, com o qual ele revolucionou as possibilidades de registro do mundo, da presen\u00e7a humana no mundo\u201d<\/em>. De acordo com Fernandes, a inventividade de Hercule possibilitou outras formas de ver o mundo, o que \u00e9 tamb\u00e9m uma constru\u00e7\u00e3o.<\/p>\n<figure id=\"attachment_882\" aria-describedby=\"caption-attachment-882\" style=\"width: 1000px\" class=\"wp-caption aligncenter\"><img loading=\"lazy\" decoding=\"async\" class=\"size-full wp-image-882\" src=\"https:\/\/www.forumcampinas.org.br\/interdependencia\/wp-content\/uploads\/2024\/05\/Hercule-Florence.jpg\" alt=\"\" width=\"1000\" height=\"553\" srcset=\"https:\/\/www.forumcampinas.org.br\/interdependencia\/wp-content\/uploads\/2024\/05\/Hercule-Florence.jpg 1000w, https:\/\/www.forumcampinas.org.br\/interdependencia\/wp-content\/uploads\/2024\/05\/Hercule-Florence-300x166.jpg 300w, https:\/\/www.forumcampinas.org.br\/interdependencia\/wp-content\/uploads\/2024\/05\/Hercule-Florence-768x425.jpg 768w\" sizes=\"auto, (max-width: 1000px) 100vw, 1000px\" \/><figcaption id=\"caption-attachment-882\" class=\"wp-caption-text\">Foto: Jornal da USP<\/figcaption><\/figure>\n<p>De acordo com S\u00e9rgio Burgi, Florence foi o primeiro a empregar o termo <em>photographia<\/em> em outubro de 1833, <em>\u201cquando descreveu detalhadamente os resultados e a aplicabilidade de seus experimentos fotogr\u00e1ficos realizados ao longo daquele ano, em especial no que se refere aos usos potenciais associados \u00e0s pesquisas que vinha realizando, em torno da inova\u00e7\u00e3o e simplifica\u00e7\u00e3o dos processos de impress\u00e3o gr\u00e1fica da poligrafia\u201d<\/em>. Hercule obteve, atrav\u00e9s do uso de uma c\u00e2mara escura, a primeira fixa\u00e7\u00e3o da imagem no papel usando nitrato de prata, considerado um dos primeiros processos fotogr\u00e1ficos da hist\u00f3ria.<\/p>\n<p>De acordo com a arquiteta Francis\u00a0 Melvin Lee, \u201c<em>o artista trabalhava com a interdisciplinaridade, caracter\u00edstica dos naturalistas do s\u00e9culo XIX, unindo ci\u00eancias biol\u00f3gicas, ci\u00eancias humanas e artes, caminho que podemos trilhar no s\u00e9culo 21\u201d<\/em>. Para ela, o Instituto Hercule Florence, que foi fundado em 2006, na cidade de S\u00e3o Paulo, por Antonio Florence, tem a convic\u00e7\u00e3o de que os novos conhecimentos que se pode alcan\u00e7ar dentro da pesquisa (cient\u00edfica e hist\u00f3rica), tem que se dar atrav\u00e9s da colabora\u00e7\u00e3o entre arte e ci\u00eancia.<\/p>\n<p>No ano em que Campinas comemora os seus 250 anos, a inaugura\u00e7\u00e3o da nova sala \u00e9 um reconhecimento necess\u00e1rio ao grande artista e pesquisador que foi Hercule Florence, um presente para a cidade, que desta forma valoriza e amplia os espa\u00e7os de organiza\u00e7\u00e3o, preserva\u00e7\u00e3o e divulga\u00e7\u00e3o de sua hist\u00f3ria.<\/p>\n<p>Parab\u00e9ns Campinas, terra de Hercule Florence!<\/p>\n<p>&nbsp;<\/p>\n<p>Fontes:<\/p>\n<p>Site do F\u00f3rum de Inova\u00e7\u00e3o e Sustentabilidade Campinas (FISC): <a href=\"https:\/\/www.forumcampinas.org.br\/interdependencia\/a-importancia-da-cti\/\" target=\"_blank\" rel=\"noopener\">https:\/\/www.forumcampinas.org.br\/ interdependencia\/a-importancia-da-cti\/<\/a><\/p>\n<p>Outros links:<\/p>\n<p><a href=\"https:\/\/www.instagram.com\/mis.campinas?igsh=MW1veDM1dWxuaWp1OQ==\">https:\/\/www.instagram.com\/mis.campinas?igsh=MW1veDM1dWxuaWp1OQ==<\/a><\/p>\n<p><a href=\"https:\/\/youtu.be\/ZffwPjg4W9w?si=UlbwSzc5n8KIKtgS\" target=\"_blank\" rel=\"noopener\">https:\/\/youtu.be\/ZffwPjg4W9w?si=UlbwSzc5n8KIKtgS<\/a><\/p>\n<p><a href=\"https:\/\/www.brasilianaiconografica.art.br\/artigos\/20193\/a-expedicao-langsdorff-e-a-vinda-de-rugendas-ao-brasil\" target=\"_blank\" rel=\"noopener\">https:\/\/www.brasilianaiconografica.art.br \/artigos\/20193\/ a-expedicao-langsdorff-e- a-vinda-de-rugendas-ao-brasil<\/a><\/p>\n<p>&nbsp;<\/p>\n<p>[1] <a href=\"https:\/\/brasilianafotografica.bn.gov.br\/brasiliana\/handle\/20.500.12156.1\/1777\" target=\"_blank\" rel=\"noopener\">Hercule Florence. \u201cEpr\u00e9uve N\u00ba2 (photographie)\u201d. Fotografia: Conjunto de r\u00f3tulos para frascos farmac\u00eauticos, 1833. Vila de S\u00e3o Carlos, Campinas, SP Acervo Instituto Moreira Salles-IMS<\/a>. Link: <a href=\"https:\/\/brasilianafotografica.bn.gov.br\/?p=1243\" target=\"_blank\" rel=\"noopener\">https:\/\/brasilianafotografica.bn.gov.br\/?p=1243<\/a><\/p>\n<p><a href=\"#_ftnref1\" name=\"_ftn1\"><\/a><\/p>\n","protected":false},"excerpt":{"rendered":"<p>Museu da Imagem do Som inaugura sala em homenagem a Hercule Florence autor do mais antigo registro fotogr\u00e1fico das Am\u00e9ricas<\/p>\n","protected":false},"featured_media":883,"parent":0,"template":"","class_list":["post-884","blog","type-blog","status-publish","has-post-thumbnail","hentry"],"acf":[],"yoast_head":"<!-- This site is optimized with the Yoast SEO plugin v27.4 - https:\/\/yoast.com\/product\/yoast-seo-wordpress\/ -->\n<title>Hercule Florence: Artista-inventor, desenhista, pesquisador m\u00faltiplo, ganha sala no MIS de Campinas - Interdepend\u00eancia<\/title>\n<meta name=\"description\" content=\"Museu da Imagem do Som inaugura sala em homenagem a Hercule Florence autor do mais antigo registro fotogr\u00e1fico das Am\u00e9ricas\" \/>\n<meta name=\"robots\" content=\"index, follow, max-snippet:-1, max-image-preview:large, max-video-preview:-1\" \/>\n<link rel=\"canonical\" href=\"https:\/\/www.forumcampinas.org.br\/interdependencia\/blog\/hercule-florence-artista-inventor-desenhista-pesquisador-multiplo-ganha-sala-no-mis-de-campinas\/\" \/>\n<meta property=\"og:locale\" content=\"pt_BR\" \/>\n<meta property=\"og:type\" content=\"article\" \/>\n<meta property=\"og:title\" content=\"Hercule Florence: Artista-inventor, desenhista, pesquisador m\u00faltiplo, ganha sala no MIS de Campinas - Interdepend\u00eancia\" \/>\n<meta property=\"og:description\" content=\"Museu da Imagem do Som inaugura sala em homenagem a Hercule Florence autor do mais antigo registro fotogr\u00e1fico das Am\u00e9ricas\" \/>\n<meta property=\"og:url\" content=\"https:\/\/www.forumcampinas.org.br\/interdependencia\/blog\/hercule-florence-artista-inventor-desenhista-pesquisador-multiplo-ganha-sala-no-mis-de-campinas\/\" \/>\n<meta property=\"og:site_name\" content=\"Interdepend\u00eancia\" \/>\n<meta property=\"article:modified_time\" content=\"2024-06-18T13:30:06+00:00\" \/>\n<meta property=\"og:image\" content=\"https:\/\/www.forumcampinas.org.br\/interdependencia\/wp-content\/uploads\/2024\/05\/sala-hercule-florence.jpg\" \/>\n\t<meta property=\"og:image:width\" content=\"1000\" \/>\n\t<meta property=\"og:image:height\" content=\"553\" \/>\n\t<meta property=\"og:image:type\" content=\"image\/jpeg\" \/>\n<meta name=\"twitter:card\" content=\"summary_large_image\" \/>\n<meta name=\"twitter:label1\" content=\"Est. tempo de leitura\" \/>\n\t<meta name=\"twitter:data1\" content=\"5 minutos\" \/>\n<script type=\"application\/ld+json\" class=\"yoast-schema-graph\">{\"@context\":\"https:\\\/\\\/schema.org\",\"@graph\":[{\"@type\":\"WebPage\",\"@id\":\"https:\\\/\\\/www.forumcampinas.org.br\\\/interdependencia\\\/blog\\\/hercule-florence-artista-inventor-desenhista-pesquisador-multiplo-ganha-sala-no-mis-de-campinas\\\/\",\"url\":\"https:\\\/\\\/www.forumcampinas.org.br\\\/interdependencia\\\/blog\\\/hercule-florence-artista-inventor-desenhista-pesquisador-multiplo-ganha-sala-no-mis-de-campinas\\\/\",\"name\":\"Hercule Florence: Artista-inventor, desenhista, pesquisador m\u00faltiplo, ganha sala no MIS de Campinas - Interdepend\u00eancia\",\"isPartOf\":{\"@id\":\"https:\\\/\\\/www.forumcampinas.org.br\\\/interdependencia\\\/#website\"},\"primaryImageOfPage\":{\"@id\":\"https:\\\/\\\/www.forumcampinas.org.br\\\/interdependencia\\\/blog\\\/hercule-florence-artista-inventor-desenhista-pesquisador-multiplo-ganha-sala-no-mis-de-campinas\\\/#primaryimage\"},\"image\":{\"@id\":\"https:\\\/\\\/www.forumcampinas.org.br\\\/interdependencia\\\/blog\\\/hercule-florence-artista-inventor-desenhista-pesquisador-multiplo-ganha-sala-no-mis-de-campinas\\\/#primaryimage\"},\"thumbnailUrl\":\"https:\\\/\\\/www.forumcampinas.org.br\\\/interdependencia\\\/wp-content\\\/uploads\\\/2024\\\/05\\\/sala-hercule-florence.jpg\",\"datePublished\":\"2024-05-27T11:45:34+00:00\",\"dateModified\":\"2024-06-18T13:30:06+00:00\",\"description\":\"Museu da Imagem do Som inaugura sala em homenagem a Hercule Florence autor do mais antigo registro fotogr\u00e1fico das Am\u00e9ricas\",\"breadcrumb\":{\"@id\":\"https:\\\/\\\/www.forumcampinas.org.br\\\/interdependencia\\\/blog\\\/hercule-florence-artista-inventor-desenhista-pesquisador-multiplo-ganha-sala-no-mis-de-campinas\\\/#breadcrumb\"},\"inLanguage\":\"pt-BR\",\"potentialAction\":[{\"@type\":\"ReadAction\",\"target\":[\"https:\\\/\\\/www.forumcampinas.org.br\\\/interdependencia\\\/blog\\\/hercule-florence-artista-inventor-desenhista-pesquisador-multiplo-ganha-sala-no-mis-de-campinas\\\/\"]}]},{\"@type\":\"ImageObject\",\"inLanguage\":\"pt-BR\",\"@id\":\"https:\\\/\\\/www.forumcampinas.org.br\\\/interdependencia\\\/blog\\\/hercule-florence-artista-inventor-desenhista-pesquisador-multiplo-ganha-sala-no-mis-de-campinas\\\/#primaryimage\",\"url\":\"https:\\\/\\\/www.forumcampinas.org.br\\\/interdependencia\\\/wp-content\\\/uploads\\\/2024\\\/05\\\/sala-hercule-florence.jpg\",\"contentUrl\":\"https:\\\/\\\/www.forumcampinas.org.br\\\/interdependencia\\\/wp-content\\\/uploads\\\/2024\\\/05\\\/sala-hercule-florence.jpg\",\"width\":1000,\"height\":553,\"caption\":\"Foto: Tatiana Ribeiro - Correio Popular\"},{\"@type\":\"BreadcrumbList\",\"@id\":\"https:\\\/\\\/www.forumcampinas.org.br\\\/interdependencia\\\/blog\\\/hercule-florence-artista-inventor-desenhista-pesquisador-multiplo-ganha-sala-no-mis-de-campinas\\\/#breadcrumb\",\"itemListElement\":[{\"@type\":\"ListItem\",\"position\":1,\"name\":\"In\u00edcio\",\"item\":\"https:\\\/\\\/www.forumcampinas.org.br\\\/interdependencia\\\/\"},{\"@type\":\"ListItem\",\"position\":2,\"name\":\"Blog\",\"item\":\"https:\\\/\\\/www.forumcampinas.org.br\\\/interdependencia\\\/blog\\\/\"},{\"@type\":\"ListItem\",\"position\":3,\"name\":\"Hercule Florence: Artista-inventor, desenhista, pesquisador m\u00faltiplo, ganha sala no MIS de Campinas\"}]},{\"@type\":\"WebSite\",\"@id\":\"https:\\\/\\\/www.forumcampinas.org.br\\\/interdependencia\\\/#website\",\"url\":\"https:\\\/\\\/www.forumcampinas.org.br\\\/interdependencia\\\/\",\"name\":\"Interdepend\u00eancia\",\"description\":\"Ci\u00eancia, Tecnologia e Inova\u00e7\u00e3o e a Regi\u00e3o de Campinas\",\"publisher\":{\"@id\":\"https:\\\/\\\/www.forumcampinas.org.br\\\/interdependencia\\\/#organization\"},\"potentialAction\":[{\"@type\":\"SearchAction\",\"target\":{\"@type\":\"EntryPoint\",\"urlTemplate\":\"https:\\\/\\\/www.forumcampinas.org.br\\\/interdependencia\\\/?s={search_term_string}\"},\"query-input\":{\"@type\":\"PropertyValueSpecification\",\"valueRequired\":true,\"valueName\":\"search_term_string\"}}],\"inLanguage\":\"pt-BR\"},{\"@type\":\"Organization\",\"@id\":\"https:\\\/\\\/www.forumcampinas.org.br\\\/interdependencia\\\/#organization\",\"name\":\"Interdepend\u00eancia\",\"url\":\"https:\\\/\\\/www.forumcampinas.org.br\\\/interdependencia\\\/\",\"logo\":{\"@type\":\"ImageObject\",\"inLanguage\":\"pt-BR\",\"@id\":\"https:\\\/\\\/www.forumcampinas.org.br\\\/interdependencia\\\/#\\\/schema\\\/logo\\\/image\\\/\",\"url\":\"https:\\\/\\\/www.forumcampinas.org.br\\\/interdependencia\\\/wp-content\\\/uploads\\\/2023\\\/11\\\/interdependencia.png\",\"contentUrl\":\"https:\\\/\\\/www.forumcampinas.org.br\\\/interdependencia\\\/wp-content\\\/uploads\\\/2023\\\/11\\\/interdependencia.png\",\"width\":757,\"height\":195,\"caption\":\"Interdepend\u00eancia\"},\"image\":{\"@id\":\"https:\\\/\\\/www.forumcampinas.org.br\\\/interdependencia\\\/#\\\/schema\\\/logo\\\/image\\\/\"}}]}<\/script>\n<!-- \/ Yoast SEO plugin. -->","yoast_head_json":{"title":"Hercule Florence: Artista-inventor, desenhista, pesquisador m\u00faltiplo, ganha sala no MIS de Campinas - Interdepend\u00eancia","description":"Museu da Imagem do Som inaugura sala em homenagem a Hercule Florence autor do mais antigo registro fotogr\u00e1fico das Am\u00e9ricas","robots":{"index":"index","follow":"follow","max-snippet":"max-snippet:-1","max-image-preview":"max-image-preview:large","max-video-preview":"max-video-preview:-1"},"canonical":"https:\/\/www.forumcampinas.org.br\/interdependencia\/blog\/hercule-florence-artista-inventor-desenhista-pesquisador-multiplo-ganha-sala-no-mis-de-campinas\/","og_locale":"pt_BR","og_type":"article","og_title":"Hercule Florence: Artista-inventor, desenhista, pesquisador m\u00faltiplo, ganha sala no MIS de Campinas - Interdepend\u00eancia","og_description":"Museu da Imagem do Som inaugura sala em homenagem a Hercule Florence autor do mais antigo registro fotogr\u00e1fico das Am\u00e9ricas","og_url":"https:\/\/www.forumcampinas.org.br\/interdependencia\/blog\/hercule-florence-artista-inventor-desenhista-pesquisador-multiplo-ganha-sala-no-mis-de-campinas\/","og_site_name":"Interdepend\u00eancia","article_modified_time":"2024-06-18T13:30:06+00:00","og_image":[{"width":1000,"height":553,"url":"https:\/\/www.forumcampinas.org.br\/interdependencia\/wp-content\/uploads\/2024\/05\/sala-hercule-florence.jpg","type":"image\/jpeg"}],"twitter_card":"summary_large_image","twitter_misc":{"Est. tempo de leitura":"5 minutos"},"schema":{"@context":"https:\/\/schema.org","@graph":[{"@type":"WebPage","@id":"https:\/\/www.forumcampinas.org.br\/interdependencia\/blog\/hercule-florence-artista-inventor-desenhista-pesquisador-multiplo-ganha-sala-no-mis-de-campinas\/","url":"https:\/\/www.forumcampinas.org.br\/interdependencia\/blog\/hercule-florence-artista-inventor-desenhista-pesquisador-multiplo-ganha-sala-no-mis-de-campinas\/","name":"Hercule Florence: Artista-inventor, desenhista, pesquisador m\u00faltiplo, ganha sala no MIS de Campinas - Interdepend\u00eancia","isPartOf":{"@id":"https:\/\/www.forumcampinas.org.br\/interdependencia\/#website"},"primaryImageOfPage":{"@id":"https:\/\/www.forumcampinas.org.br\/interdependencia\/blog\/hercule-florence-artista-inventor-desenhista-pesquisador-multiplo-ganha-sala-no-mis-de-campinas\/#primaryimage"},"image":{"@id":"https:\/\/www.forumcampinas.org.br\/interdependencia\/blog\/hercule-florence-artista-inventor-desenhista-pesquisador-multiplo-ganha-sala-no-mis-de-campinas\/#primaryimage"},"thumbnailUrl":"https:\/\/www.forumcampinas.org.br\/interdependencia\/wp-content\/uploads\/2024\/05\/sala-hercule-florence.jpg","datePublished":"2024-05-27T11:45:34+00:00","dateModified":"2024-06-18T13:30:06+00:00","description":"Museu da Imagem do Som inaugura sala em homenagem a Hercule Florence autor do mais antigo registro fotogr\u00e1fico das Am\u00e9ricas","breadcrumb":{"@id":"https:\/\/www.forumcampinas.org.br\/interdependencia\/blog\/hercule-florence-artista-inventor-desenhista-pesquisador-multiplo-ganha-sala-no-mis-de-campinas\/#breadcrumb"},"inLanguage":"pt-BR","potentialAction":[{"@type":"ReadAction","target":["https:\/\/www.forumcampinas.org.br\/interdependencia\/blog\/hercule-florence-artista-inventor-desenhista-pesquisador-multiplo-ganha-sala-no-mis-de-campinas\/"]}]},{"@type":"ImageObject","inLanguage":"pt-BR","@id":"https:\/\/www.forumcampinas.org.br\/interdependencia\/blog\/hercule-florence-artista-inventor-desenhista-pesquisador-multiplo-ganha-sala-no-mis-de-campinas\/#primaryimage","url":"https:\/\/www.forumcampinas.org.br\/interdependencia\/wp-content\/uploads\/2024\/05\/sala-hercule-florence.jpg","contentUrl":"https:\/\/www.forumcampinas.org.br\/interdependencia\/wp-content\/uploads\/2024\/05\/sala-hercule-florence.jpg","width":1000,"height":553,"caption":"Foto: Tatiana Ribeiro - Correio Popular"},{"@type":"BreadcrumbList","@id":"https:\/\/www.forumcampinas.org.br\/interdependencia\/blog\/hercule-florence-artista-inventor-desenhista-pesquisador-multiplo-ganha-sala-no-mis-de-campinas\/#breadcrumb","itemListElement":[{"@type":"ListItem","position":1,"name":"In\u00edcio","item":"https:\/\/www.forumcampinas.org.br\/interdependencia\/"},{"@type":"ListItem","position":2,"name":"Blog","item":"https:\/\/www.forumcampinas.org.br\/interdependencia\/blog\/"},{"@type":"ListItem","position":3,"name":"Hercule Florence: Artista-inventor, desenhista, pesquisador m\u00faltiplo, ganha sala no MIS de Campinas"}]},{"@type":"WebSite","@id":"https:\/\/www.forumcampinas.org.br\/interdependencia\/#website","url":"https:\/\/www.forumcampinas.org.br\/interdependencia\/","name":"Interdepend\u00eancia","description":"Ci\u00eancia, Tecnologia e Inova\u00e7\u00e3o e a Regi\u00e3o de Campinas","publisher":{"@id":"https:\/\/www.forumcampinas.org.br\/interdependencia\/#organization"},"potentialAction":[{"@type":"SearchAction","target":{"@type":"EntryPoint","urlTemplate":"https:\/\/www.forumcampinas.org.br\/interdependencia\/?s={search_term_string}"},"query-input":{"@type":"PropertyValueSpecification","valueRequired":true,"valueName":"search_term_string"}}],"inLanguage":"pt-BR"},{"@type":"Organization","@id":"https:\/\/www.forumcampinas.org.br\/interdependencia\/#organization","name":"Interdepend\u00eancia","url":"https:\/\/www.forumcampinas.org.br\/interdependencia\/","logo":{"@type":"ImageObject","inLanguage":"pt-BR","@id":"https:\/\/www.forumcampinas.org.br\/interdependencia\/#\/schema\/logo\/image\/","url":"https:\/\/www.forumcampinas.org.br\/interdependencia\/wp-content\/uploads\/2023\/11\/interdependencia.png","contentUrl":"https:\/\/www.forumcampinas.org.br\/interdependencia\/wp-content\/uploads\/2023\/11\/interdependencia.png","width":757,"height":195,"caption":"Interdepend\u00eancia"},"image":{"@id":"https:\/\/www.forumcampinas.org.br\/interdependencia\/#\/schema\/logo\/image\/"}}]}},"_links":{"self":[{"href":"https:\/\/www.forumcampinas.org.br\/interdependencia\/wp-json\/wp\/v2\/blog\/884","targetHints":{"allow":["GET"]}}],"collection":[{"href":"https:\/\/www.forumcampinas.org.br\/interdependencia\/wp-json\/wp\/v2\/blog"}],"about":[{"href":"https:\/\/www.forumcampinas.org.br\/interdependencia\/wp-json\/wp\/v2\/types\/blog"}],"wp:featuredmedia":[{"embeddable":true,"href":"https:\/\/www.forumcampinas.org.br\/interdependencia\/wp-json\/wp\/v2\/media\/883"}],"wp:attachment":[{"href":"https:\/\/www.forumcampinas.org.br\/interdependencia\/wp-json\/wp\/v2\/media?parent=884"}],"curies":[{"name":"wp","href":"https:\/\/api.w.org\/{rel}","templated":true}]}}