{"id":897,"date":"2024-06-11T10:32:27","date_gmt":"2024-06-11T13:32:27","guid":{"rendered":"https:\/\/www.forumcampinas.org.br\/interdependencia\/?post_type=blog&#038;p=897"},"modified":"2024-06-11T10:32:27","modified_gmt":"2024-06-11T13:32:27","slug":"parceria-estrategica-entre-embrapa-territorial-e-prefeitura-de-campinas-fortalece-prevencao-de-desastres-naturais","status":"publish","type":"blog","link":"https:\/\/www.forumcampinas.org.br\/interdependencia\/blog\/parceria-estrategica-entre-embrapa-territorial-e-prefeitura-de-campinas-fortalece-prevencao-de-desastres-naturais\/","title":{"rendered":"Parceria Estrat\u00e9gica entre Embrapa Territorial e Prefeitura de Campinas Fortalece Preven\u00e7\u00e3o de Desastres Naturais"},"content":{"rendered":"<p>Na era da tecnologia avan\u00e7ada, as ferramentas de sensoriamento remoto e geoprocessamento se tornaram aliadas cruciais na preven\u00e7\u00e3o e monitoramento de desastres naturais, tanto em \u00e1reas urbanas quanto rurais. Reconhecendo a import\u00e2ncia dessas tecnologias para a seguran\u00e7a da popula\u00e7\u00e3o, a Embrapa Territorial, com sede em Campinas, estabeleceu uma parceria estrat\u00e9gica com a Prefeitura de Campinas visando fortalecer a capacidade de an\u00e1lise e monitoramento das \u00e1reas de risco na cidade.<\/p>\n<figure id=\"attachment_896\" aria-describedby=\"caption-attachment-896\" style=\"width: 1000px\" class=\"wp-caption aligncenter\"><img loading=\"lazy\" decoding=\"async\" class=\"size-full wp-image-896\" src=\"https:\/\/www.forumcampinas.org.br\/interdependencia\/wp-content\/uploads\/2024\/06\/embrapa-pmc.jpg\" alt=\"\" width=\"1000\" height=\"553\" srcset=\"https:\/\/www.forumcampinas.org.br\/interdependencia\/wp-content\/uploads\/2024\/06\/embrapa-pmc.jpg 1000w, https:\/\/www.forumcampinas.org.br\/interdependencia\/wp-content\/uploads\/2024\/06\/embrapa-pmc-300x166.jpg 300w, https:\/\/www.forumcampinas.org.br\/interdependencia\/wp-content\/uploads\/2024\/06\/embrapa-pmc-768x425.jpg 768w\" sizes=\"auto, (max-width: 1000px) 100vw, 1000px\" \/><figcaption id=\"caption-attachment-896\" class=\"wp-caption-text\">Fonte: Embrapa<\/figcaption><\/figure>\n<p>Em dezembro de 2023, em uma cerim\u00f4nia realizada no Sal\u00e3o Azul do Gabinete do prefeito D\u00e1rio Saadi, foi oficializada a assinatura do conv\u00eanio. O evento contou com a presen\u00e7a do prefeito, do chefe-geral da Embrapa Territorial, Gustavo Spadotti, secret\u00e1rios municipais e outros representantes da Embrapa.<\/p>\n<p>A parceria entre a Embrapa Territorial e a Prefeitura de Campinas tem como principal objetivo capacitar a equipe da Defesa Civil local na interpreta\u00e7\u00e3o de dados territoriais. Utilizando imagens de sat\u00e9lite de alta resolu\u00e7\u00e3o espacial e bases de dados espaciais, os treinamentos fornecer\u00e3o um ferramental de intelig\u00eancia territorial estrat\u00e9gica. Essa capacita\u00e7\u00e3o permitir\u00e1 uma an\u00e1lise mais precisa das quest\u00f5es relacionadas a deslizamentos e inunda\u00e7\u00f5es nos 18 setores do munic\u00edpio identificados como \u00e1reas de risco.<\/p>\n<p>&#8220;<em>Esse acordo t\u00e9cnico com a Embrapa \u00e9 fundamental para qualificar, para treinar os nossos t\u00e9cnicos e engenheiros, para a interpreta\u00e7\u00e3o das imagens de sat\u00e9lite no que diz respeito a ocupa\u00e7\u00f5es irregulares em \u00e1reas que possam ter deslizamentos, inunda\u00e7\u00f5es e provocar morte das pessoas<\/em>&#8220;, apontou o D\u00e1rio Saadi, prefeito de Campinas, sobre a parceria estabelecida.<\/p>\n<p>Al\u00e9m da capacita\u00e7\u00e3o, a colabora\u00e7\u00e3o entre as institui\u00e7\u00f5es possibilitar\u00e1 a identifica\u00e7\u00e3o de ocupa\u00e7\u00f5es que tenham sido ampliadas nesses setores. Essa identifica\u00e7\u00e3o contribuir\u00e1 significativamente para a defini\u00e7\u00e3o de a\u00e7\u00f5es preventivas e de resposta em caso de ocorr\u00eancias. A interpreta\u00e7\u00e3o das imagens de sat\u00e9lite e a an\u00e1lise dos dados territoriais ser\u00e3o fundamentais para acompanhar a evolu\u00e7\u00e3o das \u00e1reas de risco ao longo do tempo, identificando poss\u00edveis mudan\u00e7as e surgimento de novas ocupa\u00e7\u00f5es.<\/p>\n<p>O acordo de coopera\u00e7\u00e3o t\u00e9cnica entre a Embrapa Territorial e a Prefeitura de Campinas traz consigo uma s\u00e9rie de benef\u00edcios tanto para a gest\u00e3o municipal quanto para a seguran\u00e7a da popula\u00e7\u00e3o. A capacita\u00e7\u00e3o dos servidores da Defesa Civil no uso das ferramentas de geoprocessamento e sensoriamento remoto fortalecer\u00e1 a capacidade de monitoramento e resposta a eventos extremos, reduzindo potenciais danos e preju\u00edzos causados por deslizamentos, inunda\u00e7\u00f5es e outras situa\u00e7\u00f5es de risco.<\/p>\n<p>\u201c<em>Eu entendo que esse conv\u00eanio \u00e9 um avan\u00e7o enorme para a cidade e para a regi\u00e3o de Campinas. Era algo que n\u00e3o t\u00ednhamos no sentido de elabora\u00e7\u00e3o de planejamento. Hoje o munic\u00edpio tem 18 setores de risco que s\u00e3o monitorados. J\u00e1 chegamos a ter 93. Poucas<\/em> <em>cidades no Brasil conseguem baixar n\u00fameros de \u00e1reas de risco, como ocorreu em Campinas. H\u00e1 20 anos estamos sem mortes nesses locais. E a nossa ideia \u00e9 que essa parceira possa qualificar cada vez mais nossas atividades<\/em>,\u201d exp\u00f4s D\u00e1rio.<\/p>\n<p>\u201c<em>N\u00f3s recebemos um imenso volume de dados, que s\u00e3o gerados por todos os atores da sociedade e transformamos em uma informa\u00e7\u00e3o correta e precisa, no momento certo, para que resolva um problema. Assim, devolvemos para a sociedade um pouco das nossas expertises que s\u00e3o focadas no agro, mas que tamb\u00e9m tem aplica\u00e7\u00e3o para as cidades<\/em>,\u201d detalhou Gustavo Spadotti.<\/p>\n<p>Ademais, a an\u00e1lise cont\u00ednua das \u00e1reas de risco permitir\u00e1 a identifica\u00e7\u00e3o precoce de poss\u00edveis problemas, orientando interven\u00e7\u00f5es urban\u00edsticas e a defini\u00e7\u00e3o de pol\u00edticas p\u00fablicas voltadas para a seguran\u00e7a e preven\u00e7\u00e3o de desastres naturais. A parceria tamb\u00e9m evidencia o papel da Embrapa Territorial como uma institui\u00e7\u00e3o comprometida com a utiliza\u00e7\u00e3o de tecnologias avan\u00e7adas para o desenvolvimento sustent\u00e1vel do meio urbano e rural.<\/p>\n<p>Para al\u00e9m das capacita\u00e7\u00f5es e an\u00e1lises, a parceria entre a Embrapa Territorial e a Prefeitura de Campinas tamb\u00e9m abrir\u00e1 caminho para pesquisas conjuntas e o desenvolvimento de solu\u00e7\u00f5es inovadoras. A troca de conhecimento e <em>expertise<\/em> entre as institui\u00e7\u00f5es poder\u00e1 resultar em novas metodologias de monitoramento, aprimoramento das t\u00e9cnicas de an\u00e1lise de risco e at\u00e9 mesmo no desenvolvimento de ferramentas tecnol\u00f3gicas espec\u00edficas para a preven\u00e7\u00e3o de desastres naturais.<\/p>\n<p>Al\u00e9m disso, a parceria refor\u00e7a a import\u00e2ncia da integra\u00e7\u00e3o entre \u00f3rg\u00e3os governamentais e institui\u00e7\u00f5es de pesquisa na busca por solu\u00e7\u00f5es eficazes para os desafios enfrentados pelas cidades. A Embrapa Territorial, com sua experi\u00eancia em geotecnologias, e a Prefeitura de Campinas, com seu compromisso com a seguran\u00e7a e bem-estar da popula\u00e7\u00e3o, formam uma alian\u00e7a estrat\u00e9gica que promete resultados significativos na preven\u00e7\u00e3o e gest\u00e3o de desastres naturais.<\/p>\n<p>Com a capacita\u00e7\u00e3o da equipe da Defesa Civil, o acesso a dados territoriais de alta qualidade e o desenvolvimento de solu\u00e7\u00f5es inovadoras, espera-se fortalecer significativamente a capacidade de resposta a emerg\u00eancias e contribuir para a constru\u00e7\u00e3o de uma cidade mais resiliente e preparada para enfrentar os desafios do clima e do meio ambiente.<\/p>\n<p>Links:<\/p>\n<p><a href=\"https:\/\/www.embrapa.br\/busca-de-noticias\/-\/noticia\/85944392\/embrapa-e-prefeitura-de-campinas-firmam-parceria-para-fortalecer-acoes-de-monitoramento-da-defesa-civil\" target=\"_blank\" rel=\"noopener\">https:\/\/www.embrapa.br\/busca-de-noticias\/-\/ noticia\/85944392\/embrapa-e-prefeitura-de -campinas-firmam- parceria-para-fortalecer-acoes-de -monitoramento-da-defesa-civil<\/a><\/p>\n<p><a href=\"https:\/\/campinas.sp.gov.br\/noticias\/100553\" target=\"_blank\" rel=\"noopener\">https:\/\/campinas.sp.gov.br\/noticias\/100553<\/a><\/p>\n","protected":false},"excerpt":{"rendered":"<p>Ferramentas de sensoriamento remoto e geoprocessamento se tornaram aliadas cruciais na preven\u00e7\u00e3o e monitoramento de desastres naturais<\/p>\n","protected":false},"featured_media":896,"parent":0,"template":"","class_list":["post-897","blog","type-blog","status-publish","has-post-thumbnail","hentry"],"acf":[],"yoast_head":"<!-- This site is optimized with the Yoast SEO plugin v27.4 - https:\/\/yoast.com\/product\/yoast-seo-wordpress\/ -->\n<title>Parceria Estrat\u00e9gica entre Embrapa Territorial e Prefeitura de Campinas Fortalece Preven\u00e7\u00e3o de Desastres Naturais - Interdepend\u00eancia<\/title>\n<meta name=\"description\" content=\"Ferramentas de sensoriamento remoto e geoprocessamento se tornaram aliadas cruciais na preven\u00e7\u00e3o e monitoramento de desastres naturais\" \/>\n<meta name=\"robots\" content=\"index, follow, max-snippet:-1, max-image-preview:large, max-video-preview:-1\" \/>\n<link rel=\"canonical\" href=\"https:\/\/www.forumcampinas.org.br\/interdependencia\/blog\/parceria-estrategica-entre-embrapa-territorial-e-prefeitura-de-campinas-fortalece-prevencao-de-desastres-naturais\/\" \/>\n<meta property=\"og:locale\" content=\"pt_BR\" \/>\n<meta property=\"og:type\" content=\"article\" \/>\n<meta property=\"og:title\" content=\"Parceria Estrat\u00e9gica entre Embrapa Territorial e Prefeitura de Campinas Fortalece Preven\u00e7\u00e3o de Desastres Naturais - Interdepend\u00eancia\" \/>\n<meta property=\"og:description\" content=\"Ferramentas de sensoriamento remoto e geoprocessamento se tornaram aliadas cruciais na preven\u00e7\u00e3o e monitoramento de desastres naturais\" \/>\n<meta property=\"og:url\" content=\"https:\/\/www.forumcampinas.org.br\/interdependencia\/blog\/parceria-estrategica-entre-embrapa-territorial-e-prefeitura-de-campinas-fortalece-prevencao-de-desastres-naturais\/\" \/>\n<meta property=\"og:site_name\" content=\"Interdepend\u00eancia\" \/>\n<meta property=\"og:image\" content=\"https:\/\/www.forumcampinas.org.br\/interdependencia\/wp-content\/uploads\/2024\/06\/embrapa-pmc.jpg\" \/>\n\t<meta property=\"og:image:width\" content=\"1000\" \/>\n\t<meta property=\"og:image:height\" content=\"553\" \/>\n\t<meta property=\"og:image:type\" content=\"image\/jpeg\" \/>\n<meta name=\"twitter:card\" content=\"summary_large_image\" \/>\n<meta name=\"twitter:label1\" content=\"Est. tempo de leitura\" \/>\n\t<meta name=\"twitter:data1\" content=\"5 minutos\" \/>\n<script type=\"application\/ld+json\" class=\"yoast-schema-graph\">{\"@context\":\"https:\\\/\\\/schema.org\",\"@graph\":[{\"@type\":\"WebPage\",\"@id\":\"https:\\\/\\\/www.forumcampinas.org.br\\\/interdependencia\\\/blog\\\/parceria-estrategica-entre-embrapa-territorial-e-prefeitura-de-campinas-fortalece-prevencao-de-desastres-naturais\\\/\",\"url\":\"https:\\\/\\\/www.forumcampinas.org.br\\\/interdependencia\\\/blog\\\/parceria-estrategica-entre-embrapa-territorial-e-prefeitura-de-campinas-fortalece-prevencao-de-desastres-naturais\\\/\",\"name\":\"Parceria Estrat\u00e9gica entre Embrapa Territorial e Prefeitura de Campinas Fortalece Preven\u00e7\u00e3o de Desastres Naturais - Interdepend\u00eancia\",\"isPartOf\":{\"@id\":\"https:\\\/\\\/www.forumcampinas.org.br\\\/interdependencia\\\/#website\"},\"primaryImageOfPage\":{\"@id\":\"https:\\\/\\\/www.forumcampinas.org.br\\\/interdependencia\\\/blog\\\/parceria-estrategica-entre-embrapa-territorial-e-prefeitura-de-campinas-fortalece-prevencao-de-desastres-naturais\\\/#primaryimage\"},\"image\":{\"@id\":\"https:\\\/\\\/www.forumcampinas.org.br\\\/interdependencia\\\/blog\\\/parceria-estrategica-entre-embrapa-territorial-e-prefeitura-de-campinas-fortalece-prevencao-de-desastres-naturais\\\/#primaryimage\"},\"thumbnailUrl\":\"https:\\\/\\\/www.forumcampinas.org.br\\\/interdependencia\\\/wp-content\\\/uploads\\\/2024\\\/06\\\/embrapa-pmc.jpg\",\"datePublished\":\"2024-06-11T13:32:27+00:00\",\"description\":\"Ferramentas de sensoriamento remoto e geoprocessamento se tornaram aliadas cruciais na preven\u00e7\u00e3o e monitoramento de desastres naturais\",\"breadcrumb\":{\"@id\":\"https:\\\/\\\/www.forumcampinas.org.br\\\/interdependencia\\\/blog\\\/parceria-estrategica-entre-embrapa-territorial-e-prefeitura-de-campinas-fortalece-prevencao-de-desastres-naturais\\\/#breadcrumb\"},\"inLanguage\":\"pt-BR\",\"potentialAction\":[{\"@type\":\"ReadAction\",\"target\":[\"https:\\\/\\\/www.forumcampinas.org.br\\\/interdependencia\\\/blog\\\/parceria-estrategica-entre-embrapa-territorial-e-prefeitura-de-campinas-fortalece-prevencao-de-desastres-naturais\\\/\"]}]},{\"@type\":\"ImageObject\",\"inLanguage\":\"pt-BR\",\"@id\":\"https:\\\/\\\/www.forumcampinas.org.br\\\/interdependencia\\\/blog\\\/parceria-estrategica-entre-embrapa-territorial-e-prefeitura-de-campinas-fortalece-prevencao-de-desastres-naturais\\\/#primaryimage\",\"url\":\"https:\\\/\\\/www.forumcampinas.org.br\\\/interdependencia\\\/wp-content\\\/uploads\\\/2024\\\/06\\\/embrapa-pmc.jpg\",\"contentUrl\":\"https:\\\/\\\/www.forumcampinas.org.br\\\/interdependencia\\\/wp-content\\\/uploads\\\/2024\\\/06\\\/embrapa-pmc.jpg\",\"width\":1000,\"height\":553,\"caption\":\"Fonte: Embrapa\"},{\"@type\":\"BreadcrumbList\",\"@id\":\"https:\\\/\\\/www.forumcampinas.org.br\\\/interdependencia\\\/blog\\\/parceria-estrategica-entre-embrapa-territorial-e-prefeitura-de-campinas-fortalece-prevencao-de-desastres-naturais\\\/#breadcrumb\",\"itemListElement\":[{\"@type\":\"ListItem\",\"position\":1,\"name\":\"In\u00edcio\",\"item\":\"https:\\\/\\\/www.forumcampinas.org.br\\\/interdependencia\\\/\"},{\"@type\":\"ListItem\",\"position\":2,\"name\":\"Blog\",\"item\":\"https:\\\/\\\/www.forumcampinas.org.br\\\/interdependencia\\\/blog\\\/\"},{\"@type\":\"ListItem\",\"position\":3,\"name\":\"Parceria Estrat\u00e9gica entre Embrapa Territorial e Prefeitura de Campinas Fortalece Preven\u00e7\u00e3o de Desastres Naturais\"}]},{\"@type\":\"WebSite\",\"@id\":\"https:\\\/\\\/www.forumcampinas.org.br\\\/interdependencia\\\/#website\",\"url\":\"https:\\\/\\\/www.forumcampinas.org.br\\\/interdependencia\\\/\",\"name\":\"Interdepend\u00eancia\",\"description\":\"Ci\u00eancia, Tecnologia e Inova\u00e7\u00e3o e a Regi\u00e3o de Campinas\",\"publisher\":{\"@id\":\"https:\\\/\\\/www.forumcampinas.org.br\\\/interdependencia\\\/#organization\"},\"potentialAction\":[{\"@type\":\"SearchAction\",\"target\":{\"@type\":\"EntryPoint\",\"urlTemplate\":\"https:\\\/\\\/www.forumcampinas.org.br\\\/interdependencia\\\/?s={search_term_string}\"},\"query-input\":{\"@type\":\"PropertyValueSpecification\",\"valueRequired\":true,\"valueName\":\"search_term_string\"}}],\"inLanguage\":\"pt-BR\"},{\"@type\":\"Organization\",\"@id\":\"https:\\\/\\\/www.forumcampinas.org.br\\\/interdependencia\\\/#organization\",\"name\":\"Interdepend\u00eancia\",\"url\":\"https:\\\/\\\/www.forumcampinas.org.br\\\/interdependencia\\\/\",\"logo\":{\"@type\":\"ImageObject\",\"inLanguage\":\"pt-BR\",\"@id\":\"https:\\\/\\\/www.forumcampinas.org.br\\\/interdependencia\\\/#\\\/schema\\\/logo\\\/image\\\/\",\"url\":\"https:\\\/\\\/www.forumcampinas.org.br\\\/interdependencia\\\/wp-content\\\/uploads\\\/2023\\\/11\\\/interdependencia.png\",\"contentUrl\":\"https:\\\/\\\/www.forumcampinas.org.br\\\/interdependencia\\\/wp-content\\\/uploads\\\/2023\\\/11\\\/interdependencia.png\",\"width\":757,\"height\":195,\"caption\":\"Interdepend\u00eancia\"},\"image\":{\"@id\":\"https:\\\/\\\/www.forumcampinas.org.br\\\/interdependencia\\\/#\\\/schema\\\/logo\\\/image\\\/\"}}]}<\/script>\n<!-- \/ Yoast SEO plugin. -->","yoast_head_json":{"title":"Parceria Estrat\u00e9gica entre Embrapa Territorial e Prefeitura de Campinas Fortalece Preven\u00e7\u00e3o de Desastres Naturais - Interdepend\u00eancia","description":"Ferramentas de sensoriamento remoto e geoprocessamento se tornaram aliadas cruciais na preven\u00e7\u00e3o e monitoramento de desastres naturais","robots":{"index":"index","follow":"follow","max-snippet":"max-snippet:-1","max-image-preview":"max-image-preview:large","max-video-preview":"max-video-preview:-1"},"canonical":"https:\/\/www.forumcampinas.org.br\/interdependencia\/blog\/parceria-estrategica-entre-embrapa-territorial-e-prefeitura-de-campinas-fortalece-prevencao-de-desastres-naturais\/","og_locale":"pt_BR","og_type":"article","og_title":"Parceria Estrat\u00e9gica entre Embrapa Territorial e Prefeitura de Campinas Fortalece Preven\u00e7\u00e3o de Desastres Naturais - Interdepend\u00eancia","og_description":"Ferramentas de sensoriamento remoto e geoprocessamento se tornaram aliadas cruciais na preven\u00e7\u00e3o e monitoramento de desastres naturais","og_url":"https:\/\/www.forumcampinas.org.br\/interdependencia\/blog\/parceria-estrategica-entre-embrapa-territorial-e-prefeitura-de-campinas-fortalece-prevencao-de-desastres-naturais\/","og_site_name":"Interdepend\u00eancia","og_image":[{"width":1000,"height":553,"url":"https:\/\/www.forumcampinas.org.br\/interdependencia\/wp-content\/uploads\/2024\/06\/embrapa-pmc.jpg","type":"image\/jpeg"}],"twitter_card":"summary_large_image","twitter_misc":{"Est. tempo de leitura":"5 minutos"},"schema":{"@context":"https:\/\/schema.org","@graph":[{"@type":"WebPage","@id":"https:\/\/www.forumcampinas.org.br\/interdependencia\/blog\/parceria-estrategica-entre-embrapa-territorial-e-prefeitura-de-campinas-fortalece-prevencao-de-desastres-naturais\/","url":"https:\/\/www.forumcampinas.org.br\/interdependencia\/blog\/parceria-estrategica-entre-embrapa-territorial-e-prefeitura-de-campinas-fortalece-prevencao-de-desastres-naturais\/","name":"Parceria Estrat\u00e9gica entre Embrapa Territorial e Prefeitura de Campinas Fortalece Preven\u00e7\u00e3o de Desastres Naturais - Interdepend\u00eancia","isPartOf":{"@id":"https:\/\/www.forumcampinas.org.br\/interdependencia\/#website"},"primaryImageOfPage":{"@id":"https:\/\/www.forumcampinas.org.br\/interdependencia\/blog\/parceria-estrategica-entre-embrapa-territorial-e-prefeitura-de-campinas-fortalece-prevencao-de-desastres-naturais\/#primaryimage"},"image":{"@id":"https:\/\/www.forumcampinas.org.br\/interdependencia\/blog\/parceria-estrategica-entre-embrapa-territorial-e-prefeitura-de-campinas-fortalece-prevencao-de-desastres-naturais\/#primaryimage"},"thumbnailUrl":"https:\/\/www.forumcampinas.org.br\/interdependencia\/wp-content\/uploads\/2024\/06\/embrapa-pmc.jpg","datePublished":"2024-06-11T13:32:27+00:00","description":"Ferramentas de sensoriamento remoto e geoprocessamento se tornaram aliadas cruciais na preven\u00e7\u00e3o e monitoramento de desastres naturais","breadcrumb":{"@id":"https:\/\/www.forumcampinas.org.br\/interdependencia\/blog\/parceria-estrategica-entre-embrapa-territorial-e-prefeitura-de-campinas-fortalece-prevencao-de-desastres-naturais\/#breadcrumb"},"inLanguage":"pt-BR","potentialAction":[{"@type":"ReadAction","target":["https:\/\/www.forumcampinas.org.br\/interdependencia\/blog\/parceria-estrategica-entre-embrapa-territorial-e-prefeitura-de-campinas-fortalece-prevencao-de-desastres-naturais\/"]}]},{"@type":"ImageObject","inLanguage":"pt-BR","@id":"https:\/\/www.forumcampinas.org.br\/interdependencia\/blog\/parceria-estrategica-entre-embrapa-territorial-e-prefeitura-de-campinas-fortalece-prevencao-de-desastres-naturais\/#primaryimage","url":"https:\/\/www.forumcampinas.org.br\/interdependencia\/wp-content\/uploads\/2024\/06\/embrapa-pmc.jpg","contentUrl":"https:\/\/www.forumcampinas.org.br\/interdependencia\/wp-content\/uploads\/2024\/06\/embrapa-pmc.jpg","width":1000,"height":553,"caption":"Fonte: Embrapa"},{"@type":"BreadcrumbList","@id":"https:\/\/www.forumcampinas.org.br\/interdependencia\/blog\/parceria-estrategica-entre-embrapa-territorial-e-prefeitura-de-campinas-fortalece-prevencao-de-desastres-naturais\/#breadcrumb","itemListElement":[{"@type":"ListItem","position":1,"name":"In\u00edcio","item":"https:\/\/www.forumcampinas.org.br\/interdependencia\/"},{"@type":"ListItem","position":2,"name":"Blog","item":"https:\/\/www.forumcampinas.org.br\/interdependencia\/blog\/"},{"@type":"ListItem","position":3,"name":"Parceria Estrat\u00e9gica entre Embrapa Territorial e Prefeitura de Campinas Fortalece Preven\u00e7\u00e3o de Desastres Naturais"}]},{"@type":"WebSite","@id":"https:\/\/www.forumcampinas.org.br\/interdependencia\/#website","url":"https:\/\/www.forumcampinas.org.br\/interdependencia\/","name":"Interdepend\u00eancia","description":"Ci\u00eancia, Tecnologia e Inova\u00e7\u00e3o e a Regi\u00e3o de Campinas","publisher":{"@id":"https:\/\/www.forumcampinas.org.br\/interdependencia\/#organization"},"potentialAction":[{"@type":"SearchAction","target":{"@type":"EntryPoint","urlTemplate":"https:\/\/www.forumcampinas.org.br\/interdependencia\/?s={search_term_string}"},"query-input":{"@type":"PropertyValueSpecification","valueRequired":true,"valueName":"search_term_string"}}],"inLanguage":"pt-BR"},{"@type":"Organization","@id":"https:\/\/www.forumcampinas.org.br\/interdependencia\/#organization","name":"Interdepend\u00eancia","url":"https:\/\/www.forumcampinas.org.br\/interdependencia\/","logo":{"@type":"ImageObject","inLanguage":"pt-BR","@id":"https:\/\/www.forumcampinas.org.br\/interdependencia\/#\/schema\/logo\/image\/","url":"https:\/\/www.forumcampinas.org.br\/interdependencia\/wp-content\/uploads\/2023\/11\/interdependencia.png","contentUrl":"https:\/\/www.forumcampinas.org.br\/interdependencia\/wp-content\/uploads\/2023\/11\/interdependencia.png","width":757,"height":195,"caption":"Interdepend\u00eancia"},"image":{"@id":"https:\/\/www.forumcampinas.org.br\/interdependencia\/#\/schema\/logo\/image\/"}}]}},"_links":{"self":[{"href":"https:\/\/www.forumcampinas.org.br\/interdependencia\/wp-json\/wp\/v2\/blog\/897","targetHints":{"allow":["GET"]}}],"collection":[{"href":"https:\/\/www.forumcampinas.org.br\/interdependencia\/wp-json\/wp\/v2\/blog"}],"about":[{"href":"https:\/\/www.forumcampinas.org.br\/interdependencia\/wp-json\/wp\/v2\/types\/blog"}],"wp:featuredmedia":[{"embeddable":true,"href":"https:\/\/www.forumcampinas.org.br\/interdependencia\/wp-json\/wp\/v2\/media\/896"}],"wp:attachment":[{"href":"https:\/\/www.forumcampinas.org.br\/interdependencia\/wp-json\/wp\/v2\/media?parent=897"}],"curies":[{"name":"wp","href":"https:\/\/api.w.org\/{rel}","templated":true}]}}