{"id":898,"date":"2024-06-11T10:36:09","date_gmt":"2024-06-11T13:36:09","guid":{"rendered":"https:\/\/www.forumcampinas.org.br\/interdependencia\/?post_type=blog&#038;p=898"},"modified":"2024-06-11T10:36:09","modified_gmt":"2024-06-11T13:36:09","slug":"amazonface-inovacao-na-amazonia-e-destaque-no-vivatech-2024","status":"publish","type":"blog","link":"https:\/\/www.forumcampinas.org.br\/interdependencia\/blog\/amazonface-inovacao-na-amazonia-e-destaque-no-vivatech-2024\/","title":{"rendered":"AmazonFACE: Inova\u00e7\u00e3o na Amaz\u00f4nia e Destaque no VivaTech 2024"},"content":{"rendered":"<p>O AmazonFACE (Free Air Carbon Dioxide Enrichment) \u00e9 um programa de pesquisa cient\u00edfica inovador liderado pela Unicamp que visa compreender como a Floresta Amaz\u00f4nica responder\u00e1 ao aumento das concentra\u00e7\u00f5es atmosf\u00e9ricas de di\u00f3xido de carbono (CO2). Este experimento pioneiro \u00e9 realizado em uma esta\u00e7\u00e3o do Instituto Nacional de Pesquisas da Amaz\u00f4nia (INPA), localizada a 80 km ao norte de Manaus, o primeiro de seu tipo a ser implementado em uma floresta tropical.<\/p>\n<figure id=\"attachment_895\" aria-describedby=\"caption-attachment-895\" style=\"width: 1000px\" class=\"wp-caption aligncenter\"><img loading=\"lazy\" decoding=\"async\" class=\"size-full wp-image-895\" src=\"https:\/\/www.forumcampinas.org.br\/interdependencia\/wp-content\/uploads\/2024\/06\/amazonface.jpg\" alt=\"\" width=\"1000\" height=\"553\" srcset=\"https:\/\/www.forumcampinas.org.br\/interdependencia\/wp-content\/uploads\/2024\/06\/amazonface.jpg 1000w, https:\/\/www.forumcampinas.org.br\/interdependencia\/wp-content\/uploads\/2024\/06\/amazonface-300x166.jpg 300w, https:\/\/www.forumcampinas.org.br\/interdependencia\/wp-content\/uploads\/2024\/06\/amazonface-768x425.jpg 768w\" sizes=\"auto, (max-width: 1000px) 100vw, 1000px\" \/><figcaption id=\"caption-attachment-895\" class=\"wp-caption-text\">Fonte: Unicamp<\/figcaption><\/figure>\n<p>O pesquisador Carlos Alberto Quesada, do Instituto Nacional de Pesquisas da Amaz\u00f4nia (INPA), juntamente com o pesquisador David Lapola, do Centro de Pesquisas Meteorol\u00f3gicas e Clim\u00e1ticas Aplicadas \u00e0 Agricultura (Cepagri\/Unicamp), coordenam o AmazonFACE. O projeto utiliza a tecnologia FACE, anteriormente aplicada em florestas temperadas nos Estados Unidos (Oak Ridge National Laboratory FACE e Duke FACE), na Austr\u00e1lia (EucFACE em Sydney) e no Reino Unido (BiFor-FACE em Birmingham).<\/p>\n<p>Esta tecnologia permite expor \u00e1reas florestais a n\u00edveis elevados de CO2, simulando as condi\u00e7\u00f5es atmosf\u00e9ricas previstas para o futuro, e observando as respostas ecol\u00f3gicas e fisiol\u00f3gicas das plantas. Cada anel FACE \u00e9 composto por 16 torres dispostas circularmente, cobrindo uma \u00e1rea de 30 metros de di\u00e2metro e 35 metros de altura. Essas torres s\u00e3o conectadas a um tanque de armazenamento de CO2 l\u00edquido e liberam ar enriquecido em CO2, mantendo uma concentra\u00e7\u00e3o 50% maior do que os n\u00edveis atuais. Sensores computacionais controlam a libera\u00e7\u00e3o do g\u00e1s de acordo com a velocidade e dire\u00e7\u00e3o do vento, assegurando a precis\u00e3o do experimento.<\/p>\n<p>\u201c<em>As simula\u00e7\u00f5es dos modelos computacionais clim\u00e1ticos de vegeta\u00e7\u00e3o nada poder\u00e3o fazer sem dados de campo que mostrem se esse efeito de fertiliza\u00e7\u00e3o por CO2 de fato existe na floresta Amaz\u00f4nica, qu\u00e3o forte ele \u00e9, e quanto tempo vai durar. A informa\u00e7\u00e3o que vamos gerar \u00e9 da maior import\u00e2ncia para alimentar esses modelos e nos d\u00e1 melhores proje\u00e7\u00f5es sobre o que vai acontecer com a maior floresta tropical do mundo<\/em>\u201d, ressaltou David Lapola.<\/p>\n<p>O experimento AmazonFACE inclui tr\u00eas an\u00e9is de tratamento (com ar enriquecido em CO2) e tr\u00eas de controle (com ar ambiente). Este projeto busca resolver uma das maiores fontes de incerteza em rela\u00e7\u00e3o ao futuro da Amaz\u00f4nia: como o aumento de CO2 atmosf\u00e9rico afeta a floresta, a biodiversidade que ela abriga e os servi\u00e7os ecossist\u00eamicos que ela fornece \u00e0 humanidade.<\/p>\n<p>Al\u00e9m de fornecer dados fundamentais para a formula\u00e7\u00e3o de pol\u00edticas de mitiga\u00e7\u00e3o e adapta\u00e7\u00e3o, o AmazonFACE contribui significativamente para a ci\u00eancia global ao explorar as respostas de um dos ecossistemas mais importantes do planeta \u00e0s mudan\u00e7as clim\u00e1ticas. O projeto tamb\u00e9m tem um papel crucial na educa\u00e7\u00e3o e conscientiza\u00e7\u00e3o p\u00fablica sobre a import\u00e2ncia da preserva\u00e7\u00e3o da Amaz\u00f4nia.<\/p>\n<p>A maquete do AmazonFACE foi exibida no Centro Nacional de Pesquisa em Energia e Materiais (CNPEM) como parte de uma s\u00e9rie de exibi\u00e7\u00f5es com o objetivo de promover o conhecimento sobre o projeto. Esta iniciativa visava tanto a comunidade acad\u00eamica quanto o p\u00fablico em geral, destacando a import\u00e2ncia e os benef\u00edcios do projeto. A maquete, impressionante pelo n\u00edvel de detalhe e acabamento, permitiu que os visitantes visualizassem o funcionamento do sistema FACE, compreendendo melhor como o aumento de CO2 \u00e9 distribu\u00eddo e monitorado nas \u00e1reas de estudo. Depois dessa s\u00e9rie de exibi\u00e7\u00f5es, a maquete seguiu para o VivaTech, continuando a sua miss\u00e3o de divulga\u00e7\u00e3o cient\u00edfica.<\/p>\n<p><strong>Participa\u00e7\u00e3o no VivaTech 2024<\/strong><\/p>\n<p>Entre os dias 21 e 25 de maio de 2024, Raluca Savu, coordenadora associada da COCEN, e Er\u00e1clito Souza, gerente executivo do programa AmazonFACE, representaram a Unicamp no VivaTech, um dos maiores eventos de inova\u00e7\u00e3o tecnol\u00f3gica da Europa, realizado em Paris. O evento reuniu aproximadamente 165 mil participantes, incluindo cientistas, profissionais da tecnologia, l\u00edderes empresariais, startups, investidores e representantes do setor p\u00fablico.<\/p>\n<p>Dentro do Viva Tech o \u201cBrazil Innovation Day\u201d foi uma oportunidade excepcional para explorar o ecossistema de inova\u00e7\u00e3o brasileiro. Realizado em 21 de maio na Embaixada do Brasil em Paris, o evento ofereceu uma variedade de atividades que cativaram os participantes. Durante os dias do evento, a maquete do AmazonFACE destacou-se no estande brasileiro, atraindo uma diversidade de p\u00fablico, desde estudantes curiosos sobre os impactos das mudan\u00e7as clim\u00e1ticas at\u00e9 investidores em busca de oportunidades para apoiar projetos ambientais inovadores.<\/p>\n<p><strong>O que \u00e9 o VivaTech? <\/strong>Viva Technology, ou VivaTech, \u00e9 um encontro anual dedicado \u00e0 inova\u00e7\u00e3o tecnol\u00f3gica e startups, fundado em 2016 e realizado no Paris Expo Porte de Versailles, em Paris, Fran\u00e7a. Organizado pelos grupos Les \u00c9chos e Publicis, o evento tem se consolidado como uma plataforma de destaque para a apresenta\u00e7\u00e3o de novas tecnologias e inova\u00e7\u00f5es, reunindo expositores e participantes de todo o mundo.<\/p>\n<p>A edi\u00e7\u00e3o de 2024 contou com mais de 3.500 expositores de 120 pa\u00edses e uma presen\u00e7a 30% maior de pa\u00edses europeus em compara\u00e7\u00e3o com anos anteriores. Durante os quatro dias de evento, foram realizadas apresenta\u00e7\u00f5es de tecnologias de ponta, incluindo bioimpress\u00e3o de c\u00e9lulas humanas, pr\u00f3teses rob\u00f3ticas avan\u00e7adas e solu\u00e7\u00f5es de intelig\u00eancia artificial.<\/p>\n<p>A repercuss\u00e3o do AmazonFACE no VivaTech destacou a relev\u00e2ncia da pesquisa brasileira no cen\u00e1rio internacional e refor\u00e7ou a import\u00e2ncia de iniciativas que buscam respostas cient\u00edficas para quest\u00f5es ambientais cr\u00edticas. A intera\u00e7\u00e3o com outros projetos e a troca de experi\u00eancias com pesquisadores de diferentes partes do mundo enriqueceram ainda mais o conhecimento e as perspectivas sobre a mitiga\u00e7\u00e3o dos efeitos das mudan\u00e7as clim\u00e1ticas.<\/p>\n<p>&#8220;<em>O AmazonFACE despertou interesse de v\u00e1rios p\u00fablicos, desde estudantes at\u00e9 representantes de entidades governamentais e grandes empresas. Al\u00e9m de comunicar ao mundo o que o Brasil est\u00e1 fazendo em termos de pesquisas de ponta, nossa participa\u00e7\u00e3o abre portas para novas contribui\u00e7\u00f5es e parcerias futuras<\/em>&#8220;, disse Raluca.<\/p>\n<p>Assista:<\/p>\n<p>V\u00eddeo de apresenta\u00e7\u00e3o do Projeto AmazonFace<\/p>\n<p><a href=\"https:\/\/www.youtube.com\/watch?v=nthv7KgXBZ8\" target=\"_blank\" rel=\"noopener\">https:\/\/www.youtube.com\/ watch?v=nthv7KgXBZ8<\/a><\/p>\n<p>Links:<\/p>\n<p><a href=\"https:\/\/vivatechnology.com\/\" target=\"_blank\" rel=\"noopener\">https:\/\/vivatechnology.com\/<\/a><\/p>\n<p><a href=\"https:\/\/portal.ige.unicamp.br\/news\/2024-05\/amazonface-e-apresentado-comunidade-do-ig\" target=\"_blank\" rel=\"noopener\">https:\/\/portal.ige.unicamp.br\/news \/2024-05\/amazonface-e-apresentado-comunidade-do-ig<\/a><\/p>\n<p><a href=\"https:\/\/amazonface.unicamp.br\/\" target=\"_blank\" rel=\"noopener\">https:\/\/amazonface.unicamp.br\/<\/a><\/p>\n","protected":false},"excerpt":{"rendered":"<p>O AmazonFACE \u00e9 um programa de pesquisa liderado pela Unicamp para compreender como a Amaz\u00f4nia responder\u00e1 ao aumento do di\u00f3xido de carbono<\/p>\n","protected":false},"featured_media":895,"parent":0,"template":"","class_list":["post-898","blog","type-blog","status-publish","has-post-thumbnail","hentry"],"acf":[],"yoast_head":"<!-- This site is optimized with the Yoast SEO plugin v27.4 - https:\/\/yoast.com\/product\/yoast-seo-wordpress\/ -->\n<title>AmazonFACE: Inova\u00e7\u00e3o na Amaz\u00f4nia e Destaque no VivaTech 2024 - Interdepend\u00eancia<\/title>\n<meta name=\"description\" content=\"O AmazonFACE \u00e9 uma pesquisa liderada pela Unicamp para compreender como a Amaz\u00f4nia responder\u00e1 ao aumento do di\u00f3xido de carbono\" \/>\n<meta name=\"robots\" content=\"index, follow, max-snippet:-1, max-image-preview:large, max-video-preview:-1\" \/>\n<link rel=\"canonical\" href=\"https:\/\/www.forumcampinas.org.br\/interdependencia\/blog\/amazonface-inovacao-na-amazonia-e-destaque-no-vivatech-2024\/\" \/>\n<meta property=\"og:locale\" content=\"pt_BR\" \/>\n<meta property=\"og:type\" content=\"article\" \/>\n<meta property=\"og:title\" content=\"AmazonFACE: Inova\u00e7\u00e3o na Amaz\u00f4nia e Destaque no VivaTech 2024 - Interdepend\u00eancia\" \/>\n<meta property=\"og:description\" content=\"O AmazonFACE \u00e9 uma pesquisa liderada pela Unicamp para compreender como a Amaz\u00f4nia responder\u00e1 ao aumento do di\u00f3xido de carbono\" \/>\n<meta property=\"og:url\" content=\"https:\/\/www.forumcampinas.org.br\/interdependencia\/blog\/amazonface-inovacao-na-amazonia-e-destaque-no-vivatech-2024\/\" \/>\n<meta property=\"og:site_name\" content=\"Interdepend\u00eancia\" \/>\n<meta property=\"og:image\" content=\"https:\/\/www.forumcampinas.org.br\/interdependencia\/wp-content\/uploads\/2024\/06\/amazonface.jpg\" \/>\n\t<meta property=\"og:image:width\" content=\"1000\" \/>\n\t<meta property=\"og:image:height\" content=\"553\" \/>\n\t<meta property=\"og:image:type\" content=\"image\/jpeg\" \/>\n<meta name=\"twitter:card\" content=\"summary_large_image\" \/>\n<meta name=\"twitter:label1\" content=\"Est. tempo de leitura\" \/>\n\t<meta name=\"twitter:data1\" content=\"6 minutos\" \/>\n<script type=\"application\/ld+json\" class=\"yoast-schema-graph\">{\"@context\":\"https:\\\/\\\/schema.org\",\"@graph\":[{\"@type\":\"WebPage\",\"@id\":\"https:\\\/\\\/www.forumcampinas.org.br\\\/interdependencia\\\/blog\\\/amazonface-inovacao-na-amazonia-e-destaque-no-vivatech-2024\\\/\",\"url\":\"https:\\\/\\\/www.forumcampinas.org.br\\\/interdependencia\\\/blog\\\/amazonface-inovacao-na-amazonia-e-destaque-no-vivatech-2024\\\/\",\"name\":\"AmazonFACE: Inova\u00e7\u00e3o na Amaz\u00f4nia e Destaque no VivaTech 2024 - Interdepend\u00eancia\",\"isPartOf\":{\"@id\":\"https:\\\/\\\/www.forumcampinas.org.br\\\/interdependencia\\\/#website\"},\"primaryImageOfPage\":{\"@id\":\"https:\\\/\\\/www.forumcampinas.org.br\\\/interdependencia\\\/blog\\\/amazonface-inovacao-na-amazonia-e-destaque-no-vivatech-2024\\\/#primaryimage\"},\"image\":{\"@id\":\"https:\\\/\\\/www.forumcampinas.org.br\\\/interdependencia\\\/blog\\\/amazonface-inovacao-na-amazonia-e-destaque-no-vivatech-2024\\\/#primaryimage\"},\"thumbnailUrl\":\"https:\\\/\\\/www.forumcampinas.org.br\\\/interdependencia\\\/wp-content\\\/uploads\\\/2024\\\/06\\\/amazonface.jpg\",\"datePublished\":\"2024-06-11T13:36:09+00:00\",\"description\":\"O AmazonFACE \u00e9 uma pesquisa liderada pela Unicamp para compreender como a Amaz\u00f4nia responder\u00e1 ao aumento do di\u00f3xido de carbono\",\"breadcrumb\":{\"@id\":\"https:\\\/\\\/www.forumcampinas.org.br\\\/interdependencia\\\/blog\\\/amazonface-inovacao-na-amazonia-e-destaque-no-vivatech-2024\\\/#breadcrumb\"},\"inLanguage\":\"pt-BR\",\"potentialAction\":[{\"@type\":\"ReadAction\",\"target\":[\"https:\\\/\\\/www.forumcampinas.org.br\\\/interdependencia\\\/blog\\\/amazonface-inovacao-na-amazonia-e-destaque-no-vivatech-2024\\\/\"]}]},{\"@type\":\"ImageObject\",\"inLanguage\":\"pt-BR\",\"@id\":\"https:\\\/\\\/www.forumcampinas.org.br\\\/interdependencia\\\/blog\\\/amazonface-inovacao-na-amazonia-e-destaque-no-vivatech-2024\\\/#primaryimage\",\"url\":\"https:\\\/\\\/www.forumcampinas.org.br\\\/interdependencia\\\/wp-content\\\/uploads\\\/2024\\\/06\\\/amazonface.jpg\",\"contentUrl\":\"https:\\\/\\\/www.forumcampinas.org.br\\\/interdependencia\\\/wp-content\\\/uploads\\\/2024\\\/06\\\/amazonface.jpg\",\"width\":1000,\"height\":553,\"caption\":\"Fonte: Unicamp\"},{\"@type\":\"BreadcrumbList\",\"@id\":\"https:\\\/\\\/www.forumcampinas.org.br\\\/interdependencia\\\/blog\\\/amazonface-inovacao-na-amazonia-e-destaque-no-vivatech-2024\\\/#breadcrumb\",\"itemListElement\":[{\"@type\":\"ListItem\",\"position\":1,\"name\":\"In\u00edcio\",\"item\":\"https:\\\/\\\/www.forumcampinas.org.br\\\/interdependencia\\\/\"},{\"@type\":\"ListItem\",\"position\":2,\"name\":\"Blog\",\"item\":\"https:\\\/\\\/www.forumcampinas.org.br\\\/interdependencia\\\/blog\\\/\"},{\"@type\":\"ListItem\",\"position\":3,\"name\":\"AmazonFACE: Inova\u00e7\u00e3o na Amaz\u00f4nia e Destaque no VivaTech 2024\"}]},{\"@type\":\"WebSite\",\"@id\":\"https:\\\/\\\/www.forumcampinas.org.br\\\/interdependencia\\\/#website\",\"url\":\"https:\\\/\\\/www.forumcampinas.org.br\\\/interdependencia\\\/\",\"name\":\"Interdepend\u00eancia\",\"description\":\"Ci\u00eancia, Tecnologia e Inova\u00e7\u00e3o e a Regi\u00e3o de Campinas\",\"publisher\":{\"@id\":\"https:\\\/\\\/www.forumcampinas.org.br\\\/interdependencia\\\/#organization\"},\"potentialAction\":[{\"@type\":\"SearchAction\",\"target\":{\"@type\":\"EntryPoint\",\"urlTemplate\":\"https:\\\/\\\/www.forumcampinas.org.br\\\/interdependencia\\\/?s={search_term_string}\"},\"query-input\":{\"@type\":\"PropertyValueSpecification\",\"valueRequired\":true,\"valueName\":\"search_term_string\"}}],\"inLanguage\":\"pt-BR\"},{\"@type\":\"Organization\",\"@id\":\"https:\\\/\\\/www.forumcampinas.org.br\\\/interdependencia\\\/#organization\",\"name\":\"Interdepend\u00eancia\",\"url\":\"https:\\\/\\\/www.forumcampinas.org.br\\\/interdependencia\\\/\",\"logo\":{\"@type\":\"ImageObject\",\"inLanguage\":\"pt-BR\",\"@id\":\"https:\\\/\\\/www.forumcampinas.org.br\\\/interdependencia\\\/#\\\/schema\\\/logo\\\/image\\\/\",\"url\":\"https:\\\/\\\/www.forumcampinas.org.br\\\/interdependencia\\\/wp-content\\\/uploads\\\/2023\\\/11\\\/interdependencia.png\",\"contentUrl\":\"https:\\\/\\\/www.forumcampinas.org.br\\\/interdependencia\\\/wp-content\\\/uploads\\\/2023\\\/11\\\/interdependencia.png\",\"width\":757,\"height\":195,\"caption\":\"Interdepend\u00eancia\"},\"image\":{\"@id\":\"https:\\\/\\\/www.forumcampinas.org.br\\\/interdependencia\\\/#\\\/schema\\\/logo\\\/image\\\/\"}}]}<\/script>\n<!-- \/ Yoast SEO plugin. -->","yoast_head_json":{"title":"AmazonFACE: Inova\u00e7\u00e3o na Amaz\u00f4nia e Destaque no VivaTech 2024 - Interdepend\u00eancia","description":"O AmazonFACE \u00e9 uma pesquisa liderada pela Unicamp para compreender como a Amaz\u00f4nia responder\u00e1 ao aumento do di\u00f3xido de carbono","robots":{"index":"index","follow":"follow","max-snippet":"max-snippet:-1","max-image-preview":"max-image-preview:large","max-video-preview":"max-video-preview:-1"},"canonical":"https:\/\/www.forumcampinas.org.br\/interdependencia\/blog\/amazonface-inovacao-na-amazonia-e-destaque-no-vivatech-2024\/","og_locale":"pt_BR","og_type":"article","og_title":"AmazonFACE: Inova\u00e7\u00e3o na Amaz\u00f4nia e Destaque no VivaTech 2024 - Interdepend\u00eancia","og_description":"O AmazonFACE \u00e9 uma pesquisa liderada pela Unicamp para compreender como a Amaz\u00f4nia responder\u00e1 ao aumento do di\u00f3xido de carbono","og_url":"https:\/\/www.forumcampinas.org.br\/interdependencia\/blog\/amazonface-inovacao-na-amazonia-e-destaque-no-vivatech-2024\/","og_site_name":"Interdepend\u00eancia","og_image":[{"width":1000,"height":553,"url":"https:\/\/www.forumcampinas.org.br\/interdependencia\/wp-content\/uploads\/2024\/06\/amazonface.jpg","type":"image\/jpeg"}],"twitter_card":"summary_large_image","twitter_misc":{"Est. tempo de leitura":"6 minutos"},"schema":{"@context":"https:\/\/schema.org","@graph":[{"@type":"WebPage","@id":"https:\/\/www.forumcampinas.org.br\/interdependencia\/blog\/amazonface-inovacao-na-amazonia-e-destaque-no-vivatech-2024\/","url":"https:\/\/www.forumcampinas.org.br\/interdependencia\/blog\/amazonface-inovacao-na-amazonia-e-destaque-no-vivatech-2024\/","name":"AmazonFACE: Inova\u00e7\u00e3o na Amaz\u00f4nia e Destaque no VivaTech 2024 - Interdepend\u00eancia","isPartOf":{"@id":"https:\/\/www.forumcampinas.org.br\/interdependencia\/#website"},"primaryImageOfPage":{"@id":"https:\/\/www.forumcampinas.org.br\/interdependencia\/blog\/amazonface-inovacao-na-amazonia-e-destaque-no-vivatech-2024\/#primaryimage"},"image":{"@id":"https:\/\/www.forumcampinas.org.br\/interdependencia\/blog\/amazonface-inovacao-na-amazonia-e-destaque-no-vivatech-2024\/#primaryimage"},"thumbnailUrl":"https:\/\/www.forumcampinas.org.br\/interdependencia\/wp-content\/uploads\/2024\/06\/amazonface.jpg","datePublished":"2024-06-11T13:36:09+00:00","description":"O AmazonFACE \u00e9 uma pesquisa liderada pela Unicamp para compreender como a Amaz\u00f4nia responder\u00e1 ao aumento do di\u00f3xido de carbono","breadcrumb":{"@id":"https:\/\/www.forumcampinas.org.br\/interdependencia\/blog\/amazonface-inovacao-na-amazonia-e-destaque-no-vivatech-2024\/#breadcrumb"},"inLanguage":"pt-BR","potentialAction":[{"@type":"ReadAction","target":["https:\/\/www.forumcampinas.org.br\/interdependencia\/blog\/amazonface-inovacao-na-amazonia-e-destaque-no-vivatech-2024\/"]}]},{"@type":"ImageObject","inLanguage":"pt-BR","@id":"https:\/\/www.forumcampinas.org.br\/interdependencia\/blog\/amazonface-inovacao-na-amazonia-e-destaque-no-vivatech-2024\/#primaryimage","url":"https:\/\/www.forumcampinas.org.br\/interdependencia\/wp-content\/uploads\/2024\/06\/amazonface.jpg","contentUrl":"https:\/\/www.forumcampinas.org.br\/interdependencia\/wp-content\/uploads\/2024\/06\/amazonface.jpg","width":1000,"height":553,"caption":"Fonte: Unicamp"},{"@type":"BreadcrumbList","@id":"https:\/\/www.forumcampinas.org.br\/interdependencia\/blog\/amazonface-inovacao-na-amazonia-e-destaque-no-vivatech-2024\/#breadcrumb","itemListElement":[{"@type":"ListItem","position":1,"name":"In\u00edcio","item":"https:\/\/www.forumcampinas.org.br\/interdependencia\/"},{"@type":"ListItem","position":2,"name":"Blog","item":"https:\/\/www.forumcampinas.org.br\/interdependencia\/blog\/"},{"@type":"ListItem","position":3,"name":"AmazonFACE: Inova\u00e7\u00e3o na Amaz\u00f4nia e Destaque no VivaTech 2024"}]},{"@type":"WebSite","@id":"https:\/\/www.forumcampinas.org.br\/interdependencia\/#website","url":"https:\/\/www.forumcampinas.org.br\/interdependencia\/","name":"Interdepend\u00eancia","description":"Ci\u00eancia, Tecnologia e Inova\u00e7\u00e3o e a Regi\u00e3o de Campinas","publisher":{"@id":"https:\/\/www.forumcampinas.org.br\/interdependencia\/#organization"},"potentialAction":[{"@type":"SearchAction","target":{"@type":"EntryPoint","urlTemplate":"https:\/\/www.forumcampinas.org.br\/interdependencia\/?s={search_term_string}"},"query-input":{"@type":"PropertyValueSpecification","valueRequired":true,"valueName":"search_term_string"}}],"inLanguage":"pt-BR"},{"@type":"Organization","@id":"https:\/\/www.forumcampinas.org.br\/interdependencia\/#organization","name":"Interdepend\u00eancia","url":"https:\/\/www.forumcampinas.org.br\/interdependencia\/","logo":{"@type":"ImageObject","inLanguage":"pt-BR","@id":"https:\/\/www.forumcampinas.org.br\/interdependencia\/#\/schema\/logo\/image\/","url":"https:\/\/www.forumcampinas.org.br\/interdependencia\/wp-content\/uploads\/2023\/11\/interdependencia.png","contentUrl":"https:\/\/www.forumcampinas.org.br\/interdependencia\/wp-content\/uploads\/2023\/11\/interdependencia.png","width":757,"height":195,"caption":"Interdepend\u00eancia"},"image":{"@id":"https:\/\/www.forumcampinas.org.br\/interdependencia\/#\/schema\/logo\/image\/"}}]}},"_links":{"self":[{"href":"https:\/\/www.forumcampinas.org.br\/interdependencia\/wp-json\/wp\/v2\/blog\/898","targetHints":{"allow":["GET"]}}],"collection":[{"href":"https:\/\/www.forumcampinas.org.br\/interdependencia\/wp-json\/wp\/v2\/blog"}],"about":[{"href":"https:\/\/www.forumcampinas.org.br\/interdependencia\/wp-json\/wp\/v2\/types\/blog"}],"wp:featuredmedia":[{"embeddable":true,"href":"https:\/\/www.forumcampinas.org.br\/interdependencia\/wp-json\/wp\/v2\/media\/895"}],"wp:attachment":[{"href":"https:\/\/www.forumcampinas.org.br\/interdependencia\/wp-json\/wp\/v2\/media?parent=898"}],"curies":[{"name":"wp","href":"https:\/\/api.w.org\/{rel}","templated":true}]}}