{"id":906,"date":"2024-06-26T16:07:39","date_gmt":"2024-06-26T19:07:39","guid":{"rendered":"https:\/\/www.forumcampinas.org.br\/interdependencia\/?post_type=blog&#038;p=906"},"modified":"2024-06-26T16:07:39","modified_gmt":"2024-06-26T19:07:39","slug":"saa-e-usp-firmam-parceria-para-descarbonizacao-do-agronegocio-com-apoio-da-cati","status":"publish","type":"blog","link":"https:\/\/www.forumcampinas.org.br\/interdependencia\/blog\/saa-e-usp-firmam-parceria-para-descarbonizacao-do-agronegocio-com-apoio-da-cati\/","title":{"rendered":"SAA e USP firmam parceria para Descarboniza\u00e7\u00e3o do Agroneg\u00f3cio, com apoio da CATI"},"content":{"rendered":"<p><strong>Colabora\u00e7\u00e3o para Sustentabilidade no Agroneg\u00f3cio<\/strong><\/p>\n<p>Em maio, um importante passo foi dado rumo \u00e0 descarboniza\u00e7\u00e3o do agroneg\u00f3cio no Estado de S\u00e3o Paulo. A Secretaria de Agricultura e Abastecimento do Governo de S\u00e3o Paulo firmou uma parceria com a Universidade de S\u00e3o Paulo (USP), em uma cerim\u00f4nia realizada no campus da USP na capital. Essa colabora\u00e7\u00e3o une a pesquisa cient\u00edfica de ponta com a formula\u00e7\u00e3o de pol\u00edticas p\u00fablicas, buscando promover pr\u00e1ticas agr\u00edcolas sustent\u00e1veis e inovadoras.<\/p>\n<figure id=\"attachment_905\" aria-describedby=\"caption-attachment-905\" style=\"width: 1000px\" class=\"wp-caption aligncenter\"><img loading=\"lazy\" decoding=\"async\" class=\"size-full wp-image-905\" src=\"https:\/\/www.forumcampinas.org.br\/interdependencia\/wp-content\/uploads\/2024\/06\/USP-e-SAA-apostam-em-parceria-para-neutralidade-climatica.jpg\" alt=\"\" width=\"1000\" height=\"553\" srcset=\"https:\/\/www.forumcampinas.org.br\/interdependencia\/wp-content\/uploads\/2024\/06\/USP-e-SAA-apostam-em-parceria-para-neutralidade-climatica.jpg 1000w, https:\/\/www.forumcampinas.org.br\/interdependencia\/wp-content\/uploads\/2024\/06\/USP-e-SAA-apostam-em-parceria-para-neutralidade-climatica-300x166.jpg 300w, https:\/\/www.forumcampinas.org.br\/interdependencia\/wp-content\/uploads\/2024\/06\/USP-e-SAA-apostam-em-parceria-para-neutralidade-climatica-768x425.jpg 768w\" sizes=\"auto, (max-width: 1000px) 100vw, 1000px\" \/><figcaption id=\"caption-attachment-905\" class=\"wp-caption-text\">Foto: Website Secretaria de Agricultura e Abastecimento do Governo de S\u00e3o Paulo<\/figcaption><\/figure>\n<p>O secret\u00e1rio de Agricultura, Guilherme Piai, destacou a relev\u00e2ncia dessa uni\u00e3o: \u201c<em>As inova\u00e7\u00f5es para a produ\u00e7\u00e3o agropecu\u00e1ria n\u00e3o param. Quando aliamos o setor mais pujante do Estado \u00e0 excel\u00eancia da produ\u00e7\u00e3o de conhecimento de uma das maiores universidades da Am\u00e9rica Latina, podemos garantir o que h\u00e1 de mais moderno aos produtores paulistas e sempre com a sustentabilidade como um norte<\/em>\u201d.<\/p>\n<p><strong>Objetivos da Parceria<\/strong><\/p>\n<p>O acordo firmado permite o desenvolvimento de pesquisas aplicadas em \u00e1reas como conserva\u00e7\u00e3o, recupera\u00e7\u00e3o e educa\u00e7\u00e3o ambiental. Essas pesquisas visam criar estrat\u00e9gias e pol\u00edticas p\u00fablicas que promovam a sustentabilidade, a conserva\u00e7\u00e3o do meio ambiente e a melhoria da qualidade de vida nas propriedades rurais paulistas.<\/p>\n<p>Um dos projetos concretos resultantes dessa parceria \u00e9 a cria\u00e7\u00e3o de um Grupo de Trabalho formado por servidores da <strong>Secretaria de Agricultura e pesquisadores da USP<\/strong>. Este grupo se dedicar\u00e1 a iniciativas como a potencializa\u00e7\u00e3o da irriga\u00e7\u00e3o agr\u00edcola utilizando efluentes da agroind\u00fastria. Um manual ser\u00e1 publicado em parceria com a <strong>Coordenadoria de Assist\u00eancia T\u00e9cnica Integral (CATI)<\/strong> \u2013 que tem sede em Campinas &#8211; oferecendo metodologias para o uso seguro e eficiente desses efluentes.<\/p>\n<p>Al\u00e9m disso, est\u00e1 em desenvolvimento um <strong>piloto para fornecer an\u00e1lises de solo gratuitas aos produtores<\/strong>. Essas an\u00e1lises s\u00e3o essenciais para que os agricultores possam diagnosticar as condi\u00e7\u00f5es qu\u00edmicas e f\u00edsicas do solo, determinando a necessidade de calagem e os tipos de nutrientes que devem ser fornecidos atrav\u00e9s da aduba\u00e7\u00e3o.<\/p>\n<p><strong>Alinhamento com Diretrizes da COP 28<\/strong><\/p>\n<p>A parceria entre a SAA, USP e CATI est\u00e1 em total conson\u00e2ncia com as diretrizes discutidas na 28\u00aa Confer\u00eancia das Na\u00e7\u00f5es Unidas sobre as Mudan\u00e7as Clim\u00e1ticas (COP 28), realizada em Dubai. A COP 28 enfatizou a necessidade de inova\u00e7\u00e3o, sustentabilidade e pr\u00e1ticas agr\u00edcolas que contribuam para a redu\u00e7\u00e3o das emiss\u00f5es de Gases de Efeito Estufa (GEE).<\/p>\n<p>O reitor da USP, Carlos Gilberto Carlotti Junior, refor\u00e7ou a import\u00e2ncia da agricultura como aliada nas pol\u00edticas de enfrentamento \u00e0s mudan\u00e7as clim\u00e1ticas: \u201c<em>O campo e a cadeia produtiva da agropecu\u00e1ria t\u00eam grande potencial para aumentar a produ\u00e7\u00e3o de alimentos paralelamente a boas pr\u00e1ticas que podem impactar positivamente o enfrentamento das mudan\u00e7as clim\u00e1ticas<\/em>\u201d.<\/p>\n<p><strong>Participa\u00e7\u00e3o da Secretaria de Agricultura na COP 28<\/strong><\/p>\n<p>A <strong>Secretaria de Agricultura e Abastecimento<\/strong> de S\u00e3o Paulo teve uma presen\u00e7a marcante na COP 28, que aconteceu de 30 de novembro a 12 de dezembro de 2023 em Dubai. Durante o evento, o secret\u00e1rio Guilherme Piai e sua equipe participaram de diversas agendas, apresentando iniciativas e discutindo parcerias internacionais para promover a sustentabilidade no agroneg\u00f3cio paulista.<\/p>\n<p><strong>Rastreabilidade Bovina<\/strong><\/p>\n<p>No primeiro dia da confer\u00eancia, Piai destacou a import\u00e2ncia da rastreabilidade bovina, um sistema cada vez mais valorizado pelos consumidores que aprimora a qualidade da pecu\u00e1ria paulista. \u201cS\u00e3o Paulo desenvolver\u00e1 um sistema de rastreabilidade bovina eficaz que contribua para a seguran\u00e7a alimentar, a sustentabilidade ambiental e a transpar\u00eancia na cadeia de produ\u00e7\u00e3o bovina\u201d, afirmou o secret\u00e1rio.<\/p>\n<p><strong>Centro de Pesquisa NeuTroPec<\/strong><\/p>\n<p>Outro ponto alto da participa\u00e7\u00e3o foi a apresenta\u00e7\u00e3o do NeuTroPec, o Centro de Pesquisa visando a Neutralidade de Carbono do Sistema de Produ\u00e7\u00e3o de Bovinos de Corte. Este centro \u00e9 o \u00fanico da Am\u00e9rica Latina dedicado a essa tem\u00e1tica e representa um marco importante na busca por um futuro sustent\u00e1vel e inovador no setor agropecu\u00e1rio.<\/p>\n<p><strong>Produ\u00e7\u00e3o de Biometano<\/strong><\/p>\n<p>A produ\u00e7\u00e3o de biometano tamb\u00e9m foi um tema central nas discuss\u00f5es em Dubai. Representantes da Secretaria de Agricultura se reuniram com Gustavo Bonini, diretor de rela\u00e7\u00f5es institucionais da Scania Brasil, para discutir a amplia\u00e7\u00e3o da produ\u00e7\u00e3o de biometano no Estado. A Scania, que fabrica \u00f4nibus e caminh\u00f5es movidos a biometano em S\u00e3o Bernardo do Campo, \u00e9 uma parceira estrat\u00e9gica nesse esfor\u00e7o. A aproxima\u00e7\u00e3o entre Brasil e Su\u00e9cia em projetos de biometano foi refor\u00e7ada durante essas discuss\u00f5es.<\/p>\n<p><strong>Inova\u00e7\u00f5es e Produtividade<\/strong><\/p>\n<p>No pen\u00faltimo dia da COP 28, a SAA participou do painel AIM for Climate, organizado pelo governo dos Estados Unidos, que premiou empresas inovadoras do agroneg\u00f3cio interessadas em trabalhar no Brasil. Guilherme Piai conversou com Tom Vilsack, secret\u00e1rio de Agricultura dos Estados Unidos, sobre como aumentar a produtividade agr\u00edcola enquanto se combate as mudan\u00e7as clim\u00e1ticas.<\/p>\n<p><strong>Transi\u00e7\u00e3o Energ\u00e9tica<\/strong><\/p>\n<p>Al\u00e9m disso, a SAA, em conjunto com a Companhia Ambiental do Estado de S\u00e3o Paulo (Cetesb), apresentou projetos de transi\u00e7\u00e3o energ\u00e9tica visando captar investimentos internacionais. Essas iniciativas fazem parte de um esfor\u00e7o cont\u00ednuo para promover a energia limpa e sustent\u00e1vel no setor agropecu\u00e1rio.<\/p>\n<p><strong>Realiza\u00e7\u00e3o da COP-29<\/strong><\/p>\n<p>A COP-29 ser\u00e1 realizada entre os dias 11 e 22 de novembro de 2024, em Baku, capital do Azerbaij\u00e3o. Este evento \u00e9 especialmente significativo, pois marca a primeira vez que um pa\u00eds da regi\u00e3o do C\u00e1ucaso sediar\u00e1 a Confer\u00eancia das Partes, destacando a import\u00e2ncia crescente de novas regi\u00f5es na luta contra as mudan\u00e7as clim\u00e1ticas.<\/p>\n<p>Desde sua primeira edi\u00e7\u00e3o em Berlim em 1995, a Confer\u00eancia das Partes tem sido um f\u00f3rum crucial para debater solu\u00e7\u00f5es para as mudan\u00e7as clim\u00e1ticas globais. Com marcos hist\u00f3ricos como o Protocolo de Kyoto e o Acordo de Paris, a COP tem orientado os esfor\u00e7os internacionais para a redu\u00e7\u00e3o das emiss\u00f5es de gases de efeito estufa. A COP-29 continuar\u00e1 essa tradi\u00e7\u00e3o, focando em novas metas de financiamento clim\u00e1tico e na acelera\u00e7\u00e3o da transi\u00e7\u00e3o energ\u00e9tica, refor\u00e7ando o compromisso global com a sustentabilidade ambiental.<\/p>\n<p>Links:<\/p>\n<p><a href=\"https:\/\/www.neoenergia.com\/w\/cop-29-informacoes-e-objetivos-do-maior-encontro-sobre-mudancas-climaticas-do-mundo\" target=\"_blank\" rel=\"noopener\">https:\/\/www.neoenergia.com\/w\/ cop-29-informacoes-e- objetivos-do-maior- encontro-sobre- mudancas-climaticas-do-mundo<\/a><\/p>\n<p><a href=\"https:\/\/www.agricultura.sp.gov.br\/pt\/b\/cop-28-secretaria-de-agricultura-de-sp-participa-da-maior-conferencia-sobre-clima-do-planeta\" target=\"_blank\" rel=\"noopener\">https:\/\/www.agricultura.sp.gov.br\/pt \/b\/cop-28-secretaria -de-agricultura-de- sp-participa-da-maior- conferencia-sobre- clima-do-planeta<\/a><\/p>\n<p><a href=\"https:\/\/www.agricultura.sp.gov.br\/pt\/b\/usp-e-secretaria-de-agricultura-de-sp-apostam-em-parceria-para-neutralidade-climatica-2\" target=\"_blank\" rel=\"noopener\">https:\/\/www.agricultura.sp.gov.br \/pt\/b\/usp-e-secretaria -de-agricultura-de-sp- apostam-em-parceria- para-neutralidade-climatica-2<\/a><\/p>\n","protected":false},"excerpt":{"rendered":"<p>O acordo firmado permite o desenvolvimento de pesquisas aplicadas em \u00e1reas como conserva\u00e7\u00e3o, recupera\u00e7\u00e3o e educa\u00e7\u00e3o ambiental<\/p>\n","protected":false},"featured_media":905,"parent":0,"template":"","class_list":["post-906","blog","type-blog","status-publish","has-post-thumbnail","hentry"],"acf":[],"yoast_head":"<!-- This site is optimized with the Yoast SEO plugin v27.4 - https:\/\/yoast.com\/product\/yoast-seo-wordpress\/ -->\n<title>SAA e USP firmam parceria para Descarboniza\u00e7\u00e3o do Agroneg\u00f3cio, com apoio da CATI - Interdepend\u00eancia<\/title>\n<meta name=\"description\" content=\"O acordo firmado permite o desenvolvimento de pesquisas aplicadas em \u00e1reas como conserva\u00e7\u00e3o, recupera\u00e7\u00e3o e educa\u00e7\u00e3o ambiental\" \/>\n<meta name=\"robots\" content=\"index, follow, max-snippet:-1, max-image-preview:large, max-video-preview:-1\" \/>\n<link rel=\"canonical\" href=\"https:\/\/www.forumcampinas.org.br\/interdependencia\/blog\/saa-e-usp-firmam-parceria-para-descarbonizacao-do-agronegocio-com-apoio-da-cati\/\" \/>\n<meta property=\"og:locale\" content=\"pt_BR\" \/>\n<meta property=\"og:type\" content=\"article\" \/>\n<meta property=\"og:title\" content=\"SAA e USP firmam parceria para Descarboniza\u00e7\u00e3o do Agroneg\u00f3cio, com apoio da CATI - Interdepend\u00eancia\" \/>\n<meta property=\"og:description\" content=\"O acordo firmado permite o desenvolvimento de pesquisas aplicadas em \u00e1reas como conserva\u00e7\u00e3o, recupera\u00e7\u00e3o e educa\u00e7\u00e3o ambiental\" \/>\n<meta property=\"og:url\" content=\"https:\/\/www.forumcampinas.org.br\/interdependencia\/blog\/saa-e-usp-firmam-parceria-para-descarbonizacao-do-agronegocio-com-apoio-da-cati\/\" \/>\n<meta property=\"og:site_name\" content=\"Interdepend\u00eancia\" \/>\n<meta property=\"og:image\" content=\"https:\/\/www.forumcampinas.org.br\/interdependencia\/wp-content\/uploads\/2024\/06\/USP-e-SAA-apostam-em-parceria-para-neutralidade-climatica.jpg\" \/>\n\t<meta property=\"og:image:width\" content=\"1000\" \/>\n\t<meta property=\"og:image:height\" content=\"553\" \/>\n\t<meta property=\"og:image:type\" content=\"image\/jpeg\" \/>\n<meta name=\"twitter:card\" content=\"summary_large_image\" \/>\n<meta name=\"twitter:label1\" content=\"Est. tempo de leitura\" \/>\n\t<meta name=\"twitter:data1\" content=\"6 minutos\" \/>\n<script type=\"application\/ld+json\" class=\"yoast-schema-graph\">{\"@context\":\"https:\\\/\\\/schema.org\",\"@graph\":[{\"@type\":\"WebPage\",\"@id\":\"https:\\\/\\\/www.forumcampinas.org.br\\\/interdependencia\\\/blog\\\/saa-e-usp-firmam-parceria-para-descarbonizacao-do-agronegocio-com-apoio-da-cati\\\/\",\"url\":\"https:\\\/\\\/www.forumcampinas.org.br\\\/interdependencia\\\/blog\\\/saa-e-usp-firmam-parceria-para-descarbonizacao-do-agronegocio-com-apoio-da-cati\\\/\",\"name\":\"SAA e USP firmam parceria para Descarboniza\u00e7\u00e3o do Agroneg\u00f3cio, com apoio da CATI - Interdepend\u00eancia\",\"isPartOf\":{\"@id\":\"https:\\\/\\\/www.forumcampinas.org.br\\\/interdependencia\\\/#website\"},\"primaryImageOfPage\":{\"@id\":\"https:\\\/\\\/www.forumcampinas.org.br\\\/interdependencia\\\/blog\\\/saa-e-usp-firmam-parceria-para-descarbonizacao-do-agronegocio-com-apoio-da-cati\\\/#primaryimage\"},\"image\":{\"@id\":\"https:\\\/\\\/www.forumcampinas.org.br\\\/interdependencia\\\/blog\\\/saa-e-usp-firmam-parceria-para-descarbonizacao-do-agronegocio-com-apoio-da-cati\\\/#primaryimage\"},\"thumbnailUrl\":\"https:\\\/\\\/www.forumcampinas.org.br\\\/interdependencia\\\/wp-content\\\/uploads\\\/2024\\\/06\\\/USP-e-SAA-apostam-em-parceria-para-neutralidade-climatica.jpg\",\"datePublished\":\"2024-06-26T19:07:39+00:00\",\"description\":\"O acordo firmado permite o desenvolvimento de pesquisas aplicadas em \u00e1reas como conserva\u00e7\u00e3o, recupera\u00e7\u00e3o e educa\u00e7\u00e3o ambiental\",\"breadcrumb\":{\"@id\":\"https:\\\/\\\/www.forumcampinas.org.br\\\/interdependencia\\\/blog\\\/saa-e-usp-firmam-parceria-para-descarbonizacao-do-agronegocio-com-apoio-da-cati\\\/#breadcrumb\"},\"inLanguage\":\"pt-BR\",\"potentialAction\":[{\"@type\":\"ReadAction\",\"target\":[\"https:\\\/\\\/www.forumcampinas.org.br\\\/interdependencia\\\/blog\\\/saa-e-usp-firmam-parceria-para-descarbonizacao-do-agronegocio-com-apoio-da-cati\\\/\"]}]},{\"@type\":\"ImageObject\",\"inLanguage\":\"pt-BR\",\"@id\":\"https:\\\/\\\/www.forumcampinas.org.br\\\/interdependencia\\\/blog\\\/saa-e-usp-firmam-parceria-para-descarbonizacao-do-agronegocio-com-apoio-da-cati\\\/#primaryimage\",\"url\":\"https:\\\/\\\/www.forumcampinas.org.br\\\/interdependencia\\\/wp-content\\\/uploads\\\/2024\\\/06\\\/USP-e-SAA-apostam-em-parceria-para-neutralidade-climatica.jpg\",\"contentUrl\":\"https:\\\/\\\/www.forumcampinas.org.br\\\/interdependencia\\\/wp-content\\\/uploads\\\/2024\\\/06\\\/USP-e-SAA-apostam-em-parceria-para-neutralidade-climatica.jpg\",\"width\":1000,\"height\":553,\"caption\":\"Foto: Website Secretaria de Agricultura e Abastecimento do Governo de S\u00e3o Paulo\"},{\"@type\":\"BreadcrumbList\",\"@id\":\"https:\\\/\\\/www.forumcampinas.org.br\\\/interdependencia\\\/blog\\\/saa-e-usp-firmam-parceria-para-descarbonizacao-do-agronegocio-com-apoio-da-cati\\\/#breadcrumb\",\"itemListElement\":[{\"@type\":\"ListItem\",\"position\":1,\"name\":\"In\u00edcio\",\"item\":\"https:\\\/\\\/www.forumcampinas.org.br\\\/interdependencia\\\/\"},{\"@type\":\"ListItem\",\"position\":2,\"name\":\"Blog\",\"item\":\"https:\\\/\\\/www.forumcampinas.org.br\\\/interdependencia\\\/blog\\\/\"},{\"@type\":\"ListItem\",\"position\":3,\"name\":\"SAA e USP firmam parceria para Descarboniza\u00e7\u00e3o do Agroneg\u00f3cio, com apoio da CATI\"}]},{\"@type\":\"WebSite\",\"@id\":\"https:\\\/\\\/www.forumcampinas.org.br\\\/interdependencia\\\/#website\",\"url\":\"https:\\\/\\\/www.forumcampinas.org.br\\\/interdependencia\\\/\",\"name\":\"Interdepend\u00eancia\",\"description\":\"Ci\u00eancia, Tecnologia e Inova\u00e7\u00e3o e a Regi\u00e3o de Campinas\",\"publisher\":{\"@id\":\"https:\\\/\\\/www.forumcampinas.org.br\\\/interdependencia\\\/#organization\"},\"potentialAction\":[{\"@type\":\"SearchAction\",\"target\":{\"@type\":\"EntryPoint\",\"urlTemplate\":\"https:\\\/\\\/www.forumcampinas.org.br\\\/interdependencia\\\/?s={search_term_string}\"},\"query-input\":{\"@type\":\"PropertyValueSpecification\",\"valueRequired\":true,\"valueName\":\"search_term_string\"}}],\"inLanguage\":\"pt-BR\"},{\"@type\":\"Organization\",\"@id\":\"https:\\\/\\\/www.forumcampinas.org.br\\\/interdependencia\\\/#organization\",\"name\":\"Interdepend\u00eancia\",\"url\":\"https:\\\/\\\/www.forumcampinas.org.br\\\/interdependencia\\\/\",\"logo\":{\"@type\":\"ImageObject\",\"inLanguage\":\"pt-BR\",\"@id\":\"https:\\\/\\\/www.forumcampinas.org.br\\\/interdependencia\\\/#\\\/schema\\\/logo\\\/image\\\/\",\"url\":\"https:\\\/\\\/www.forumcampinas.org.br\\\/interdependencia\\\/wp-content\\\/uploads\\\/2023\\\/11\\\/interdependencia.png\",\"contentUrl\":\"https:\\\/\\\/www.forumcampinas.org.br\\\/interdependencia\\\/wp-content\\\/uploads\\\/2023\\\/11\\\/interdependencia.png\",\"width\":757,\"height\":195,\"caption\":\"Interdepend\u00eancia\"},\"image\":{\"@id\":\"https:\\\/\\\/www.forumcampinas.org.br\\\/interdependencia\\\/#\\\/schema\\\/logo\\\/image\\\/\"}}]}<\/script>\n<!-- \/ Yoast SEO plugin. -->","yoast_head_json":{"title":"SAA e USP firmam parceria para Descarboniza\u00e7\u00e3o do Agroneg\u00f3cio, com apoio da CATI - Interdepend\u00eancia","description":"O acordo firmado permite o desenvolvimento de pesquisas aplicadas em \u00e1reas como conserva\u00e7\u00e3o, recupera\u00e7\u00e3o e educa\u00e7\u00e3o ambiental","robots":{"index":"index","follow":"follow","max-snippet":"max-snippet:-1","max-image-preview":"max-image-preview:large","max-video-preview":"max-video-preview:-1"},"canonical":"https:\/\/www.forumcampinas.org.br\/interdependencia\/blog\/saa-e-usp-firmam-parceria-para-descarbonizacao-do-agronegocio-com-apoio-da-cati\/","og_locale":"pt_BR","og_type":"article","og_title":"SAA e USP firmam parceria para Descarboniza\u00e7\u00e3o do Agroneg\u00f3cio, com apoio da CATI - Interdepend\u00eancia","og_description":"O acordo firmado permite o desenvolvimento de pesquisas aplicadas em \u00e1reas como conserva\u00e7\u00e3o, recupera\u00e7\u00e3o e educa\u00e7\u00e3o ambiental","og_url":"https:\/\/www.forumcampinas.org.br\/interdependencia\/blog\/saa-e-usp-firmam-parceria-para-descarbonizacao-do-agronegocio-com-apoio-da-cati\/","og_site_name":"Interdepend\u00eancia","og_image":[{"width":1000,"height":553,"url":"https:\/\/www.forumcampinas.org.br\/interdependencia\/wp-content\/uploads\/2024\/06\/USP-e-SAA-apostam-em-parceria-para-neutralidade-climatica.jpg","type":"image\/jpeg"}],"twitter_card":"summary_large_image","twitter_misc":{"Est. tempo de leitura":"6 minutos"},"schema":{"@context":"https:\/\/schema.org","@graph":[{"@type":"WebPage","@id":"https:\/\/www.forumcampinas.org.br\/interdependencia\/blog\/saa-e-usp-firmam-parceria-para-descarbonizacao-do-agronegocio-com-apoio-da-cati\/","url":"https:\/\/www.forumcampinas.org.br\/interdependencia\/blog\/saa-e-usp-firmam-parceria-para-descarbonizacao-do-agronegocio-com-apoio-da-cati\/","name":"SAA e USP firmam parceria para Descarboniza\u00e7\u00e3o do Agroneg\u00f3cio, com apoio da CATI - Interdepend\u00eancia","isPartOf":{"@id":"https:\/\/www.forumcampinas.org.br\/interdependencia\/#website"},"primaryImageOfPage":{"@id":"https:\/\/www.forumcampinas.org.br\/interdependencia\/blog\/saa-e-usp-firmam-parceria-para-descarbonizacao-do-agronegocio-com-apoio-da-cati\/#primaryimage"},"image":{"@id":"https:\/\/www.forumcampinas.org.br\/interdependencia\/blog\/saa-e-usp-firmam-parceria-para-descarbonizacao-do-agronegocio-com-apoio-da-cati\/#primaryimage"},"thumbnailUrl":"https:\/\/www.forumcampinas.org.br\/interdependencia\/wp-content\/uploads\/2024\/06\/USP-e-SAA-apostam-em-parceria-para-neutralidade-climatica.jpg","datePublished":"2024-06-26T19:07:39+00:00","description":"O acordo firmado permite o desenvolvimento de pesquisas aplicadas em \u00e1reas como conserva\u00e7\u00e3o, recupera\u00e7\u00e3o e educa\u00e7\u00e3o ambiental","breadcrumb":{"@id":"https:\/\/www.forumcampinas.org.br\/interdependencia\/blog\/saa-e-usp-firmam-parceria-para-descarbonizacao-do-agronegocio-com-apoio-da-cati\/#breadcrumb"},"inLanguage":"pt-BR","potentialAction":[{"@type":"ReadAction","target":["https:\/\/www.forumcampinas.org.br\/interdependencia\/blog\/saa-e-usp-firmam-parceria-para-descarbonizacao-do-agronegocio-com-apoio-da-cati\/"]}]},{"@type":"ImageObject","inLanguage":"pt-BR","@id":"https:\/\/www.forumcampinas.org.br\/interdependencia\/blog\/saa-e-usp-firmam-parceria-para-descarbonizacao-do-agronegocio-com-apoio-da-cati\/#primaryimage","url":"https:\/\/www.forumcampinas.org.br\/interdependencia\/wp-content\/uploads\/2024\/06\/USP-e-SAA-apostam-em-parceria-para-neutralidade-climatica.jpg","contentUrl":"https:\/\/www.forumcampinas.org.br\/interdependencia\/wp-content\/uploads\/2024\/06\/USP-e-SAA-apostam-em-parceria-para-neutralidade-climatica.jpg","width":1000,"height":553,"caption":"Foto: Website Secretaria de Agricultura e Abastecimento do Governo de S\u00e3o Paulo"},{"@type":"BreadcrumbList","@id":"https:\/\/www.forumcampinas.org.br\/interdependencia\/blog\/saa-e-usp-firmam-parceria-para-descarbonizacao-do-agronegocio-com-apoio-da-cati\/#breadcrumb","itemListElement":[{"@type":"ListItem","position":1,"name":"In\u00edcio","item":"https:\/\/www.forumcampinas.org.br\/interdependencia\/"},{"@type":"ListItem","position":2,"name":"Blog","item":"https:\/\/www.forumcampinas.org.br\/interdependencia\/blog\/"},{"@type":"ListItem","position":3,"name":"SAA e USP firmam parceria para Descarboniza\u00e7\u00e3o do Agroneg\u00f3cio, com apoio da CATI"}]},{"@type":"WebSite","@id":"https:\/\/www.forumcampinas.org.br\/interdependencia\/#website","url":"https:\/\/www.forumcampinas.org.br\/interdependencia\/","name":"Interdepend\u00eancia","description":"Ci\u00eancia, Tecnologia e Inova\u00e7\u00e3o e a Regi\u00e3o de Campinas","publisher":{"@id":"https:\/\/www.forumcampinas.org.br\/interdependencia\/#organization"},"potentialAction":[{"@type":"SearchAction","target":{"@type":"EntryPoint","urlTemplate":"https:\/\/www.forumcampinas.org.br\/interdependencia\/?s={search_term_string}"},"query-input":{"@type":"PropertyValueSpecification","valueRequired":true,"valueName":"search_term_string"}}],"inLanguage":"pt-BR"},{"@type":"Organization","@id":"https:\/\/www.forumcampinas.org.br\/interdependencia\/#organization","name":"Interdepend\u00eancia","url":"https:\/\/www.forumcampinas.org.br\/interdependencia\/","logo":{"@type":"ImageObject","inLanguage":"pt-BR","@id":"https:\/\/www.forumcampinas.org.br\/interdependencia\/#\/schema\/logo\/image\/","url":"https:\/\/www.forumcampinas.org.br\/interdependencia\/wp-content\/uploads\/2023\/11\/interdependencia.png","contentUrl":"https:\/\/www.forumcampinas.org.br\/interdependencia\/wp-content\/uploads\/2023\/11\/interdependencia.png","width":757,"height":195,"caption":"Interdepend\u00eancia"},"image":{"@id":"https:\/\/www.forumcampinas.org.br\/interdependencia\/#\/schema\/logo\/image\/"}}]}},"_links":{"self":[{"href":"https:\/\/www.forumcampinas.org.br\/interdependencia\/wp-json\/wp\/v2\/blog\/906","targetHints":{"allow":["GET"]}}],"collection":[{"href":"https:\/\/www.forumcampinas.org.br\/interdependencia\/wp-json\/wp\/v2\/blog"}],"about":[{"href":"https:\/\/www.forumcampinas.org.br\/interdependencia\/wp-json\/wp\/v2\/types\/blog"}],"wp:featuredmedia":[{"embeddable":true,"href":"https:\/\/www.forumcampinas.org.br\/interdependencia\/wp-json\/wp\/v2\/media\/905"}],"wp:attachment":[{"href":"https:\/\/www.forumcampinas.org.br\/interdependencia\/wp-json\/wp\/v2\/media?parent=906"}],"curies":[{"name":"wp","href":"https:\/\/api.w.org\/{rel}","templated":true}]}}