{"id":907,"date":"2024-06-26T16:14:21","date_gmt":"2024-06-26T19:14:21","guid":{"rendered":"https:\/\/www.forumcampinas.org.br\/interdependencia\/?post_type=blog&#038;p=907"},"modified":"2024-06-26T16:33:16","modified_gmt":"2024-06-26T19:33:16","slug":"nova-luz-sobre-o-acervo-do-antropologo-desiderio-aytai-no-museu-universitario-da-puc-campinas","status":"publish","type":"blog","link":"https:\/\/www.forumcampinas.org.br\/interdependencia\/blog\/nova-luz-sobre-o-acervo-do-antropologo-desiderio-aytai-no-museu-universitario-da-puc-campinas\/","title":{"rendered":"Nova luz sobre o acervo do antrop\u00f3logo Desid\u00e9rio Aytai, no Museu Universit\u00e1rio da PUC Campinas"},"content":{"rendered":"<p>A hist\u00f3ria do Museu Universit\u00e1rio da PUC Campinas tem in\u00edcio na d\u00e9cada de 1950, sob a dire\u00e7\u00e3o do Professor Alfonso Trujillo Ferrari, que promoveu uma s\u00e9rie de expedi\u00e7\u00f5es cient\u00edficas e etnogr\u00e1ficas pelo Brasil. O objetivo maior era criar o Departamento de Antropologia da universidade, o que ocorreu no ano de 1958, nas salas do andar t\u00e9rreo do P\u00e1tio dos Le\u00f5es, no Campus Central, na Rua Marechal Deodoro.<\/p>\n<figure id=\"attachment_904\" aria-describedby=\"caption-attachment-904\" style=\"width: 1000px\" class=\"wp-caption aligncenter\"><img loading=\"lazy\" decoding=\"async\" class=\"size-full wp-image-904\" src=\"https:\/\/www.forumcampinas.org.br\/interdependencia\/wp-content\/uploads\/2024\/06\/desiderio.jpg\" alt=\"\" width=\"1000\" height=\"553\" srcset=\"https:\/\/www.forumcampinas.org.br\/interdependencia\/wp-content\/uploads\/2024\/06\/desiderio.jpg 1000w, https:\/\/www.forumcampinas.org.br\/interdependencia\/wp-content\/uploads\/2024\/06\/desiderio-300x166.jpg 300w, https:\/\/www.forumcampinas.org.br\/interdependencia\/wp-content\/uploads\/2024\/06\/desiderio-768x425.jpg 768w\" sizes=\"auto, (max-width: 1000px) 100vw, 1000px\" \/><figcaption id=\"caption-attachment-904\" class=\"wp-caption-text\">Fotos: Isabela Salgado<\/figcaption><\/figure>\n<p>Em 1963, o Departamento de Antropologia passou a ser dirigido por Desid\u00e9rio Aytai (Budapeste, Hungria, 1905 \u2013 Monte Mor, S\u00e3o Paulo, Brasil, 1998), engenheiro e antrop\u00f3logo h\u00fangaro radicado no Brasil, que se tornou um dos maiores nomes no campo da etnografia no pa\u00eds. Desid\u00e9rio recebeu o convite da institui\u00e7\u00e3o para ocupar a cadeira de Antropologia do curso de Ci\u00eancias Sociais, e tamb\u00e9m a fun\u00e7\u00e3o de organizar e coordenar o Museu Universit\u00e1rio.<\/p>\n<p>No \u00faltimo dia 15 de junho, encerrou-se a exposi\u00e7\u00e3o \u201c<strong>Cartas para Sangradouro<\/strong>\u201d, no edif\u00edcio da Reitoria, que reuniu uma sele\u00e7\u00e3o de cartas, fotos, grava\u00e7\u00f5es e artefatos da cultura material dos povos <strong>Bororo e Xavante<\/strong>, coletados pelo Professor Desid\u00e9rio durante uma expedi\u00e7\u00e3o realizada em Sangradouro, no Mato Grosso. A finalidade da exposi\u00e7\u00e3o evidenciou as contribui\u00e7\u00f5es das expedi\u00e7\u00f5es cient\u00edficas realizadas pelo professor e sua equipe, resgatando a cultura desses povos <strong>e reafirmando o compromisso da PUC Campinas com o desenvolvimento cient\u00edfico na \u00e1rea das humanidades, da antropologia, das ci\u00eancias sociais<\/strong>.<\/p>\n<p>\u201c<em>A exposi\u00e7\u00e3o Cartas para Sangradouro lan\u00e7ou luz sobre a produ\u00e7\u00e3o acad\u00eamica capitaneada pelo Prof. Desid\u00e9rio Aytai, sobre a etnomusicologia, em especial entre os povos Bororo e Xavante, que pode ser considerada um dos mais representativos estudos no assunto ainda hoje, e o riqu\u00edssimo acervo deixado por Aytai ao Museu Universit\u00e1rio. Desse modo, a exposi\u00e7\u00e3o, para al\u00e9m da extrovers\u00e3o do conhecimento produzido por esse pesquisador entre as d\u00e9cadas de 1940 e 1980 (recorte temporal da exposi\u00e7\u00e3o), <strong>visava ainda instigar novas pesquisas sobre esse acervo na contemporaneidade<\/strong>, <strong>possibilitando novas leituras e a constru\u00e7\u00e3o do conhecimento e sua extrovers\u00e3o para a sociedade<\/strong><\/em>\u201d, explicou Rodrigo Luiz dos Santos, Curador e Coordenador Geral da exposi\u00e7\u00e3o e do Museu.<\/p>\n<p>A primeira expedi\u00e7\u00e3o a Sangradouro (MT), promovida pela ent\u00e3o Faculdade de Filosofia, Ci\u00eancias e Letras de Campinas, contou com a participa\u00e7\u00e3o \u00a0do ex-diretor do Centro de Mem\u00f3ria da Unicamp, Jos\u00e9 Roberto do Amaral Lapa, que narrou a expedi\u00e7\u00e3o em sua obra \u201cMiss\u00e3o do Sangradouro\u201d, publicado no ano de 1963. No livro, relatou em di\u00e1rio de campo sua experi\u00eancia e viv\u00eancia na Miss\u00e3o do Sangradouro, realizada durante o per\u00edodo de 25 de julho a 6 de agosto de 1958, a convite de Alfonso Trujillo Ferrari, na \u00e9poca professor do Departamento de Antropologia e organizador da expedi\u00e7\u00e3o.<\/p>\n<p>Houve muitas outras expedi\u00e7\u00f5es, no entanto, sob a tutela do Professor Desid\u00e9rio. Consciente da import\u00e2ncia do trabalho que desenvolvia, Desid\u00e9rio costumava arquivar no Museu as cartas que recebia &#8211; e as c\u00f3pias das que escrevia &#8211; aos seus correspondentes. A partir desse conjunto documental, \u00e9 poss\u00edvel identificar os preparativos que antecederam as expedi\u00e7\u00f5es, que ocorreram quase que anualmente, at\u00e9 meados dos anos 1980, al\u00e9m da possibilidade de mapear os contatos estabelecidos entre os mission\u00e1rios salesianos. <strong>O seu conte\u00fado revela n\u00e3o s\u00f3 os caminhos que as investiga\u00e7\u00f5es e produ\u00e7\u00f5es cient\u00edficas de Desid\u00e9rio foram direcionadas, mas tamb\u00e9m as rela\u00e7\u00f5es de afeto que foram constru\u00eddas.<\/strong><\/p>\n<p><strong>Iara Salgado, <\/strong>75 anos, ex-aluna do curso de Ci\u00eancias Sociais que visitou a exposi\u00e7\u00e3o, nos relata<strong>: <\/strong>\u201c<strong>Nunca deixei de aprender com o Professor Desid\u00e9rio, que nas aulas nos apresentava o resultado de suas pesquisas e expedi\u00e7\u00f5es. Chegamos a acompanh\u00e1-lo em Monte Mor, certa vez, e levei essa viv\u00eancia e esse conhecimento para minhas aulas mais tarde, quando tamb\u00e9m me tornei professora do ensino b\u00e1sico\u201d. <\/strong><\/p>\n<p><strong>\u00a0<\/strong><\/p>\n<p><strong>An\u00e1lise das Cer\u00e2micas do acervo do Professor Desid\u00e9rio Aytai pelo Sirius (CNPEM)<\/strong><\/p>\n<p>Atualmente, a equipe do Sirius, pertencente ao Centro Nacional de Pesquisa em Energia e Materiais (CNPEM), em conjunto com pesquisadores da Unicamp (do Instituto de Filosofia e Ci\u00eancias Humanas &#8211; IFCH) e com o Museu da cidade de Campinas, est\u00e1 realizando a an\u00e1lise das cer\u00e2micas coletadas, pertencentes ao acervo do Professor Desid\u00e9rio. <strong>\u00c9 a primeira pesquisa realizada pelo CNPEM na \u00e1rea das Humanidades<\/strong>.<\/p>\n<p>O Laborat\u00f3rio Nacional de Luz S\u00edncrotron (LNLS) possui diversas linhas de luz, incluindo a linha Carna\u00faba, que ser\u00e1 utilizada para a an\u00e1lise destas cer\u00e2micas. A utiliza\u00e7\u00e3o da tecnologia de luz s\u00edncrotron permitir\u00e1 uma <strong>investiga\u00e7\u00e3o detalhada da composi\u00e7\u00e3o dos materiais, ajudando a identificar a origem dos pigmentos e a t\u00e9cnica de manufatura utilizada pelos povos ind\u00edgenas.<\/strong> O feixe de luz s\u00edncrotron, emitidos por aceleradores de part\u00edculas s\u00e3o direcionados para os materiais, permitindo uma investiga\u00e7\u00e3o minuciosa de sua composi\u00e7\u00e3o. Com essa tecnologia, \u00e9 poss\u00edvel visualizar a estrutura interna dos materiais em escala <strong>microm\u00e9trica e nanom\u00e9trica<\/strong>, identificando elementos qu\u00edmicos e suas distribui\u00e7\u00f5es.<\/p>\n<p>O estudo das cer\u00e2micas ind\u00edgenas \u00e9 uma iniciativa pioneira que abre novas possibilidades para a aplica\u00e7\u00e3o da tecnologia de luz s\u00edncrotron em pesquisas de humanidades no LNLS. \u201c<em>O uso de recursos como a Linha de Luz Carna\u00faba permite que v\u00e1rias an\u00e1lises sejam feitas ao mesmo tempo, otimizando o uso da tecnologia e reduzindo erros espaciais<\/em>\u201d, explica Fl\u00e1via Caleffo, paleont\u00f3loga do LNLS.<\/p>\n<p>Al\u00e9m de contribuir para o conhecimento hist\u00f3rico, o projeto destaca a import\u00e2ncia da arqueologia na valoriza\u00e7\u00e3o da hist\u00f3ria dos povos ind\u00edgenas, que muitas vezes s\u00e3o marginalizados nos relatos hist\u00f3ricos tradicionais. \u201c\u00c0 medida que conhecemos os objetos que eles produziam e caracterizamos sua cultura material, podemos lan\u00e7ar luz sobre uma <strong>hist\u00f3ria que foi deixada no escuro por s\u00e9culos<\/strong>\u201d, ressalta o pesquisador da Unicamp, Felipe Noe da Silva, enfatizando a relev\u00e2ncia dessa abordagem na forma\u00e7\u00e3o de novos historiadores e arque\u00f3logos.<\/p>\n<p><strong>Para saber mais acesse os Links:<\/strong><\/p>\n<p><a href=\"https:\/\/www.puc-campinas.edu.br\/exposicao-cartas-para-sangradouro-e-aberta-na-puc-campinas\/\" target=\"_blank\" rel=\"noopener\">https:\/\/www.puc-campinas.edu.br\/ exposicao-cartas-para- sangradouro-e-aberta -na-puc-campinas\/<\/a><\/p>\n<p><a href=\"https:\/\/www.unicamp.br\/unicamp\/index.php\/ju\/683\/sirius-traz-nova-luz-sobre-historia-de-campinas\" target=\"_blank\" rel=\"noopener\">https:\/\/www.unicamp.br\/ unicamp\/index.php\/ ju\/683\/ sirius-traz-nova-luz- sobre-historia-de- campinas<\/a><\/p>\n<p><a href=\"https:\/\/www.montemor.sp.gov.br\/portal\/noticias\/0\/3\/7429\/museu-municipal-elisabeth-aytai-de-monte-mor-traz-em-exposicao-ao-publico-parte-da-trajetoria-do-antropologo-e-etnografo-desiderio-aytai\" target=\"_blank\" rel=\"noopener\">https:\/\/www.montemor.sp.gov.br\/ portal\/noticias\/0\/3\/7429\/ museu-municipal- elisabeth-aytai-de- monte-mor-traz-em- exposicao-ao-publico- parte-da-trajetoria- do-antropologo-e-etnografo- desiderio-aytai<\/a><\/p>\n<p><a href=\"https:\/\/www.puc-campinas.edu.br\/museu-anterior\/historico\/\" target=\"_blank\" rel=\"noopener\">https:\/\/www.puc-campinas.edu.br\/ museu-anterior\/historico\/<\/a><\/p>\n","protected":false},"excerpt":{"rendered":"<p>Equipe do Sirius junto com a Unicamp e com o Museu da cidade de Campinas, realizam an\u00e1lise das cer\u00e2micas coletadas pelo Prof. Desid\u00e9rio<\/p>\n","protected":false},"featured_media":904,"parent":0,"template":"","class_list":["post-907","blog","type-blog","status-publish","has-post-thumbnail","hentry"],"acf":[],"yoast_head":"<!-- This site is optimized with the Yoast SEO plugin v27.4 - https:\/\/yoast.com\/product\/yoast-seo-wordpress\/ -->\n<title>Nova luz sobre o acervo do antrop\u00f3logo Desid\u00e9rio Aytai, no Museu Universit\u00e1rio da PUC Campinas - Interdepend\u00eancia<\/title>\n<meta name=\"description\" content=\"Equipe do Sirius junto com a Unicamp e com o Museu da cidade de Campinas, realizam an\u00e1lise das cer\u00e2micas coletadas pelo Prof. Desid\u00e9rio\" \/>\n<meta name=\"robots\" content=\"index, follow, max-snippet:-1, max-image-preview:large, max-video-preview:-1\" \/>\n<link rel=\"canonical\" href=\"https:\/\/www.forumcampinas.org.br\/interdependencia\/blog\/nova-luz-sobre-o-acervo-do-antropologo-desiderio-aytai-no-museu-universitario-da-puc-campinas\/\" \/>\n<meta property=\"og:locale\" content=\"pt_BR\" \/>\n<meta property=\"og:type\" content=\"article\" \/>\n<meta property=\"og:title\" content=\"Nova luz sobre o acervo do antrop\u00f3logo Desid\u00e9rio Aytai, no Museu Universit\u00e1rio da PUC Campinas - Interdepend\u00eancia\" \/>\n<meta property=\"og:description\" content=\"Equipe do Sirius junto com a Unicamp e com o Museu da cidade de Campinas, realizam an\u00e1lise das cer\u00e2micas coletadas pelo Prof. Desid\u00e9rio\" \/>\n<meta property=\"og:url\" content=\"https:\/\/www.forumcampinas.org.br\/interdependencia\/blog\/nova-luz-sobre-o-acervo-do-antropologo-desiderio-aytai-no-museu-universitario-da-puc-campinas\/\" \/>\n<meta property=\"og:site_name\" content=\"Interdepend\u00eancia\" \/>\n<meta property=\"article:modified_time\" content=\"2024-06-26T19:33:16+00:00\" \/>\n<meta property=\"og:image\" content=\"https:\/\/www.forumcampinas.org.br\/interdependencia\/wp-content\/uploads\/2024\/06\/desiderio.jpg\" \/>\n\t<meta property=\"og:image:width\" content=\"1000\" \/>\n\t<meta property=\"og:image:height\" content=\"553\" \/>\n\t<meta property=\"og:image:type\" content=\"image\/jpeg\" \/>\n<meta name=\"twitter:card\" content=\"summary_large_image\" \/>\n<meta name=\"twitter:label1\" content=\"Est. tempo de leitura\" \/>\n\t<meta name=\"twitter:data1\" content=\"6 minutos\" \/>\n<script type=\"application\/ld+json\" class=\"yoast-schema-graph\">{\"@context\":\"https:\\\/\\\/schema.org\",\"@graph\":[{\"@type\":\"WebPage\",\"@id\":\"https:\\\/\\\/www.forumcampinas.org.br\\\/interdependencia\\\/blog\\\/nova-luz-sobre-o-acervo-do-antropologo-desiderio-aytai-no-museu-universitario-da-puc-campinas\\\/\",\"url\":\"https:\\\/\\\/www.forumcampinas.org.br\\\/interdependencia\\\/blog\\\/nova-luz-sobre-o-acervo-do-antropologo-desiderio-aytai-no-museu-universitario-da-puc-campinas\\\/\",\"name\":\"Nova luz sobre o acervo do antrop\u00f3logo Desid\u00e9rio Aytai, no Museu Universit\u00e1rio da PUC Campinas - Interdepend\u00eancia\",\"isPartOf\":{\"@id\":\"https:\\\/\\\/www.forumcampinas.org.br\\\/interdependencia\\\/#website\"},\"primaryImageOfPage\":{\"@id\":\"https:\\\/\\\/www.forumcampinas.org.br\\\/interdependencia\\\/blog\\\/nova-luz-sobre-o-acervo-do-antropologo-desiderio-aytai-no-museu-universitario-da-puc-campinas\\\/#primaryimage\"},\"image\":{\"@id\":\"https:\\\/\\\/www.forumcampinas.org.br\\\/interdependencia\\\/blog\\\/nova-luz-sobre-o-acervo-do-antropologo-desiderio-aytai-no-museu-universitario-da-puc-campinas\\\/#primaryimage\"},\"thumbnailUrl\":\"https:\\\/\\\/www.forumcampinas.org.br\\\/interdependencia\\\/wp-content\\\/uploads\\\/2024\\\/06\\\/desiderio.jpg\",\"datePublished\":\"2024-06-26T19:14:21+00:00\",\"dateModified\":\"2024-06-26T19:33:16+00:00\",\"description\":\"Equipe do Sirius junto com a Unicamp e com o Museu da cidade de Campinas, realizam an\u00e1lise das cer\u00e2micas coletadas pelo Prof. Desid\u00e9rio\",\"breadcrumb\":{\"@id\":\"https:\\\/\\\/www.forumcampinas.org.br\\\/interdependencia\\\/blog\\\/nova-luz-sobre-o-acervo-do-antropologo-desiderio-aytai-no-museu-universitario-da-puc-campinas\\\/#breadcrumb\"},\"inLanguage\":\"pt-BR\",\"potentialAction\":[{\"@type\":\"ReadAction\",\"target\":[\"https:\\\/\\\/www.forumcampinas.org.br\\\/interdependencia\\\/blog\\\/nova-luz-sobre-o-acervo-do-antropologo-desiderio-aytai-no-museu-universitario-da-puc-campinas\\\/\"]}]},{\"@type\":\"ImageObject\",\"inLanguage\":\"pt-BR\",\"@id\":\"https:\\\/\\\/www.forumcampinas.org.br\\\/interdependencia\\\/blog\\\/nova-luz-sobre-o-acervo-do-antropologo-desiderio-aytai-no-museu-universitario-da-puc-campinas\\\/#primaryimage\",\"url\":\"https:\\\/\\\/www.forumcampinas.org.br\\\/interdependencia\\\/wp-content\\\/uploads\\\/2024\\\/06\\\/desiderio.jpg\",\"contentUrl\":\"https:\\\/\\\/www.forumcampinas.org.br\\\/interdependencia\\\/wp-content\\\/uploads\\\/2024\\\/06\\\/desiderio.jpg\",\"width\":1000,\"height\":553,\"caption\":\"Fotos: Isabela Salgado\"},{\"@type\":\"BreadcrumbList\",\"@id\":\"https:\\\/\\\/www.forumcampinas.org.br\\\/interdependencia\\\/blog\\\/nova-luz-sobre-o-acervo-do-antropologo-desiderio-aytai-no-museu-universitario-da-puc-campinas\\\/#breadcrumb\",\"itemListElement\":[{\"@type\":\"ListItem\",\"position\":1,\"name\":\"In\u00edcio\",\"item\":\"https:\\\/\\\/www.forumcampinas.org.br\\\/interdependencia\\\/\"},{\"@type\":\"ListItem\",\"position\":2,\"name\":\"Blog\",\"item\":\"https:\\\/\\\/www.forumcampinas.org.br\\\/interdependencia\\\/blog\\\/\"},{\"@type\":\"ListItem\",\"position\":3,\"name\":\"Nova luz sobre o acervo do antrop\u00f3logo Desid\u00e9rio Aytai, no Museu Universit\u00e1rio da PUC Campinas\"}]},{\"@type\":\"WebSite\",\"@id\":\"https:\\\/\\\/www.forumcampinas.org.br\\\/interdependencia\\\/#website\",\"url\":\"https:\\\/\\\/www.forumcampinas.org.br\\\/interdependencia\\\/\",\"name\":\"Interdepend\u00eancia\",\"description\":\"Ci\u00eancia, Tecnologia e Inova\u00e7\u00e3o e a Regi\u00e3o de Campinas\",\"publisher\":{\"@id\":\"https:\\\/\\\/www.forumcampinas.org.br\\\/interdependencia\\\/#organization\"},\"potentialAction\":[{\"@type\":\"SearchAction\",\"target\":{\"@type\":\"EntryPoint\",\"urlTemplate\":\"https:\\\/\\\/www.forumcampinas.org.br\\\/interdependencia\\\/?s={search_term_string}\"},\"query-input\":{\"@type\":\"PropertyValueSpecification\",\"valueRequired\":true,\"valueName\":\"search_term_string\"}}],\"inLanguage\":\"pt-BR\"},{\"@type\":\"Organization\",\"@id\":\"https:\\\/\\\/www.forumcampinas.org.br\\\/interdependencia\\\/#organization\",\"name\":\"Interdepend\u00eancia\",\"url\":\"https:\\\/\\\/www.forumcampinas.org.br\\\/interdependencia\\\/\",\"logo\":{\"@type\":\"ImageObject\",\"inLanguage\":\"pt-BR\",\"@id\":\"https:\\\/\\\/www.forumcampinas.org.br\\\/interdependencia\\\/#\\\/schema\\\/logo\\\/image\\\/\",\"url\":\"https:\\\/\\\/www.forumcampinas.org.br\\\/interdependencia\\\/wp-content\\\/uploads\\\/2023\\\/11\\\/interdependencia.png\",\"contentUrl\":\"https:\\\/\\\/www.forumcampinas.org.br\\\/interdependencia\\\/wp-content\\\/uploads\\\/2023\\\/11\\\/interdependencia.png\",\"width\":757,\"height\":195,\"caption\":\"Interdepend\u00eancia\"},\"image\":{\"@id\":\"https:\\\/\\\/www.forumcampinas.org.br\\\/interdependencia\\\/#\\\/schema\\\/logo\\\/image\\\/\"}}]}<\/script>\n<!-- \/ Yoast SEO plugin. -->","yoast_head_json":{"title":"Nova luz sobre o acervo do antrop\u00f3logo Desid\u00e9rio Aytai, no Museu Universit\u00e1rio da PUC Campinas - Interdepend\u00eancia","description":"Equipe do Sirius junto com a Unicamp e com o Museu da cidade de Campinas, realizam an\u00e1lise das cer\u00e2micas coletadas pelo Prof. Desid\u00e9rio","robots":{"index":"index","follow":"follow","max-snippet":"max-snippet:-1","max-image-preview":"max-image-preview:large","max-video-preview":"max-video-preview:-1"},"canonical":"https:\/\/www.forumcampinas.org.br\/interdependencia\/blog\/nova-luz-sobre-o-acervo-do-antropologo-desiderio-aytai-no-museu-universitario-da-puc-campinas\/","og_locale":"pt_BR","og_type":"article","og_title":"Nova luz sobre o acervo do antrop\u00f3logo Desid\u00e9rio Aytai, no Museu Universit\u00e1rio da PUC Campinas - Interdepend\u00eancia","og_description":"Equipe do Sirius junto com a Unicamp e com o Museu da cidade de Campinas, realizam an\u00e1lise das cer\u00e2micas coletadas pelo Prof. Desid\u00e9rio","og_url":"https:\/\/www.forumcampinas.org.br\/interdependencia\/blog\/nova-luz-sobre-o-acervo-do-antropologo-desiderio-aytai-no-museu-universitario-da-puc-campinas\/","og_site_name":"Interdepend\u00eancia","article_modified_time":"2024-06-26T19:33:16+00:00","og_image":[{"width":1000,"height":553,"url":"https:\/\/www.forumcampinas.org.br\/interdependencia\/wp-content\/uploads\/2024\/06\/desiderio.jpg","type":"image\/jpeg"}],"twitter_card":"summary_large_image","twitter_misc":{"Est. tempo de leitura":"6 minutos"},"schema":{"@context":"https:\/\/schema.org","@graph":[{"@type":"WebPage","@id":"https:\/\/www.forumcampinas.org.br\/interdependencia\/blog\/nova-luz-sobre-o-acervo-do-antropologo-desiderio-aytai-no-museu-universitario-da-puc-campinas\/","url":"https:\/\/www.forumcampinas.org.br\/interdependencia\/blog\/nova-luz-sobre-o-acervo-do-antropologo-desiderio-aytai-no-museu-universitario-da-puc-campinas\/","name":"Nova luz sobre o acervo do antrop\u00f3logo Desid\u00e9rio Aytai, no Museu Universit\u00e1rio da PUC Campinas - Interdepend\u00eancia","isPartOf":{"@id":"https:\/\/www.forumcampinas.org.br\/interdependencia\/#website"},"primaryImageOfPage":{"@id":"https:\/\/www.forumcampinas.org.br\/interdependencia\/blog\/nova-luz-sobre-o-acervo-do-antropologo-desiderio-aytai-no-museu-universitario-da-puc-campinas\/#primaryimage"},"image":{"@id":"https:\/\/www.forumcampinas.org.br\/interdependencia\/blog\/nova-luz-sobre-o-acervo-do-antropologo-desiderio-aytai-no-museu-universitario-da-puc-campinas\/#primaryimage"},"thumbnailUrl":"https:\/\/www.forumcampinas.org.br\/interdependencia\/wp-content\/uploads\/2024\/06\/desiderio.jpg","datePublished":"2024-06-26T19:14:21+00:00","dateModified":"2024-06-26T19:33:16+00:00","description":"Equipe do Sirius junto com a Unicamp e com o Museu da cidade de Campinas, realizam an\u00e1lise das cer\u00e2micas coletadas pelo Prof. Desid\u00e9rio","breadcrumb":{"@id":"https:\/\/www.forumcampinas.org.br\/interdependencia\/blog\/nova-luz-sobre-o-acervo-do-antropologo-desiderio-aytai-no-museu-universitario-da-puc-campinas\/#breadcrumb"},"inLanguage":"pt-BR","potentialAction":[{"@type":"ReadAction","target":["https:\/\/www.forumcampinas.org.br\/interdependencia\/blog\/nova-luz-sobre-o-acervo-do-antropologo-desiderio-aytai-no-museu-universitario-da-puc-campinas\/"]}]},{"@type":"ImageObject","inLanguage":"pt-BR","@id":"https:\/\/www.forumcampinas.org.br\/interdependencia\/blog\/nova-luz-sobre-o-acervo-do-antropologo-desiderio-aytai-no-museu-universitario-da-puc-campinas\/#primaryimage","url":"https:\/\/www.forumcampinas.org.br\/interdependencia\/wp-content\/uploads\/2024\/06\/desiderio.jpg","contentUrl":"https:\/\/www.forumcampinas.org.br\/interdependencia\/wp-content\/uploads\/2024\/06\/desiderio.jpg","width":1000,"height":553,"caption":"Fotos: Isabela Salgado"},{"@type":"BreadcrumbList","@id":"https:\/\/www.forumcampinas.org.br\/interdependencia\/blog\/nova-luz-sobre-o-acervo-do-antropologo-desiderio-aytai-no-museu-universitario-da-puc-campinas\/#breadcrumb","itemListElement":[{"@type":"ListItem","position":1,"name":"In\u00edcio","item":"https:\/\/www.forumcampinas.org.br\/interdependencia\/"},{"@type":"ListItem","position":2,"name":"Blog","item":"https:\/\/www.forumcampinas.org.br\/interdependencia\/blog\/"},{"@type":"ListItem","position":3,"name":"Nova luz sobre o acervo do antrop\u00f3logo Desid\u00e9rio Aytai, no Museu Universit\u00e1rio da PUC Campinas"}]},{"@type":"WebSite","@id":"https:\/\/www.forumcampinas.org.br\/interdependencia\/#website","url":"https:\/\/www.forumcampinas.org.br\/interdependencia\/","name":"Interdepend\u00eancia","description":"Ci\u00eancia, Tecnologia e Inova\u00e7\u00e3o e a Regi\u00e3o de Campinas","publisher":{"@id":"https:\/\/www.forumcampinas.org.br\/interdependencia\/#organization"},"potentialAction":[{"@type":"SearchAction","target":{"@type":"EntryPoint","urlTemplate":"https:\/\/www.forumcampinas.org.br\/interdependencia\/?s={search_term_string}"},"query-input":{"@type":"PropertyValueSpecification","valueRequired":true,"valueName":"search_term_string"}}],"inLanguage":"pt-BR"},{"@type":"Organization","@id":"https:\/\/www.forumcampinas.org.br\/interdependencia\/#organization","name":"Interdepend\u00eancia","url":"https:\/\/www.forumcampinas.org.br\/interdependencia\/","logo":{"@type":"ImageObject","inLanguage":"pt-BR","@id":"https:\/\/www.forumcampinas.org.br\/interdependencia\/#\/schema\/logo\/image\/","url":"https:\/\/www.forumcampinas.org.br\/interdependencia\/wp-content\/uploads\/2023\/11\/interdependencia.png","contentUrl":"https:\/\/www.forumcampinas.org.br\/interdependencia\/wp-content\/uploads\/2023\/11\/interdependencia.png","width":757,"height":195,"caption":"Interdepend\u00eancia"},"image":{"@id":"https:\/\/www.forumcampinas.org.br\/interdependencia\/#\/schema\/logo\/image\/"}}]}},"_links":{"self":[{"href":"https:\/\/www.forumcampinas.org.br\/interdependencia\/wp-json\/wp\/v2\/blog\/907","targetHints":{"allow":["GET"]}}],"collection":[{"href":"https:\/\/www.forumcampinas.org.br\/interdependencia\/wp-json\/wp\/v2\/blog"}],"about":[{"href":"https:\/\/www.forumcampinas.org.br\/interdependencia\/wp-json\/wp\/v2\/types\/blog"}],"wp:featuredmedia":[{"embeddable":true,"href":"https:\/\/www.forumcampinas.org.br\/interdependencia\/wp-json\/wp\/v2\/media\/904"}],"wp:attachment":[{"href":"https:\/\/www.forumcampinas.org.br\/interdependencia\/wp-json\/wp\/v2\/media?parent=907"}],"curies":[{"name":"wp","href":"https:\/\/api.w.org\/{rel}","templated":true}]}}