{"id":914,"date":"2024-07-02T15:01:28","date_gmt":"2024-07-02T18:01:28","guid":{"rendered":"https:\/\/www.forumcampinas.org.br\/interdependencia\/?post_type=blog&#038;p=914"},"modified":"2024-07-02T15:01:28","modified_gmt":"2024-07-02T18:01:28","slug":"pos-graduacao-do-instituto-agronomico-de-campinas-celebra-25-anos-com-avancos-significativos-em-pesquisa","status":"publish","type":"blog","link":"https:\/\/www.forumcampinas.org.br\/interdependencia\/blog\/pos-graduacao-do-instituto-agronomico-de-campinas-celebra-25-anos-com-avancos-significativos-em-pesquisa\/","title":{"rendered":"P\u00f3s-Gradua\u00e7\u00e3o do Instituto Agron\u00f4mico de Campinas celebra 25 anos com avan\u00e7os significativos em pesquisa"},"content":{"rendered":"<p>Em 2024, a P\u00f3s-Gradua\u00e7\u00e3o em Agricultura Tropical e Subtropical do Instituto Agron\u00f4mico (PG-IAC) celebra 25 anos de contribui\u00e7\u00f5es relevantes para a ci\u00eancia e tecnologia no setor agr\u00edcola. Desde sua funda\u00e7\u00e3o, o programa formou 528 mestres e 101 doutores, consolidando-se como um pilar no desenvolvimento de solu\u00e7\u00f5es inovadoras para os desafios da agricultura e do meio ambiente no Brasil.<\/p>\n<figure id=\"attachment_913\" aria-describedby=\"caption-attachment-913\" style=\"width: 1000px\" class=\"wp-caption aligncenter\"><img loading=\"lazy\" decoding=\"async\" class=\"size-full wp-image-913\" src=\"https:\/\/www.forumcampinas.org.br\/interdependencia\/wp-content\/uploads\/2024\/07\/fachada-iac.jpg\" alt=\"\" width=\"1000\" height=\"553\" srcset=\"https:\/\/www.forumcampinas.org.br\/interdependencia\/wp-content\/uploads\/2024\/07\/fachada-iac.jpg 1000w, https:\/\/www.forumcampinas.org.br\/interdependencia\/wp-content\/uploads\/2024\/07\/fachada-iac-300x166.jpg 300w, https:\/\/www.forumcampinas.org.br\/interdependencia\/wp-content\/uploads\/2024\/07\/fachada-iac-768x425.jpg 768w\" sizes=\"auto, (max-width: 1000px) 100vw, 1000px\" \/><figcaption id=\"caption-attachment-913\" class=\"wp-caption-text\">Foto: Portal Campinas Inovadora<\/figcaption><\/figure>\n<p>O Programa de P\u00f3s-Gradua\u00e7\u00e3o em Agricultura Tropical e Subtropical do IAC oferece cursos de Mestrado desde 1999 e de Doutorado desde 2009, com foco na Produ\u00e7\u00e3o Agr\u00edcola Sustent\u00e1vel. Destinado \u00e0 capacita\u00e7\u00e3o, atualiza\u00e7\u00e3o e aprimoramento cient\u00edfico, tecnol\u00f3gico e inovador na \u00e1rea agron\u00f4mica, o programa destaca-se pela pesquisa aplicada voltada para a sustentabilidade agr\u00edcola e ambiental.<\/p>\n<p>Os alunos do programa atuam diretamente em projetos de pesquisa desenvolvidos na institui\u00e7\u00e3o, visando formar pesquisadores, docentes e profissionais especializados para atuar no setor agr\u00edcola. O curso possui duas linhas de pesquisa: Sistemas de Manejo e Qualidade Ambiental (SMQA) e Biotecnologia, Gen\u00e9tica e Melhoramento de Plantas (BGMP).<\/p>\n<p>E<strong>strutura do Programa de P\u00f3s-Gradua\u00e7\u00e3o do IAC<\/strong><\/p>\n<p>O programa de Mestrado tem uma dura\u00e7\u00e3o de dois anos e realiza um processo seletivo anual entre outubro e novembro, com in\u00edcio do ano letivo em mar\u00e7o. O curso de Doutorado, com dura\u00e7\u00e3o de quatro anos, possui um processo seletivo continuado. A \u00e1rea de concentra\u00e7\u00e3o em Produ\u00e7\u00e3o Agr\u00edcola Sustent\u00e1vel \u00e9 voltada para capacita\u00e7\u00e3o e inova\u00e7\u00e3o na \u00e1rea agron\u00f4mica, destacando-se pela pesquisa aplicada com foco na sustentabilidade agr\u00edcola e ambiental.<\/p>\n<p>Podem candidatar-se ao programa engenheiros agr\u00f4nomos, engenheiros agr\u00edcolas, bi\u00f3logos e outros profissionais com diplomas universit\u00e1rios que desenvolvam atividades relacionadas \u00e0s ci\u00eancias agron\u00f4micas e ambientais.<\/p>\n<h3><strong>Linhas de Pesquisa<\/strong><\/h3>\n<p><strong>Sistemas de Manejo e Qualidade Ambiental (SMQA):<\/strong> Esta linha de pesquisa visa a forma\u00e7\u00e3o dos discentes com \u00eanfase no aumento da efici\u00eancia produtiva e sustentabilidade dos sistemas de produ\u00e7\u00e3o agr\u00edcola, contribuindo para a seguran\u00e7a alimentar. Os alunos t\u00eam acesso a conhecimentos sobre climatologia, fisiologia vegetal, nutri\u00e7\u00e3o mineral e fitossanidade, al\u00e9m de temas sobre a prote\u00e7\u00e3o, conserva\u00e7\u00e3o e remedia\u00e7\u00e3o ambiental. S\u00e3o abordados conceitos de solo e clima, impacto da agricultura sobre emiss\u00f5es de gases de efeito estufa, eros\u00e3o do solo e contamina\u00e7\u00e3o por poluentes.<\/p>\n<p><strong>Biotecnologia, Gen\u00e9tica e Melhoramento de Plantas (BGMP):<\/strong> Esta linha aborda gen\u00e9tica, biotecnologia, biologia molecular e intera\u00e7\u00e3o planta-microrganismos, com foco no melhoramento gen\u00e9tico vegetal. Al\u00e9m das t\u00e9cnicas cl\u00e1ssicas de melhoramento, s\u00e3o exploradas biotecnologia, clonagem de genes, cultura de tecidos vegetais, transforma\u00e7\u00e3o de plantas e edi\u00e7\u00e3o g\u00eanica. A linha tamb\u00e9m foca na caracteriza\u00e7\u00e3o e conserva\u00e7\u00e3o de recursos gen\u00e9ticos, essenciais para o futuro do melhoramento de plantas em ambientes desafiadores.<\/p>\n<p><strong>Estudo sobre mudan\u00e7as clim\u00e1ticas e bacias hidrogr\u00e1ficas PCJ<\/strong><\/p>\n<p>Uma das pesquisas mais impactantes realizadas recentemente foi conduzida por Let\u00edcia Lopes Martins durante seu doutorado na PG-IAC. Seu estudo focou nos efeitos das mudan\u00e7as clim\u00e1ticas e das transforma\u00e7\u00f5es no uso do solo sobre a disponibilidade h\u00eddrica nas bacias dos rios Piracicaba, Capivari e Jundia\u00ed (PCJ). Os resultados indicam que as altera\u00e7\u00f5es clim\u00e1ticas podem aumentar a vaz\u00e3o m\u00e9dia das bacias em aproximadamente 30%, enquanto a disponibilidade h\u00eddrica pode sofrer uma redu\u00e7\u00e3o de 20% at\u00e9 o final do s\u00e9culo XXI.<\/p>\n<p>Essa pesquisa tamb\u00e9m gerou um aplicativo interativo (link no final da mat\u00e9ria), desenvolvido com o software R e a plataforma Shiny, que permite aos gestores de recursos h\u00eddricos acessarem dados sobre seca meteorol\u00f3gica, seca hidrol\u00f3gica, precipita\u00e7\u00e3o extrema e disponibilidade h\u00eddrica. Este recurso \u00e9 fundamental para a tomada de decis\u00f5es mais informadas e eficazes, especialmente em uma regi\u00e3o que atende 76 munic\u00edpios e uma popula\u00e7\u00e3o de 5,73 milh\u00f5es de pessoas.<\/p>\n<p>O estudo destacou a necessidade urgente de pr\u00e1ticas de conserva\u00e7\u00e3o do solo para mitigar os impactos das chuvas intensas, que se tornar\u00e3o mais frequentes e severas. Eventos de precipita\u00e7\u00e3o de 55 mm e 70 mm di\u00e1rios, por exemplo, s\u00e3o previstos para ocorrer com mais frequ\u00eancia, aumentando os riscos de eros\u00e3o e enchentes.<\/p>\n<p>\u201cA ferramenta apresenta os resultados em rela\u00e7\u00e3o \u00e0 seca meteorol\u00f3gica, seca hidrol\u00f3gica, valores de precipita\u00e7\u00e3o extrema e seu per\u00edodo de retorno e disponibilidade h\u00eddrica\u201d, explica a p\u00f3s-graduada pelo IAC.<\/p>\n<p><strong>Avan\u00e7os na conserva\u00e7\u00e3o p\u00f3s-colheita de frutos<\/strong><\/p>\n<p>Outro destaque das pesquisas do PG-IAC foi o trabalho de Julia Claudiane da Veiga, que desenvolveu uma nova tecnologia para prolongar a vida \u00fatil de frutos carnosos, como o mam\u00e3o, usando nanobiotecnologia. Em colabora\u00e7\u00e3o com a Universidade Federal do ABC (UFABC), a pesquisa resultou na patente de um m\u00e9todo de conserva\u00e7\u00e3o p\u00f3s-colheita que utiliza nanopart\u00edculas biodegrad\u00e1veis e biocompat\u00edveis contendo subst\u00e2ncias que liberam \u00f3xido n\u00edtrico.<\/p>\n<p>O \u00f3xido n\u00edtrico \u00e9 uma mol\u00e9cula importante que ajuda a retardar o amadurecimento dos frutos e prolongar sua vida \u00fatil, ao reduzir o estresse oxidativo e manter a qualidade do produto durante o armazenamento e transporte. Essa solu\u00e7\u00e3o \u00e9 essencial para facilitar o transporte e a comercializa\u00e7\u00e3o dos frutos, al\u00e9m de ser uma pr\u00e1tica sustent\u00e1vel e de baixo custo.<\/p>\n<p>\u201cEscolhi o IAC para minha carreira acad\u00eamica, mestrado e doutorado, porque o IAC possui uma reputa\u00e7\u00e3o s\u00f3lida na minha \u00e1rea de interesse, oferecendo programas reconhecidos e recursos de pesquisa avan\u00e7ados. Acredito que a estrutura curricular e o corpo docente do IAC foram ideais para o desenvolvimento da minha carreira. A proximidade com outros centros de pesquisa e a possibilidade de colabora\u00e7\u00f5es tamb\u00e9m foram fatores decisivos na minha escolha\u201d, disse Julia.<\/p>\n<p><strong>Legado e celebra\u00e7\u00e3o<\/strong><\/p>\n<p>Em seu 137\u00ba anivers\u00e1rio, o Instituto Agron\u00f4mico reafirma seu compromisso com a pesquisa de ponta e a inova\u00e7\u00e3o, destacando-se como uma das institui\u00e7\u00f5es mais importantes para a agricultura no Brasil. As recentes conquistas da PG-IAC demonstram a excel\u00eancia de seus programas e a relev\u00e2ncia de suas contribui\u00e7\u00f5es para um desenvolvimento agr\u00edcola sustent\u00e1vel e tecnol\u00f3gico.<\/p>\n<p>Com uma trajet\u00f3ria marcada por avan\u00e7os cient\u00edficos e forma\u00e7\u00e3o de profissionais altamente qualificados, a PG-IAC celebra n\u00e3o apenas um marco hist\u00f3rico, mas tamb\u00e9m um futuro promissor, continuando a influenciar positivamente o setor agr\u00edcola e a gest\u00e3o de recursos naturais no Brasil.<\/p>\n<p>Links:<\/p>\n<p><a href=\"https:\/\/www.iac.sp.gov.br\/areadoinstituto\/posgraduacao\/\" target=\"_blank\" rel=\"noopener\">https:\/\/www.iac.sp.gov.br\/areadoinstituto \/posgraduacao\/<\/a><\/p>\n<p><u><a href=\"https:\/\/www.iac.sp.gov.br\/noticiasdetalhes.php?tag=1552\" target=\"_blank\" rel=\"noopener\">https:\/\/www.iac.sp.gov.br\/ noticiasdetalhes.php?tag=1552<\/a><\/u><\/p>\n<p><a href=\"https:\/\/www.iac.sp.gov.br\/noticiasdetalhes.php?tag=1553\" target=\"_blank\" rel=\"noopener\">https:\/\/www.iac.sp.gov.br\/ noticiasdetalhes.php?tag=1553<\/a><\/p>\n<p>App:<\/p>\n<p><a href=\"https:\/\/lmkfbn-let0cia-lopes0martins.shinyapps.io\/PCJ_analysis\/\" target=\"_blank\" rel=\"noopener\">https:\/\/lmkfbn-let0cia -lopes0martins.shinyapps .io\/PCJ_analysis\/<\/a><\/p>\n","protected":false},"excerpt":{"rendered":"<p>O Programa de P\u00f3s-Gradua\u00e7\u00e3o em Agricultura Tropical e Subtropical do IAC oferece cursos de Mestrado desde 1999 e de Doutorado desde 2009<\/p>\n","protected":false},"featured_media":913,"parent":0,"template":"","class_list":["post-914","blog","type-blog","status-publish","has-post-thumbnail","hentry"],"acf":[],"yoast_head":"<!-- This site is optimized with the Yoast SEO plugin v27.4 - https:\/\/yoast.com\/product\/yoast-seo-wordpress\/ -->\n<title>P\u00f3s-Gradua\u00e7\u00e3o do Instituto Agron\u00f4mico de Campinas celebra 25 anos com avan\u00e7os significativos em pesquisa - Interdepend\u00eancia<\/title>\n<meta name=\"description\" content=\"O Programa de P\u00f3s-Gradua\u00e7\u00e3o em Agricultura Tropical e Subtropical do IAC oferece cursos de Mestrado desde 1999 e de Doutorado desde 2009\" \/>\n<meta name=\"robots\" content=\"index, follow, max-snippet:-1, max-image-preview:large, max-video-preview:-1\" \/>\n<link rel=\"canonical\" href=\"https:\/\/www.forumcampinas.org.br\/interdependencia\/blog\/pos-graduacao-do-instituto-agronomico-de-campinas-celebra-25-anos-com-avancos-significativos-em-pesquisa\/\" \/>\n<meta property=\"og:locale\" content=\"pt_BR\" \/>\n<meta property=\"og:type\" content=\"article\" \/>\n<meta property=\"og:title\" content=\"P\u00f3s-Gradua\u00e7\u00e3o do Instituto Agron\u00f4mico de Campinas celebra 25 anos com avan\u00e7os significativos em pesquisa - Interdepend\u00eancia\" \/>\n<meta property=\"og:description\" content=\"O Programa de P\u00f3s-Gradua\u00e7\u00e3o em Agricultura Tropical e Subtropical do IAC oferece cursos de Mestrado desde 1999 e de Doutorado desde 2009\" \/>\n<meta property=\"og:url\" content=\"https:\/\/www.forumcampinas.org.br\/interdependencia\/blog\/pos-graduacao-do-instituto-agronomico-de-campinas-celebra-25-anos-com-avancos-significativos-em-pesquisa\/\" \/>\n<meta property=\"og:site_name\" content=\"Interdepend\u00eancia\" \/>\n<meta property=\"og:image\" content=\"https:\/\/www.forumcampinas.org.br\/interdependencia\/wp-content\/uploads\/2024\/07\/fachada-iac.jpg\" \/>\n\t<meta property=\"og:image:width\" content=\"1000\" \/>\n\t<meta property=\"og:image:height\" content=\"553\" \/>\n\t<meta property=\"og:image:type\" content=\"image\/jpeg\" \/>\n<meta name=\"twitter:card\" content=\"summary_large_image\" \/>\n<meta name=\"twitter:label1\" content=\"Est. tempo de leitura\" \/>\n\t<meta name=\"twitter:data1\" content=\"6 minutos\" \/>\n<script type=\"application\/ld+json\" class=\"yoast-schema-graph\">{\"@context\":\"https:\\\/\\\/schema.org\",\"@graph\":[{\"@type\":\"WebPage\",\"@id\":\"https:\\\/\\\/www.forumcampinas.org.br\\\/interdependencia\\\/blog\\\/pos-graduacao-do-instituto-agronomico-de-campinas-celebra-25-anos-com-avancos-significativos-em-pesquisa\\\/\",\"url\":\"https:\\\/\\\/www.forumcampinas.org.br\\\/interdependencia\\\/blog\\\/pos-graduacao-do-instituto-agronomico-de-campinas-celebra-25-anos-com-avancos-significativos-em-pesquisa\\\/\",\"name\":\"P\u00f3s-Gradua\u00e7\u00e3o do Instituto Agron\u00f4mico de Campinas celebra 25 anos com avan\u00e7os significativos em pesquisa - Interdepend\u00eancia\",\"isPartOf\":{\"@id\":\"https:\\\/\\\/www.forumcampinas.org.br\\\/interdependencia\\\/#website\"},\"primaryImageOfPage\":{\"@id\":\"https:\\\/\\\/www.forumcampinas.org.br\\\/interdependencia\\\/blog\\\/pos-graduacao-do-instituto-agronomico-de-campinas-celebra-25-anos-com-avancos-significativos-em-pesquisa\\\/#primaryimage\"},\"image\":{\"@id\":\"https:\\\/\\\/www.forumcampinas.org.br\\\/interdependencia\\\/blog\\\/pos-graduacao-do-instituto-agronomico-de-campinas-celebra-25-anos-com-avancos-significativos-em-pesquisa\\\/#primaryimage\"},\"thumbnailUrl\":\"https:\\\/\\\/www.forumcampinas.org.br\\\/interdependencia\\\/wp-content\\\/uploads\\\/2024\\\/07\\\/fachada-iac.jpg\",\"datePublished\":\"2024-07-02T18:01:28+00:00\",\"description\":\"O Programa de P\u00f3s-Gradua\u00e7\u00e3o em Agricultura Tropical e Subtropical do IAC oferece cursos de Mestrado desde 1999 e de Doutorado desde 2009\",\"breadcrumb\":{\"@id\":\"https:\\\/\\\/www.forumcampinas.org.br\\\/interdependencia\\\/blog\\\/pos-graduacao-do-instituto-agronomico-de-campinas-celebra-25-anos-com-avancos-significativos-em-pesquisa\\\/#breadcrumb\"},\"inLanguage\":\"pt-BR\",\"potentialAction\":[{\"@type\":\"ReadAction\",\"target\":[\"https:\\\/\\\/www.forumcampinas.org.br\\\/interdependencia\\\/blog\\\/pos-graduacao-do-instituto-agronomico-de-campinas-celebra-25-anos-com-avancos-significativos-em-pesquisa\\\/\"]}]},{\"@type\":\"ImageObject\",\"inLanguage\":\"pt-BR\",\"@id\":\"https:\\\/\\\/www.forumcampinas.org.br\\\/interdependencia\\\/blog\\\/pos-graduacao-do-instituto-agronomico-de-campinas-celebra-25-anos-com-avancos-significativos-em-pesquisa\\\/#primaryimage\",\"url\":\"https:\\\/\\\/www.forumcampinas.org.br\\\/interdependencia\\\/wp-content\\\/uploads\\\/2024\\\/07\\\/fachada-iac.jpg\",\"contentUrl\":\"https:\\\/\\\/www.forumcampinas.org.br\\\/interdependencia\\\/wp-content\\\/uploads\\\/2024\\\/07\\\/fachada-iac.jpg\",\"width\":1000,\"height\":553,\"caption\":\"Foto: Portal Campinas Inovadora\"},{\"@type\":\"BreadcrumbList\",\"@id\":\"https:\\\/\\\/www.forumcampinas.org.br\\\/interdependencia\\\/blog\\\/pos-graduacao-do-instituto-agronomico-de-campinas-celebra-25-anos-com-avancos-significativos-em-pesquisa\\\/#breadcrumb\",\"itemListElement\":[{\"@type\":\"ListItem\",\"position\":1,\"name\":\"In\u00edcio\",\"item\":\"https:\\\/\\\/www.forumcampinas.org.br\\\/interdependencia\\\/\"},{\"@type\":\"ListItem\",\"position\":2,\"name\":\"Blog\",\"item\":\"https:\\\/\\\/www.forumcampinas.org.br\\\/interdependencia\\\/blog\\\/\"},{\"@type\":\"ListItem\",\"position\":3,\"name\":\"P\u00f3s-Gradua\u00e7\u00e3o do Instituto Agron\u00f4mico de Campinas celebra 25 anos com avan\u00e7os significativos em pesquisa\"}]},{\"@type\":\"WebSite\",\"@id\":\"https:\\\/\\\/www.forumcampinas.org.br\\\/interdependencia\\\/#website\",\"url\":\"https:\\\/\\\/www.forumcampinas.org.br\\\/interdependencia\\\/\",\"name\":\"Interdepend\u00eancia\",\"description\":\"Ci\u00eancia, Tecnologia e Inova\u00e7\u00e3o e a Regi\u00e3o de Campinas\",\"publisher\":{\"@id\":\"https:\\\/\\\/www.forumcampinas.org.br\\\/interdependencia\\\/#organization\"},\"potentialAction\":[{\"@type\":\"SearchAction\",\"target\":{\"@type\":\"EntryPoint\",\"urlTemplate\":\"https:\\\/\\\/www.forumcampinas.org.br\\\/interdependencia\\\/?s={search_term_string}\"},\"query-input\":{\"@type\":\"PropertyValueSpecification\",\"valueRequired\":true,\"valueName\":\"search_term_string\"}}],\"inLanguage\":\"pt-BR\"},{\"@type\":\"Organization\",\"@id\":\"https:\\\/\\\/www.forumcampinas.org.br\\\/interdependencia\\\/#organization\",\"name\":\"Interdepend\u00eancia\",\"url\":\"https:\\\/\\\/www.forumcampinas.org.br\\\/interdependencia\\\/\",\"logo\":{\"@type\":\"ImageObject\",\"inLanguage\":\"pt-BR\",\"@id\":\"https:\\\/\\\/www.forumcampinas.org.br\\\/interdependencia\\\/#\\\/schema\\\/logo\\\/image\\\/\",\"url\":\"https:\\\/\\\/www.forumcampinas.org.br\\\/interdependencia\\\/wp-content\\\/uploads\\\/2023\\\/11\\\/interdependencia.png\",\"contentUrl\":\"https:\\\/\\\/www.forumcampinas.org.br\\\/interdependencia\\\/wp-content\\\/uploads\\\/2023\\\/11\\\/interdependencia.png\",\"width\":757,\"height\":195,\"caption\":\"Interdepend\u00eancia\"},\"image\":{\"@id\":\"https:\\\/\\\/www.forumcampinas.org.br\\\/interdependencia\\\/#\\\/schema\\\/logo\\\/image\\\/\"}}]}<\/script>\n<!-- \/ Yoast SEO plugin. -->","yoast_head_json":{"title":"P\u00f3s-Gradua\u00e7\u00e3o do Instituto Agron\u00f4mico de Campinas celebra 25 anos com avan\u00e7os significativos em pesquisa - Interdepend\u00eancia","description":"O Programa de P\u00f3s-Gradua\u00e7\u00e3o em Agricultura Tropical e Subtropical do IAC oferece cursos de Mestrado desde 1999 e de Doutorado desde 2009","robots":{"index":"index","follow":"follow","max-snippet":"max-snippet:-1","max-image-preview":"max-image-preview:large","max-video-preview":"max-video-preview:-1"},"canonical":"https:\/\/www.forumcampinas.org.br\/interdependencia\/blog\/pos-graduacao-do-instituto-agronomico-de-campinas-celebra-25-anos-com-avancos-significativos-em-pesquisa\/","og_locale":"pt_BR","og_type":"article","og_title":"P\u00f3s-Gradua\u00e7\u00e3o do Instituto Agron\u00f4mico de Campinas celebra 25 anos com avan\u00e7os significativos em pesquisa - Interdepend\u00eancia","og_description":"O Programa de P\u00f3s-Gradua\u00e7\u00e3o em Agricultura Tropical e Subtropical do IAC oferece cursos de Mestrado desde 1999 e de Doutorado desde 2009","og_url":"https:\/\/www.forumcampinas.org.br\/interdependencia\/blog\/pos-graduacao-do-instituto-agronomico-de-campinas-celebra-25-anos-com-avancos-significativos-em-pesquisa\/","og_site_name":"Interdepend\u00eancia","og_image":[{"width":1000,"height":553,"url":"https:\/\/www.forumcampinas.org.br\/interdependencia\/wp-content\/uploads\/2024\/07\/fachada-iac.jpg","type":"image\/jpeg"}],"twitter_card":"summary_large_image","twitter_misc":{"Est. tempo de leitura":"6 minutos"},"schema":{"@context":"https:\/\/schema.org","@graph":[{"@type":"WebPage","@id":"https:\/\/www.forumcampinas.org.br\/interdependencia\/blog\/pos-graduacao-do-instituto-agronomico-de-campinas-celebra-25-anos-com-avancos-significativos-em-pesquisa\/","url":"https:\/\/www.forumcampinas.org.br\/interdependencia\/blog\/pos-graduacao-do-instituto-agronomico-de-campinas-celebra-25-anos-com-avancos-significativos-em-pesquisa\/","name":"P\u00f3s-Gradua\u00e7\u00e3o do Instituto Agron\u00f4mico de Campinas celebra 25 anos com avan\u00e7os significativos em pesquisa - Interdepend\u00eancia","isPartOf":{"@id":"https:\/\/www.forumcampinas.org.br\/interdependencia\/#website"},"primaryImageOfPage":{"@id":"https:\/\/www.forumcampinas.org.br\/interdependencia\/blog\/pos-graduacao-do-instituto-agronomico-de-campinas-celebra-25-anos-com-avancos-significativos-em-pesquisa\/#primaryimage"},"image":{"@id":"https:\/\/www.forumcampinas.org.br\/interdependencia\/blog\/pos-graduacao-do-instituto-agronomico-de-campinas-celebra-25-anos-com-avancos-significativos-em-pesquisa\/#primaryimage"},"thumbnailUrl":"https:\/\/www.forumcampinas.org.br\/interdependencia\/wp-content\/uploads\/2024\/07\/fachada-iac.jpg","datePublished":"2024-07-02T18:01:28+00:00","description":"O Programa de P\u00f3s-Gradua\u00e7\u00e3o em Agricultura Tropical e Subtropical do IAC oferece cursos de Mestrado desde 1999 e de Doutorado desde 2009","breadcrumb":{"@id":"https:\/\/www.forumcampinas.org.br\/interdependencia\/blog\/pos-graduacao-do-instituto-agronomico-de-campinas-celebra-25-anos-com-avancos-significativos-em-pesquisa\/#breadcrumb"},"inLanguage":"pt-BR","potentialAction":[{"@type":"ReadAction","target":["https:\/\/www.forumcampinas.org.br\/interdependencia\/blog\/pos-graduacao-do-instituto-agronomico-de-campinas-celebra-25-anos-com-avancos-significativos-em-pesquisa\/"]}]},{"@type":"ImageObject","inLanguage":"pt-BR","@id":"https:\/\/www.forumcampinas.org.br\/interdependencia\/blog\/pos-graduacao-do-instituto-agronomico-de-campinas-celebra-25-anos-com-avancos-significativos-em-pesquisa\/#primaryimage","url":"https:\/\/www.forumcampinas.org.br\/interdependencia\/wp-content\/uploads\/2024\/07\/fachada-iac.jpg","contentUrl":"https:\/\/www.forumcampinas.org.br\/interdependencia\/wp-content\/uploads\/2024\/07\/fachada-iac.jpg","width":1000,"height":553,"caption":"Foto: Portal Campinas Inovadora"},{"@type":"BreadcrumbList","@id":"https:\/\/www.forumcampinas.org.br\/interdependencia\/blog\/pos-graduacao-do-instituto-agronomico-de-campinas-celebra-25-anos-com-avancos-significativos-em-pesquisa\/#breadcrumb","itemListElement":[{"@type":"ListItem","position":1,"name":"In\u00edcio","item":"https:\/\/www.forumcampinas.org.br\/interdependencia\/"},{"@type":"ListItem","position":2,"name":"Blog","item":"https:\/\/www.forumcampinas.org.br\/interdependencia\/blog\/"},{"@type":"ListItem","position":3,"name":"P\u00f3s-Gradua\u00e7\u00e3o do Instituto Agron\u00f4mico de Campinas celebra 25 anos com avan\u00e7os significativos em pesquisa"}]},{"@type":"WebSite","@id":"https:\/\/www.forumcampinas.org.br\/interdependencia\/#website","url":"https:\/\/www.forumcampinas.org.br\/interdependencia\/","name":"Interdepend\u00eancia","description":"Ci\u00eancia, Tecnologia e Inova\u00e7\u00e3o e a Regi\u00e3o de Campinas","publisher":{"@id":"https:\/\/www.forumcampinas.org.br\/interdependencia\/#organization"},"potentialAction":[{"@type":"SearchAction","target":{"@type":"EntryPoint","urlTemplate":"https:\/\/www.forumcampinas.org.br\/interdependencia\/?s={search_term_string}"},"query-input":{"@type":"PropertyValueSpecification","valueRequired":true,"valueName":"search_term_string"}}],"inLanguage":"pt-BR"},{"@type":"Organization","@id":"https:\/\/www.forumcampinas.org.br\/interdependencia\/#organization","name":"Interdepend\u00eancia","url":"https:\/\/www.forumcampinas.org.br\/interdependencia\/","logo":{"@type":"ImageObject","inLanguage":"pt-BR","@id":"https:\/\/www.forumcampinas.org.br\/interdependencia\/#\/schema\/logo\/image\/","url":"https:\/\/www.forumcampinas.org.br\/interdependencia\/wp-content\/uploads\/2023\/11\/interdependencia.png","contentUrl":"https:\/\/www.forumcampinas.org.br\/interdependencia\/wp-content\/uploads\/2023\/11\/interdependencia.png","width":757,"height":195,"caption":"Interdepend\u00eancia"},"image":{"@id":"https:\/\/www.forumcampinas.org.br\/interdependencia\/#\/schema\/logo\/image\/"}}]}},"_links":{"self":[{"href":"https:\/\/www.forumcampinas.org.br\/interdependencia\/wp-json\/wp\/v2\/blog\/914","targetHints":{"allow":["GET"]}}],"collection":[{"href":"https:\/\/www.forumcampinas.org.br\/interdependencia\/wp-json\/wp\/v2\/blog"}],"about":[{"href":"https:\/\/www.forumcampinas.org.br\/interdependencia\/wp-json\/wp\/v2\/types\/blog"}],"wp:featuredmedia":[{"embeddable":true,"href":"https:\/\/www.forumcampinas.org.br\/interdependencia\/wp-json\/wp\/v2\/media\/913"}],"wp:attachment":[{"href":"https:\/\/www.forumcampinas.org.br\/interdependencia\/wp-json\/wp\/v2\/media?parent=914"}],"curies":[{"name":"wp","href":"https:\/\/api.w.org\/{rel}","templated":true}]}}