{"id":921,"date":"2024-07-11T08:14:51","date_gmt":"2024-07-11T11:14:51","guid":{"rendered":"https:\/\/www.forumcampinas.org.br\/interdependencia\/?post_type=blog&#038;p=921"},"modified":"2024-07-11T12:36:28","modified_gmt":"2024-07-11T15:36:28","slug":"cesar-lattes-um-pioneiro-da-fisica-brasileira-e-sua-relevancia-internacional","status":"publish","type":"blog","link":"https:\/\/www.forumcampinas.org.br\/interdependencia\/blog\/cesar-lattes-um-pioneiro-da-fisica-brasileira-e-sua-relevancia-internacional\/","title":{"rendered":"Cesar Lattes: Um Pioneiro da F\u00edsica Brasileira e Sua Relev\u00e2ncia Internacional"},"content":{"rendered":"<p><strong>Ascens\u00e3o e Reconhecimento Internacional<\/strong><\/p>\n<p>Nascido em 11 de julho de 1924 em Curitiba, Cesar Lattes \u00e9 uma figura ic\u00f4nica na hist\u00f3ria da ci\u00eancia brasileira e mundial. Ainda jovem, Lattes demonstrou uma curiosidade insaci\u00e1vel e um profundo interesse pela f\u00edsica. Sua jornada acad\u00eamica e cient\u00edfica o levou a se destacar internacionalmente, especialmente devido \u00e0s suas contribui\u00e7\u00f5es pioneiras no campo da f\u00edsica de part\u00edculas.<\/p>\n<figure id=\"attachment_920\" aria-describedby=\"caption-attachment-920\" style=\"width: 1000px\" class=\"wp-caption aligncenter\"><img loading=\"lazy\" decoding=\"async\" class=\"size-full wp-image-920\" src=\"https:\/\/www.forumcampinas.org.br\/interdependencia\/wp-content\/uploads\/2024\/07\/Cesar-Lattes.jpg\" alt=\"\" width=\"1000\" height=\"553\" srcset=\"https:\/\/www.forumcampinas.org.br\/interdependencia\/wp-content\/uploads\/2024\/07\/Cesar-Lattes.jpg 1000w, https:\/\/www.forumcampinas.org.br\/interdependencia\/wp-content\/uploads\/2024\/07\/Cesar-Lattes-300x166.jpg 300w, https:\/\/www.forumcampinas.org.br\/interdependencia\/wp-content\/uploads\/2024\/07\/Cesar-Lattes-768x425.jpg 768w\" sizes=\"auto, (max-width: 1000px) 100vw, 1000px\" \/><figcaption id=\"caption-attachment-920\" class=\"wp-caption-text\">Foto: Unicamp\/ Arquivo. Reprodu\u00e7\u00e3o<\/figcaption><\/figure>\n<p>Durante seus estudos na Universidade de S\u00e3o Paulo (USP), Lattes foi introduzido ao grupo de pesquisa liderado por Cecil Powell, um renomado f\u00edsico brit\u00e2nico. Powell e seu grupo estavam investigando os efeitos dos raios c\u00f3smicos e suas intera\u00e7\u00f5es com a mat\u00e9ria. A participa\u00e7\u00e3o de Lattes neste grupo foi um marco crucial em sua carreira, proporcionando-lhe a oportunidade de contribuir significativamente para a f\u00edsica de part\u00edculas.<\/p>\n<p>Os experimentos pioneiros de Cesar Lattes com raios c\u00f3smicos foram fundamentais para a descoberta do m\u00e9son pi, uma part\u00edcula subat\u00f4mica essencial na f\u00edsica nuclear. Essa descoberta confirmou a teoria do f\u00edsico japon\u00eas Hideki Yukawa, que havia proposto a exist\u00eancia do m\u00e9son pi em 1935. O trabalho de Lattes nesse campo n\u00e3o apenas abriu caminho para a f\u00edsica de part\u00edculas elementares, como tamb\u00e9m foi um marco significativo na f\u00edsica de altas energias.<\/p>\n<p>Um instante, mas o que \u00e9 o m\u00e9son pi? Vamos l\u00e1&#8230; Primeiramente, pare para pensar sobre a estrutura de um \u00e1tomo: ele \u00e9 constitu\u00eddo por uma eletrosfera com el\u00e9trons (part\u00edculas carregadas negativamente) e um n\u00facleo composto por n\u00eautrons (part\u00edculas neutras) e pr\u00f3tons (part\u00edculas carregadas positivamente). Como \u00e9 poss\u00edvel que o n\u00facleo at\u00f4mico n\u00e3o sofra repuls\u00e3o? Afinal, ele \u00e9 formado por part\u00edculas de cargas semelhantes!<\/p>\n<p>Bom, para isso vamos entender alguns conceitos!<\/p>\n<p>Os f\u00f3tons s\u00e3o mensageiros das for\u00e7as eletromagn\u00e9ticas, respons\u00e1veis por causar tanto atra\u00e7\u00e3o quanto repuls\u00e3o entre part\u00edculas carregadas eletricamente \u2014 como diz o ditado, &#8220;os opostos se atraem e os iguais se repelem&#8221;. Por outro lado, os m\u00e9sons pi desempenham um papel crucial na intera\u00e7\u00e3o forte, que \u00e9 respons\u00e1vel pela coes\u00e3o dos pr\u00f3tons e n\u00eautrons no n\u00facleo at\u00f4mico. Enquanto os f\u00f3tons regem as intera\u00e7\u00f5es eletromagn\u00e9ticas que s\u00e3o vitais para a qu\u00edmica das subst\u00e2ncias e os fen\u00f4menos de luz e calor que observamos diariamente, os m\u00e9sons pi exercem o papel oposto ao facilitar a forte atra\u00e7\u00e3o entre as part\u00edculas nucleares, garantindo a estabilidade e coes\u00e3o dos n\u00facleos at\u00f4micos.<\/p>\n<p>Em 1947, a descoberta do m\u00e9son pi foi um dos momentos culminantes na carreira de Lattes. Apesar de ser um dos autores do artigo que comprovou sua exist\u00eancia, Lattes n\u00e3o recebeu o Pr\u00eamio Nobel de F\u00edsica de 1950, que foi concedido a Cecil Powell, l\u00edder do grupo de pesquisa, mas que n\u00e3o participou efetivamente da pesquisa. A exclus\u00e3o de Lattes do pr\u00eamio gerou controv\u00e9rsias, especialmente porque ele era considerado um cientista jovem e vinha de um pa\u00eds com pouca tradi\u00e7\u00e3o cient\u00edfica. No entanto, entre 1949 e 1964, Lattes foi indicado sete vezes ao Nobel de F\u00edsica, evidenciando seu impacto significativo na comunidade cient\u00edfica internacional.<\/p>\n<p>Em 2005, ano de sua morte, Lattes concedeu uma de suas \u00faltimas entrevistas para Daniel Azevedo, e falou sobre sua percep\u00e7\u00e3o sobre suas indica\u00e7\u00f5es ao pr\u00eamio Nobel: \u201cApesar de a comiss\u00e3o julgadora ser formada por ingleses, acredito que n\u00e3o foi minha nacionalidade que pesou na decis\u00e3o do vencedor. Tanto na descoberta do m\u00e9son pi, em 1946, como na sua cria\u00e7\u00e3o artificial, em 1948, tive colabora\u00e7\u00e3o do Giuseppe Occhialini. Quem deveria ter ganho era ele. E, em 1950, quem levou o pr\u00eamio foi o Cecil Powell, que tamb\u00e9m participou do trabalho. Mas deixa isso para l\u00e1. Esses pr\u00eamios grandiosos n\u00e3o ajudam a ci\u00eancia.\u201d<\/p>\n<p><strong>Contribui\u00e7\u00f5es ao Desenvolvimento Cient\u00edfico no Brasil<\/strong><\/p>\n<p>O legado de Cesar Lattes vai al\u00e9m de suas descobertas no campo da f\u00edsica. Ele foi fundamental na cria\u00e7\u00e3o de institui\u00e7\u00f5es-chave que moldaram o cen\u00e1rio cient\u00edfico brasileiro. Entre suas contribui\u00e7\u00f5es mais not\u00e1veis est\u00e3o a funda\u00e7\u00e3o do Centro Brasileiro de Pesquisas F\u00edsicas (CBPF) e o Conselho Nacional de Desenvolvimento Cient\u00edfico e Tecnol\u00f3gico (CNPq).<\/p>\n<p>O CBPF, fundado em 1949, tornou-se um dos principais centros de pesquisa em f\u00edsica no Brasil, atraindo cientistas de todo o mundo e promovendo o avan\u00e7o do conhecimento cient\u00edfico no pa\u00eds. Lattes desempenhou um papel central na sua cria\u00e7\u00e3o, ajudando a consolidar o CBPF como um n\u00facleo de excel\u00eancia em pesquisa cient\u00edfica.<\/p>\n<p>Em 1951, Lattes tamb\u00e9m foi crucial na cria\u00e7\u00e3o do CNPq, uma institui\u00e7\u00e3o governamental destinada a promover o desenvolvimento da ci\u00eancia e tecnologia no Brasil. O CNPq tem sido um pilar no financiamento de pesquisas, na forma\u00e7\u00e3o de novos cientistas e na consolida\u00e7\u00e3o do Brasil como um ator relevante no cen\u00e1rio cient\u00edfico global.<\/p>\n<p><strong>Plataforma Lattes: Um Legado Duradouro<\/strong><\/p>\n<p>Em homenagem ao seu papel fundamental na ci\u00eancia brasileira, o nome de Cesar Lattes foi dado \u00e0 Plataforma Lattes, um sistema de curr\u00edculos que se tornou um modelo de excel\u00eancia na documenta\u00e7\u00e3o e dissemina\u00e7\u00e3o da produ\u00e7\u00e3o cient\u00edfica no Brasil. Lan\u00e7ada em 1999, a Plataforma Lattes \u00e9 um dos principais bancos de informa\u00e7\u00f5es sobre a carreira de cientistas, pesquisadores e estudantes no pa\u00eds.<\/p>\n<p>Com mais de oito milh\u00f5es de curr\u00edculos registrados, a plataforma organiza e disponibiliza dados sobre pesquisas, grupos de estudo e institui\u00e7\u00f5es de Ci\u00eancia e Tecnologia (C&amp;T). Essa ferramenta n\u00e3o apenas preserva de forma sistematizada d\u00e9cadas de progresso cient\u00edfico nacional, mas tamb\u00e9m facilita o planejamento, a gest\u00e3o e a operacionaliza\u00e7\u00e3o do fomento a n\u00edvel federal e estadual. A import\u00e2ncia da Plataforma Lattes \u00e9 reconhecida internacionalmente, sendo citada pela revista cient\u00edfica Nature como um exemplo poderoso de boas pr\u00e1ticas e um dos bancos de dados de pesquisadores mais limpos que existem.<\/p>\n<p><strong><em>\u201cA Ci\u00eancia n\u00e3o pode prever o que vai acontecer. S\u00f3 pode calcular a probabilidade de alguma coisa acontecer\u201d. Cesar Lattes.<\/em><\/strong><\/p>\n<p><strong>Reconhecimento P\u00f3stumo<\/strong><\/p>\n<p>A Associated Press, uma das maiores e mais respeitadas ag\u00eancias de not\u00edcias do mundo, reconheceu a import\u00e2ncia das contribui\u00e7\u00f5es de Lattes, refor\u00e7ando seu impacto global. A AP, conhecida por sua cobertura abrangente e imparcial de eventos globais, destacou Lattes como um dos cientistas mais importantes do s\u00e9culo XX.<\/p>\n<p>Cesar Lattes tamb\u00e9m \u00e9 uma das poucas figuras brasileiras a ser inclu\u00edda em importantes obras de refer\u00eancia cient\u00edfica. A <strong>Biographical Encyclopedia of Science and Technology de Isaac Asimov<\/strong> \u00e9 uma enciclop\u00e9dia que re\u00fane biografias de cientistas e tecn\u00f3logos que fizeram contribui\u00e7\u00f5es significativas em suas \u00e1reas. Estar inclu\u00eddo nesta obra indica um reconhecimento duradouro e uma valoriza\u00e7\u00e3o das realiza\u00e7\u00f5es cient\u00edficas de Lattes.<\/p>\n<p>A <strong>Encyclop\u00e6dia Britannica<\/strong> \u00e9 uma das mais antigas e respeitadas enciclop\u00e9dias em l\u00edngua inglesa, conhecida por sua abrang\u00eancia e precis\u00e3o. A presen\u00e7a de Lattes nesta enciclop\u00e9dia destaca a import\u00e2ncia de suas contribui\u00e7\u00f5es no contexto global.<\/p>\n<p>O <strong>Oxford Companion to the History of Modern Science<\/strong> \u00e9 uma refer\u00eancia que oferece uma vis\u00e3o abrangente da hist\u00f3ria da ci\u00eancia moderna, cobrindo desenvolvimentos cient\u00edficos significativos e seus impactos. A inclus\u00e3o de Lattes nesta obra sublinha a relev\u00e2ncia hist\u00f3rica de suas descobertas e sua influ\u00eancia duradoura no campo da ci\u00eancia.<\/p>\n<p><strong>Celebra\u00e7\u00e3o de um Legado<\/strong><\/p>\n<p>Em 2024, celebramos o centen\u00e1rio de nascimento de Cesar Lattes e os 25 anos da Plataforma Lattes. Essas datas comemorativas s\u00e3o um tributo \u00e0 vida e ao trabalho de um dos cientistas mais influentes do Brasil, cuja hist\u00f3ria est\u00e1 intimamente ligada ao progresso cient\u00edfico nacional. O impacto de Cesar Lattes na f\u00edsica e na ci\u00eancia brasileira \u00e9 imensur\u00e1vel. Seu legado continua a inspirar novas gera\u00e7\u00f5es de cientistas e a fortalecer a posi\u00e7\u00e3o do Brasil no cen\u00e1rio cient\u00edfico global. A hist\u00f3ria de Lattes \u00e9 um testemunho de como a paix\u00e3o pela ci\u00eancia e a dedica\u00e7\u00e3o podem transformar o mundo, deixando um legado duradouro que transcende fronteiras e gera\u00e7\u00f5es.<\/p>\n<p>Em sua entrevista em 2005, Lattes deixou uma mensagem que representa sua curiosidade inata, a busca por conhecimento cont\u00ednuo e fomento da ci\u00eancia no Brasil. Questionado sobre o que falta a f\u00edsica descobrir, ele respondeu: \u201cEm rela\u00e7\u00e3o ao que ainda est\u00e1 a\u00ed para ser descoberto, falta tudo.\u201d<\/p>\n<p><strong>Arquivo Central do Sistema de Arquivos da Unicamp<\/strong><\/p>\n<p>O Arquivo Central do Sistema de Arquivos da Unicamp (SIARQ) \u00e9 uma iniciativa importante para preservar a hist\u00f3ria cient\u00edfica do Brasil, incluindo o legado de Cesar Lattes e pode ser consultado gratuitamente. O SIARQ centraliza documentos, registros e informa\u00e7\u00f5es relevantes para a mem\u00f3ria institucional da Universidade Estadual de Campinas (Unicamp), destacando contribui\u00e7\u00f5es significativas como as de Lattes para futuras gera\u00e7\u00f5es de cientistas e pesquisadores. Cesar Lattes foi Professor Titular da Unicamp, no Instituto de F\u00edsica Gleb Wataghin (1967-1986). Recebeu o T\u00edtulo de Professor Em\u00e9rito da Institui\u00e7\u00e3o no ano de sua aposentadoria. Faleceu em 2005.<\/p>\n<p>Links:<br \/>\n<a href=\"https:\/\/www.siarq.unicamp.br\/lattes\/noticia_revista_super.html#:~:text=Por%20volta%20de%201946%2C%20eu,haveria%20liga%C3%A7%C3%A3o%20no%20n%C3%BAcleo%20at%C3%B4mico\" target=\"_blank\" rel=\"noopener\">https:\/\/www.siarq.unicamp.br\/lattes\/ noticia_revista_super.html#:~:text =Por%20volta%20de%201946%2C%20eu, haveria%20liga%C3%A7%C3%A3o %20no%20n%C3%BA cleo%20at%C3%B4mico<\/a>.<\/p>\n<p><a href=\"https:\/\/www.siarq.unicamp.br\/lattes\/apresentacao.html\" target=\"_blank\" rel=\"noopener\">https:\/\/www.siarq.unicamp.br\/ lattes\/apresentacao.html<\/a><\/p>\n<p><a href=\"https:\/\/revistacienciaecultura.org.br\/?p=5579\" target=\"_blank\" rel=\"noopener\">https:\/\/revistacienciaecultura.org.br\/ ?p=5579<\/a><\/p>\n<p><a href=\"https:\/\/doodles.google\/doodle\/celebrating-cesar-lattes\/\" target=\"_blank\" rel=\"noopener\">https:\/\/doodles.google \/doodle \/celebrating-cesar-lattes\/<\/a><\/p>\n<p><a href=\"https:\/\/youtu.be\/gMRN7ide1XQ?si=7zAMsHmpcKO0fGxN\" target=\"_blank\" rel=\"noopener\">https:\/\/youtu.be\/ gMRN7ide1XQ? si=7zAMsHmpcKO0fGxN<\/a><\/p>\n","protected":false},"excerpt":{"rendered":"<p>\u00cdcone hist\u00f3rico da ci\u00eancia brasileira e mundial se destacou internacionalmente por suas contribui\u00e7\u00f5es no campo da f\u00edsica de part\u00edculas<\/p>\n","protected":false},"featured_media":920,"parent":0,"template":"","class_list":["post-921","blog","type-blog","status-publish","has-post-thumbnail","hentry"],"acf":[],"yoast_head":"<!-- This site is optimized with the Yoast SEO plugin v27.4 - https:\/\/yoast.com\/product\/yoast-seo-wordpress\/ -->\n<title>Cesar Lattes: Um Pioneiro da F\u00edsica Brasileira e Sua Relev\u00e2ncia Internacional - Interdepend\u00eancia<\/title>\n<meta name=\"description\" content=\"\u00cdcone hist\u00f3rico da ci\u00eancia brasileira e mundial se destacou internacionalmente por suas contribui\u00e7\u00f5es no campo da f\u00edsica de part\u00edculas\" \/>\n<meta name=\"robots\" content=\"index, follow, max-snippet:-1, max-image-preview:large, max-video-preview:-1\" \/>\n<link rel=\"canonical\" href=\"https:\/\/www.forumcampinas.org.br\/interdependencia\/blog\/cesar-lattes-um-pioneiro-da-fisica-brasileira-e-sua-relevancia-internacional\/\" \/>\n<meta property=\"og:locale\" content=\"pt_BR\" \/>\n<meta property=\"og:type\" content=\"article\" \/>\n<meta property=\"og:title\" content=\"Cesar Lattes: Um Pioneiro da F\u00edsica Brasileira e Sua Relev\u00e2ncia Internacional - Interdepend\u00eancia\" \/>\n<meta property=\"og:description\" content=\"\u00cdcone hist\u00f3rico da ci\u00eancia brasileira e mundial se destacou internacionalmente por suas contribui\u00e7\u00f5es no campo da f\u00edsica de part\u00edculas\" \/>\n<meta property=\"og:url\" content=\"https:\/\/www.forumcampinas.org.br\/interdependencia\/blog\/cesar-lattes-um-pioneiro-da-fisica-brasileira-e-sua-relevancia-internacional\/\" \/>\n<meta property=\"og:site_name\" content=\"Interdepend\u00eancia\" \/>\n<meta property=\"article:modified_time\" content=\"2024-07-11T15:36:28+00:00\" \/>\n<meta property=\"og:image\" content=\"https:\/\/www.forumcampinas.org.br\/interdependencia\/wp-content\/uploads\/2024\/07\/Cesar-Lattes.jpg\" \/>\n\t<meta property=\"og:image:width\" content=\"1000\" \/>\n\t<meta property=\"og:image:height\" content=\"553\" \/>\n\t<meta property=\"og:image:type\" content=\"image\/jpeg\" \/>\n<meta name=\"twitter:card\" content=\"summary_large_image\" \/>\n<meta name=\"twitter:label1\" content=\"Est. tempo de leitura\" \/>\n\t<meta name=\"twitter:data1\" content=\"9 minutos\" \/>\n<script type=\"application\/ld+json\" class=\"yoast-schema-graph\">{\"@context\":\"https:\\\/\\\/schema.org\",\"@graph\":[{\"@type\":\"WebPage\",\"@id\":\"https:\\\/\\\/www.forumcampinas.org.br\\\/interdependencia\\\/blog\\\/cesar-lattes-um-pioneiro-da-fisica-brasileira-e-sua-relevancia-internacional\\\/\",\"url\":\"https:\\\/\\\/www.forumcampinas.org.br\\\/interdependencia\\\/blog\\\/cesar-lattes-um-pioneiro-da-fisica-brasileira-e-sua-relevancia-internacional\\\/\",\"name\":\"Cesar Lattes: Um Pioneiro da F\u00edsica Brasileira e Sua Relev\u00e2ncia Internacional - Interdepend\u00eancia\",\"isPartOf\":{\"@id\":\"https:\\\/\\\/www.forumcampinas.org.br\\\/interdependencia\\\/#website\"},\"primaryImageOfPage\":{\"@id\":\"https:\\\/\\\/www.forumcampinas.org.br\\\/interdependencia\\\/blog\\\/cesar-lattes-um-pioneiro-da-fisica-brasileira-e-sua-relevancia-internacional\\\/#primaryimage\"},\"image\":{\"@id\":\"https:\\\/\\\/www.forumcampinas.org.br\\\/interdependencia\\\/blog\\\/cesar-lattes-um-pioneiro-da-fisica-brasileira-e-sua-relevancia-internacional\\\/#primaryimage\"},\"thumbnailUrl\":\"https:\\\/\\\/www.forumcampinas.org.br\\\/interdependencia\\\/wp-content\\\/uploads\\\/2024\\\/07\\\/Cesar-Lattes.jpg\",\"datePublished\":\"2024-07-11T11:14:51+00:00\",\"dateModified\":\"2024-07-11T15:36:28+00:00\",\"description\":\"\u00cdcone hist\u00f3rico da ci\u00eancia brasileira e mundial se destacou internacionalmente por suas contribui\u00e7\u00f5es no campo da f\u00edsica de part\u00edculas\",\"breadcrumb\":{\"@id\":\"https:\\\/\\\/www.forumcampinas.org.br\\\/interdependencia\\\/blog\\\/cesar-lattes-um-pioneiro-da-fisica-brasileira-e-sua-relevancia-internacional\\\/#breadcrumb\"},\"inLanguage\":\"pt-BR\",\"potentialAction\":[{\"@type\":\"ReadAction\",\"target\":[\"https:\\\/\\\/www.forumcampinas.org.br\\\/interdependencia\\\/blog\\\/cesar-lattes-um-pioneiro-da-fisica-brasileira-e-sua-relevancia-internacional\\\/\"]}]},{\"@type\":\"ImageObject\",\"inLanguage\":\"pt-BR\",\"@id\":\"https:\\\/\\\/www.forumcampinas.org.br\\\/interdependencia\\\/blog\\\/cesar-lattes-um-pioneiro-da-fisica-brasileira-e-sua-relevancia-internacional\\\/#primaryimage\",\"url\":\"https:\\\/\\\/www.forumcampinas.org.br\\\/interdependencia\\\/wp-content\\\/uploads\\\/2024\\\/07\\\/Cesar-Lattes.jpg\",\"contentUrl\":\"https:\\\/\\\/www.forumcampinas.org.br\\\/interdependencia\\\/wp-content\\\/uploads\\\/2024\\\/07\\\/Cesar-Lattes.jpg\",\"width\":1000,\"height\":553,\"caption\":\"Foto: Unicamp\\\/ Arquivo. Reprodu\u00e7\u00e3o\"},{\"@type\":\"BreadcrumbList\",\"@id\":\"https:\\\/\\\/www.forumcampinas.org.br\\\/interdependencia\\\/blog\\\/cesar-lattes-um-pioneiro-da-fisica-brasileira-e-sua-relevancia-internacional\\\/#breadcrumb\",\"itemListElement\":[{\"@type\":\"ListItem\",\"position\":1,\"name\":\"In\u00edcio\",\"item\":\"https:\\\/\\\/www.forumcampinas.org.br\\\/interdependencia\\\/\"},{\"@type\":\"ListItem\",\"position\":2,\"name\":\"Blog\",\"item\":\"https:\\\/\\\/www.forumcampinas.org.br\\\/interdependencia\\\/blog\\\/\"},{\"@type\":\"ListItem\",\"position\":3,\"name\":\"Cesar Lattes: Um Pioneiro da F\u00edsica Brasileira e Sua Relev\u00e2ncia Internacional\"}]},{\"@type\":\"WebSite\",\"@id\":\"https:\\\/\\\/www.forumcampinas.org.br\\\/interdependencia\\\/#website\",\"url\":\"https:\\\/\\\/www.forumcampinas.org.br\\\/interdependencia\\\/\",\"name\":\"Interdepend\u00eancia\",\"description\":\"Ci\u00eancia, Tecnologia e Inova\u00e7\u00e3o e a Regi\u00e3o de Campinas\",\"publisher\":{\"@id\":\"https:\\\/\\\/www.forumcampinas.org.br\\\/interdependencia\\\/#organization\"},\"potentialAction\":[{\"@type\":\"SearchAction\",\"target\":{\"@type\":\"EntryPoint\",\"urlTemplate\":\"https:\\\/\\\/www.forumcampinas.org.br\\\/interdependencia\\\/?s={search_term_string}\"},\"query-input\":{\"@type\":\"PropertyValueSpecification\",\"valueRequired\":true,\"valueName\":\"search_term_string\"}}],\"inLanguage\":\"pt-BR\"},{\"@type\":\"Organization\",\"@id\":\"https:\\\/\\\/www.forumcampinas.org.br\\\/interdependencia\\\/#organization\",\"name\":\"Interdepend\u00eancia\",\"url\":\"https:\\\/\\\/www.forumcampinas.org.br\\\/interdependencia\\\/\",\"logo\":{\"@type\":\"ImageObject\",\"inLanguage\":\"pt-BR\",\"@id\":\"https:\\\/\\\/www.forumcampinas.org.br\\\/interdependencia\\\/#\\\/schema\\\/logo\\\/image\\\/\",\"url\":\"https:\\\/\\\/www.forumcampinas.org.br\\\/interdependencia\\\/wp-content\\\/uploads\\\/2023\\\/11\\\/interdependencia.png\",\"contentUrl\":\"https:\\\/\\\/www.forumcampinas.org.br\\\/interdependencia\\\/wp-content\\\/uploads\\\/2023\\\/11\\\/interdependencia.png\",\"width\":757,\"height\":195,\"caption\":\"Interdepend\u00eancia\"},\"image\":{\"@id\":\"https:\\\/\\\/www.forumcampinas.org.br\\\/interdependencia\\\/#\\\/schema\\\/logo\\\/image\\\/\"}}]}<\/script>\n<!-- \/ Yoast SEO plugin. -->","yoast_head_json":{"title":"Cesar Lattes: Um Pioneiro da F\u00edsica Brasileira e Sua Relev\u00e2ncia Internacional - Interdepend\u00eancia","description":"\u00cdcone hist\u00f3rico da ci\u00eancia brasileira e mundial se destacou internacionalmente por suas contribui\u00e7\u00f5es no campo da f\u00edsica de part\u00edculas","robots":{"index":"index","follow":"follow","max-snippet":"max-snippet:-1","max-image-preview":"max-image-preview:large","max-video-preview":"max-video-preview:-1"},"canonical":"https:\/\/www.forumcampinas.org.br\/interdependencia\/blog\/cesar-lattes-um-pioneiro-da-fisica-brasileira-e-sua-relevancia-internacional\/","og_locale":"pt_BR","og_type":"article","og_title":"Cesar Lattes: Um Pioneiro da F\u00edsica Brasileira e Sua Relev\u00e2ncia Internacional - Interdepend\u00eancia","og_description":"\u00cdcone hist\u00f3rico da ci\u00eancia brasileira e mundial se destacou internacionalmente por suas contribui\u00e7\u00f5es no campo da f\u00edsica de part\u00edculas","og_url":"https:\/\/www.forumcampinas.org.br\/interdependencia\/blog\/cesar-lattes-um-pioneiro-da-fisica-brasileira-e-sua-relevancia-internacional\/","og_site_name":"Interdepend\u00eancia","article_modified_time":"2024-07-11T15:36:28+00:00","og_image":[{"width":1000,"height":553,"url":"https:\/\/www.forumcampinas.org.br\/interdependencia\/wp-content\/uploads\/2024\/07\/Cesar-Lattes.jpg","type":"image\/jpeg"}],"twitter_card":"summary_large_image","twitter_misc":{"Est. tempo de leitura":"9 minutos"},"schema":{"@context":"https:\/\/schema.org","@graph":[{"@type":"WebPage","@id":"https:\/\/www.forumcampinas.org.br\/interdependencia\/blog\/cesar-lattes-um-pioneiro-da-fisica-brasileira-e-sua-relevancia-internacional\/","url":"https:\/\/www.forumcampinas.org.br\/interdependencia\/blog\/cesar-lattes-um-pioneiro-da-fisica-brasileira-e-sua-relevancia-internacional\/","name":"Cesar Lattes: Um Pioneiro da F\u00edsica Brasileira e Sua Relev\u00e2ncia Internacional - Interdepend\u00eancia","isPartOf":{"@id":"https:\/\/www.forumcampinas.org.br\/interdependencia\/#website"},"primaryImageOfPage":{"@id":"https:\/\/www.forumcampinas.org.br\/interdependencia\/blog\/cesar-lattes-um-pioneiro-da-fisica-brasileira-e-sua-relevancia-internacional\/#primaryimage"},"image":{"@id":"https:\/\/www.forumcampinas.org.br\/interdependencia\/blog\/cesar-lattes-um-pioneiro-da-fisica-brasileira-e-sua-relevancia-internacional\/#primaryimage"},"thumbnailUrl":"https:\/\/www.forumcampinas.org.br\/interdependencia\/wp-content\/uploads\/2024\/07\/Cesar-Lattes.jpg","datePublished":"2024-07-11T11:14:51+00:00","dateModified":"2024-07-11T15:36:28+00:00","description":"\u00cdcone hist\u00f3rico da ci\u00eancia brasileira e mundial se destacou internacionalmente por suas contribui\u00e7\u00f5es no campo da f\u00edsica de part\u00edculas","breadcrumb":{"@id":"https:\/\/www.forumcampinas.org.br\/interdependencia\/blog\/cesar-lattes-um-pioneiro-da-fisica-brasileira-e-sua-relevancia-internacional\/#breadcrumb"},"inLanguage":"pt-BR","potentialAction":[{"@type":"ReadAction","target":["https:\/\/www.forumcampinas.org.br\/interdependencia\/blog\/cesar-lattes-um-pioneiro-da-fisica-brasileira-e-sua-relevancia-internacional\/"]}]},{"@type":"ImageObject","inLanguage":"pt-BR","@id":"https:\/\/www.forumcampinas.org.br\/interdependencia\/blog\/cesar-lattes-um-pioneiro-da-fisica-brasileira-e-sua-relevancia-internacional\/#primaryimage","url":"https:\/\/www.forumcampinas.org.br\/interdependencia\/wp-content\/uploads\/2024\/07\/Cesar-Lattes.jpg","contentUrl":"https:\/\/www.forumcampinas.org.br\/interdependencia\/wp-content\/uploads\/2024\/07\/Cesar-Lattes.jpg","width":1000,"height":553,"caption":"Foto: Unicamp\/ Arquivo. Reprodu\u00e7\u00e3o"},{"@type":"BreadcrumbList","@id":"https:\/\/www.forumcampinas.org.br\/interdependencia\/blog\/cesar-lattes-um-pioneiro-da-fisica-brasileira-e-sua-relevancia-internacional\/#breadcrumb","itemListElement":[{"@type":"ListItem","position":1,"name":"In\u00edcio","item":"https:\/\/www.forumcampinas.org.br\/interdependencia\/"},{"@type":"ListItem","position":2,"name":"Blog","item":"https:\/\/www.forumcampinas.org.br\/interdependencia\/blog\/"},{"@type":"ListItem","position":3,"name":"Cesar Lattes: Um Pioneiro da F\u00edsica Brasileira e Sua Relev\u00e2ncia Internacional"}]},{"@type":"WebSite","@id":"https:\/\/www.forumcampinas.org.br\/interdependencia\/#website","url":"https:\/\/www.forumcampinas.org.br\/interdependencia\/","name":"Interdepend\u00eancia","description":"Ci\u00eancia, Tecnologia e Inova\u00e7\u00e3o e a Regi\u00e3o de Campinas","publisher":{"@id":"https:\/\/www.forumcampinas.org.br\/interdependencia\/#organization"},"potentialAction":[{"@type":"SearchAction","target":{"@type":"EntryPoint","urlTemplate":"https:\/\/www.forumcampinas.org.br\/interdependencia\/?s={search_term_string}"},"query-input":{"@type":"PropertyValueSpecification","valueRequired":true,"valueName":"search_term_string"}}],"inLanguage":"pt-BR"},{"@type":"Organization","@id":"https:\/\/www.forumcampinas.org.br\/interdependencia\/#organization","name":"Interdepend\u00eancia","url":"https:\/\/www.forumcampinas.org.br\/interdependencia\/","logo":{"@type":"ImageObject","inLanguage":"pt-BR","@id":"https:\/\/www.forumcampinas.org.br\/interdependencia\/#\/schema\/logo\/image\/","url":"https:\/\/www.forumcampinas.org.br\/interdependencia\/wp-content\/uploads\/2023\/11\/interdependencia.png","contentUrl":"https:\/\/www.forumcampinas.org.br\/interdependencia\/wp-content\/uploads\/2023\/11\/interdependencia.png","width":757,"height":195,"caption":"Interdepend\u00eancia"},"image":{"@id":"https:\/\/www.forumcampinas.org.br\/interdependencia\/#\/schema\/logo\/image\/"}}]}},"_links":{"self":[{"href":"https:\/\/www.forumcampinas.org.br\/interdependencia\/wp-json\/wp\/v2\/blog\/921","targetHints":{"allow":["GET"]}}],"collection":[{"href":"https:\/\/www.forumcampinas.org.br\/interdependencia\/wp-json\/wp\/v2\/blog"}],"about":[{"href":"https:\/\/www.forumcampinas.org.br\/interdependencia\/wp-json\/wp\/v2\/types\/blog"}],"wp:featuredmedia":[{"embeddable":true,"href":"https:\/\/www.forumcampinas.org.br\/interdependencia\/wp-json\/wp\/v2\/media\/920"}],"wp:attachment":[{"href":"https:\/\/www.forumcampinas.org.br\/interdependencia\/wp-json\/wp\/v2\/media?parent=921"}],"curies":[{"name":"wp","href":"https:\/\/api.w.org\/{rel}","templated":true}]}}