{"id":925,"date":"2024-07-16T08:03:55","date_gmt":"2024-07-16T11:03:55","guid":{"rendered":"https:\/\/www.forumcampinas.org.br\/interdependencia\/?post_type=blog&#038;p=925"},"modified":"2024-07-16T08:03:55","modified_gmt":"2024-07-16T11:03:55","slug":"jornada-sonora-pela-biodiversidade-a-fonoteca-neotropical-jacques-vielliard-do-mdbio-unicamp","status":"publish","type":"blog","link":"https:\/\/www.forumcampinas.org.br\/interdependencia\/blog\/jornada-sonora-pela-biodiversidade-a-fonoteca-neotropical-jacques-vielliard-do-mdbio-unicamp\/","title":{"rendered":"Jornada Sonora pela Biodiversidade: A Fonoteca Neotropical \u201cJacques Vielliard\u201d do MDBio-UNICAMP"},"content":{"rendered":"<p>A Fonoteca Neotropical Jacques Vielliard (FNJV) \u00e9 um verdadeiro tesouro sonoro, parte integrante do Museu de Diversidade Biol\u00f3gica (MDBio) da Universidade Estadual de Campinas (UNICAMP). Este acervo, iniciado pelo professor e ornit\u00f3logo Jacques Marie Edme. Vielliard, destaca-se como uma das maiores cole\u00e7\u00f5es de grava\u00e7\u00f5es de vocaliza\u00e7\u00f5es de animais no mundo, abrangendo registros de todos os grupos de vertebrados e alguns invertebrados. Neste artigo, exploramos a hist\u00f3ria do acervo, a vida de seu fundador e a import\u00e2ncia da ornitologia e bioac\u00fastica na preserva\u00e7\u00e3o da biodiversidade.<\/p>\n<figure id=\"attachment_923\" aria-describedby=\"caption-attachment-923\" style=\"width: 1000px\" class=\"wp-caption aligncenter\"><img loading=\"lazy\" decoding=\"async\" class=\"size-full wp-image-923\" src=\"https:\/\/www.forumcampinas.org.br\/interdependencia\/wp-content\/uploads\/2024\/07\/Jacques-Vielliard.jpg\" alt=\"\" width=\"1000\" height=\"553\" srcset=\"https:\/\/www.forumcampinas.org.br\/interdependencia\/wp-content\/uploads\/2024\/07\/Jacques-Vielliard.jpg 1000w, https:\/\/www.forumcampinas.org.br\/interdependencia\/wp-content\/uploads\/2024\/07\/Jacques-Vielliard-300x166.jpg 300w, https:\/\/www.forumcampinas.org.br\/interdependencia\/wp-content\/uploads\/2024\/07\/Jacques-Vielliard-768x425.jpg 768w\" sizes=\"auto, (max-width: 1000px) 100vw, 1000px\" \/><figcaption id=\"caption-attachment-923\" class=\"wp-caption-text\">Foto: Antoninho Perri\/Unicamp<\/figcaption><\/figure>\n<p><strong>A Hist\u00f3ria da Fonoteca Neotropical Jacques Vielliard<\/strong><\/p>\n<p>Fundada em 1978, a FNJV \u00e9 uma das cinco maiores fonotecas do mundo e a maior da Am\u00e9rica Latina. O acervo possui mais de 100 mil grava\u00e7\u00f5es catalogadas e outras 20 mil em processo de digitaliza\u00e7\u00e3o e tombamento. A maior parte dessas grava\u00e7\u00f5es \u00e9 proveniente do Brasil, mas o acervo tamb\u00e9m inclui exemplares da Am\u00e9rica do Norte, Europa, \u00c1frica e Oceania.<\/p>\n<p>A cole\u00e7\u00e3o teve in\u00edcio no Laborat\u00f3rio de Bioac\u00fastica da UNICAMP, criado pelo professor Jacques Vielliard. Este laborat\u00f3rio foi um dos primeiros centros de pesquisa dedicados ao estudo dos sons dos animais no Brasil, e a fonoteca surgiu como uma extens\u00e3o natural desse trabalho.<\/p>\n<p><strong>Quem Foi Jacques Marie Edme Vielliard?<\/strong><\/p>\n<p>Jacques Vielliard nasceu em Paris em 22 de agosto de 1944. Desde a inf\u00e2ncia, encantou-se pelos cantos das aves, utilizando o estudo desses animais como uma forma de compreender a natureza. Com apenas 18 anos, Vielliard participou de sua primeira expedi\u00e7\u00e3o internacional para fazer um invent\u00e1rio da fauna de Coto Do\u00f1ana, na Espanha, contribuindo para a cria\u00e7\u00e3o do primeiro parque nacional espanhol.<\/p>\n<p>Ap\u00f3s obter seu mestrado e doutorado em Ecologia pela \u00c9cole Normale Sup\u00e9rieure, Vielliard foi convidado a criar um Laborat\u00f3rio de Bioac\u00fastica na UNICAMP em 1978. Este laborat\u00f3rio tornou-se um centro de pesquisa de ponta e um dos maiores arquivos de sons animais do mundo. Vielliard dedicou sua vida ao estudo da bioac\u00fastica e \u00e0 preserva\u00e7\u00e3o das esp\u00e9cies. Ele descreveu novas esp\u00e9cies para a ci\u00eancia, como a pequena coruja Cabur\u00e9-da-Amaz\u00f4nia (Glaucidium hardyi Vielliard, 1990) e o Lenheiro-da-Serra-do-Cip\u00f3 (Asthenes luizae Vielliard, 1990). Seu trabalho teve um impacto significativo na ornitologia, a ci\u00eancia que estuda as aves, e na bioac\u00fastica, que analisa os sons dos animais.<\/p>\n<p>Jacques Vielliard faleceu em 2010, enquanto colaborava na cria\u00e7\u00e3o do Arquivo Sonoro da Amaz\u00f4nia (ASA) na Universidade Federal do Par\u00e1 (UFPA). Ap\u00f3s sua morte, a cole\u00e7\u00e3o continuou a crescer sob a curadoria do professor Lu\u00eds Felipe Toledo, com o aux\u00edlio de alunos e bolsistas.<\/p>\n<p><strong>O Laborat\u00f3rio de Bioac\u00fastica da UNICAMP<\/strong><\/p>\n<p>O Laborat\u00f3rio de Bioac\u00fastica da UNICAMP \u00e9 um dos principais centros de pesquisa na \u00e1rea de bioac\u00fastica. Fundado por Vielliard, o laborat\u00f3rio desenvolve metodologias inovadoras para gravar e analisar os sons dos animais e quantificar suas comunidades. Este trabalho \u00e9 essencial para a preserva\u00e7\u00e3o da biodiversidade, pois permite entender melhor os comportamentos e intera\u00e7\u00f5es dos animais.<\/p>\n<p>O laborat\u00f3rio tamb\u00e9m \u00e9 respons\u00e1vel por digitalizar o acervo da FNJV e disponibiliz\u00e1-lo online, permitindo o acesso aos dados da cole\u00e7\u00e3o sonora por pesquisadores e o p\u00fablico em geral. Este esfor\u00e7o de digitaliza\u00e7\u00e3o \u00e9 crucial para preservar o patrim\u00f4nio sonoro e garantir que as futuras gera\u00e7\u00f5es possam continuar a estudar e apreciar a diversidade ac\u00fastica dos animais.<\/p>\n<p><strong>Import\u00e2ncia da Ornitologia e Bioac\u00fastica<\/strong><\/p>\n<p>A ornitologia \u00e9 a ci\u00eancia que estuda as aves, incluindo seu comportamento, ecologia e conserva\u00e7\u00e3o. Este campo de estudo \u00e9 fundamental para entender a diversidade das aves e seu papel nos ecossistemas.<\/p>\n<p>A bioac\u00fastica, por sua vez, \u00e9 uma disciplina que analisa os sons produzidos pelos animais, como os cantos das aves e os ru\u00eddos dos insetos. Esta ci\u00eancia emergiu nos anos 1960 e tem crescido em import\u00e2ncia, oferecendo insights valiosos sobre a comunica\u00e7\u00e3o animal e a ecologia comportamental. Os estudos bioac\u00fasticos s\u00e3o essenciais para a conserva\u00e7\u00e3o da biodiversidade, pois permitem identificar esp\u00e9cies, monitorar popula\u00e7\u00f5es e entender as intera\u00e7\u00f5es entre os animais e seu ambiente. A FNJV, com seu vasto acervo de grava\u00e7\u00f5es, \u00e9 uma ferramenta inestim\u00e1vel para pesquisadores em todo o mundo.<\/p>\n<p><strong>O Museu de Diversidade Biol\u00f3gica (MDBio)<\/strong><\/p>\n<p>O Museu de Diversidade Biol\u00f3gica \u00e9 uma institui\u00e7\u00e3o dedicada ao estudo e \u00e0 conserva\u00e7\u00e3o da biodiversidade, dividido em duas \u00e1reas principais: Zoologia e Bot\u00e2nica. A divis\u00e3o de Zoologia abrange subdisciplinas como Entomologia, Ornitologia, Herpetologia, Mastozoologia e Ictiologia, focando no estudo de insetos, aves, r\u00e9pteis, anf\u00edbios, mam\u00edferos e peixes, respectivamente. Esta se\u00e7\u00e3o mant\u00e9m cole\u00e7\u00f5es de esp\u00e9cimes que s\u00e3o usadas para pesquisa e educa\u00e7\u00e3o. J\u00e1 a divis\u00e3o de Bot\u00e2nica inclui subdisciplinas como Fitogeografia, Taxonomia Vegetal, Ecologia Vegetal, Bot\u00e2nica Econ\u00f4mica e Paleobot\u00e2nica, dedicando-se \u00e0 classifica\u00e7\u00e3o, distribui\u00e7\u00e3o, ecologia e evolu\u00e7\u00e3o das plantas, al\u00e9m de manter herb\u00e1rios para fins cient\u00edficos e educacionais.<\/p>\n<p>O MDBio tem como objetivos principais a realiza\u00e7\u00e3o de pesquisas cient\u00edficas, a promo\u00e7\u00e3o da educa\u00e7\u00e3o sobre biodiversidade, a conserva\u00e7\u00e3o de esp\u00e9cies e ecossistemas, e a manuten\u00e7\u00e3o de cole\u00e7\u00f5es biol\u00f3gicas. A institui\u00e7\u00e3o realiza estudos e publica\u00e7\u00f5es, promove exposi\u00e7\u00f5es e programas educacionais, e colabora em projetos de conserva\u00e7\u00e3o, fornecendo dados e insights que orientam pol\u00edticas de conserva\u00e7\u00e3o e pr\u00e1ticas sustent\u00e1veis.<\/p>\n<p><strong>Conclus\u00e3o<\/strong><\/p>\n<p>A Fonoteca Neotropical Jacques Vielliard \u00e9 um exemplo brilhante de como a paix\u00e3o e dedica\u00e7\u00e3o de um indiv\u00edduo podem criar um legado duradouro para a ci\u00eancia e a conserva\u00e7\u00e3o. O trabalho de Jacques Vielliard e sua equipe na UNICAMP continua a inspirar e capacitar pesquisadores a explorar e preservar a biodiversidade sonora do nosso planeta. Ao manter viva a mem\u00f3ria e o legado de Vielliard, a FNJV n\u00e3o apenas preserva a hist\u00f3ria, mas tamb\u00e9m promove a educa\u00e7\u00e3o e a conscientiza\u00e7\u00e3o sobre a import\u00e2ncia da bioac\u00fastica e da ornitologia para o futuro.<\/p>\n<p>Links (Leia e ou\u00e7a!):<\/p>\n<p><a href=\"https:\/\/www2.ib.unicamp.br\/fnjv\/\" target=\"_blank\" rel=\"noopener\">https:\/\/www2.ib.unicamp.br\/fnjv\/<\/a><\/p>\n<p><a href=\"https:\/\/www.abc.org.br\/membro\/jacques-marie-edme-vielliard\/\" target=\"_blank\" rel=\"noopener\">https:\/\/www.abc.org.br\/membro\/ jacques-marie-edme-vielliard\/<\/a><\/p>\n<p><a href=\"https:\/\/www.ib.unicamp.br\/mdbio\" target=\"_blank\" rel=\"noopener\">https:\/\/www.ib.unicamp.br\/mdbio<\/a><\/p>\n","protected":false},"excerpt":{"rendered":"<p>Fundada em 1978, a FNJV \u00e9 uma das cinco maiores fonotecas do mundo, com mais de 100 mil grava\u00e7\u00f5es, e a maior da Am\u00e9rica Latina <\/p>\n","protected":false},"featured_media":923,"parent":0,"template":"","class_list":["post-925","blog","type-blog","status-publish","has-post-thumbnail","hentry"],"acf":[],"yoast_head":"<!-- This site is optimized with the Yoast SEO plugin v27.4 - https:\/\/yoast.com\/product\/yoast-seo-wordpress\/ -->\n<title>Jornada Sonora pela Biodiversidade: A Fonoteca Neotropical \u201cJacques Vielliard\u201d do MDBio-UNICAMP - Interdepend\u00eancia<\/title>\n<meta name=\"description\" content=\"Fundada em 1978, a FNJV \u00e9 uma das cinco maiores fonotecas do mundo, com mais de 100 mil grava\u00e7\u00f5es, e a maior da Am\u00e9rica Latina\" \/>\n<meta name=\"robots\" content=\"index, follow, max-snippet:-1, max-image-preview:large, max-video-preview:-1\" \/>\n<link rel=\"canonical\" href=\"https:\/\/www.forumcampinas.org.br\/interdependencia\/blog\/jornada-sonora-pela-biodiversidade-a-fonoteca-neotropical-jacques-vielliard-do-mdbio-unicamp\/\" \/>\n<meta property=\"og:locale\" content=\"pt_BR\" \/>\n<meta property=\"og:type\" content=\"article\" \/>\n<meta property=\"og:title\" content=\"Jornada Sonora pela Biodiversidade: A Fonoteca Neotropical \u201cJacques Vielliard\u201d do MDBio-UNICAMP - Interdepend\u00eancia\" \/>\n<meta property=\"og:description\" content=\"Fundada em 1978, a FNJV \u00e9 uma das cinco maiores fonotecas do mundo, com mais de 100 mil grava\u00e7\u00f5es, e a maior da Am\u00e9rica Latina\" \/>\n<meta property=\"og:url\" content=\"https:\/\/www.forumcampinas.org.br\/interdependencia\/blog\/jornada-sonora-pela-biodiversidade-a-fonoteca-neotropical-jacques-vielliard-do-mdbio-unicamp\/\" \/>\n<meta property=\"og:site_name\" content=\"Interdepend\u00eancia\" \/>\n<meta property=\"og:image\" content=\"https:\/\/www.forumcampinas.org.br\/interdependencia\/wp-content\/uploads\/2024\/07\/Jacques-Vielliard.jpg\" \/>\n\t<meta property=\"og:image:width\" content=\"1000\" \/>\n\t<meta property=\"og:image:height\" content=\"553\" \/>\n\t<meta property=\"og:image:type\" content=\"image\/jpeg\" \/>\n<meta name=\"twitter:card\" content=\"summary_large_image\" \/>\n<meta name=\"twitter:label1\" content=\"Est. tempo de leitura\" \/>\n\t<meta name=\"twitter:data1\" content=\"6 minutos\" \/>\n<script type=\"application\/ld+json\" class=\"yoast-schema-graph\">{\"@context\":\"https:\\\/\\\/schema.org\",\"@graph\":[{\"@type\":\"WebPage\",\"@id\":\"https:\\\/\\\/www.forumcampinas.org.br\\\/interdependencia\\\/blog\\\/jornada-sonora-pela-biodiversidade-a-fonoteca-neotropical-jacques-vielliard-do-mdbio-unicamp\\\/\",\"url\":\"https:\\\/\\\/www.forumcampinas.org.br\\\/interdependencia\\\/blog\\\/jornada-sonora-pela-biodiversidade-a-fonoteca-neotropical-jacques-vielliard-do-mdbio-unicamp\\\/\",\"name\":\"Jornada Sonora pela Biodiversidade: A Fonoteca Neotropical \u201cJacques Vielliard\u201d do MDBio-UNICAMP - Interdepend\u00eancia\",\"isPartOf\":{\"@id\":\"https:\\\/\\\/www.forumcampinas.org.br\\\/interdependencia\\\/#website\"},\"primaryImageOfPage\":{\"@id\":\"https:\\\/\\\/www.forumcampinas.org.br\\\/interdependencia\\\/blog\\\/jornada-sonora-pela-biodiversidade-a-fonoteca-neotropical-jacques-vielliard-do-mdbio-unicamp\\\/#primaryimage\"},\"image\":{\"@id\":\"https:\\\/\\\/www.forumcampinas.org.br\\\/interdependencia\\\/blog\\\/jornada-sonora-pela-biodiversidade-a-fonoteca-neotropical-jacques-vielliard-do-mdbio-unicamp\\\/#primaryimage\"},\"thumbnailUrl\":\"https:\\\/\\\/www.forumcampinas.org.br\\\/interdependencia\\\/wp-content\\\/uploads\\\/2024\\\/07\\\/Jacques-Vielliard.jpg\",\"datePublished\":\"2024-07-16T11:03:55+00:00\",\"description\":\"Fundada em 1978, a FNJV \u00e9 uma das cinco maiores fonotecas do mundo, com mais de 100 mil grava\u00e7\u00f5es, e a maior da Am\u00e9rica Latina\",\"breadcrumb\":{\"@id\":\"https:\\\/\\\/www.forumcampinas.org.br\\\/interdependencia\\\/blog\\\/jornada-sonora-pela-biodiversidade-a-fonoteca-neotropical-jacques-vielliard-do-mdbio-unicamp\\\/#breadcrumb\"},\"inLanguage\":\"pt-BR\",\"potentialAction\":[{\"@type\":\"ReadAction\",\"target\":[\"https:\\\/\\\/www.forumcampinas.org.br\\\/interdependencia\\\/blog\\\/jornada-sonora-pela-biodiversidade-a-fonoteca-neotropical-jacques-vielliard-do-mdbio-unicamp\\\/\"]}]},{\"@type\":\"ImageObject\",\"inLanguage\":\"pt-BR\",\"@id\":\"https:\\\/\\\/www.forumcampinas.org.br\\\/interdependencia\\\/blog\\\/jornada-sonora-pela-biodiversidade-a-fonoteca-neotropical-jacques-vielliard-do-mdbio-unicamp\\\/#primaryimage\",\"url\":\"https:\\\/\\\/www.forumcampinas.org.br\\\/interdependencia\\\/wp-content\\\/uploads\\\/2024\\\/07\\\/Jacques-Vielliard.jpg\",\"contentUrl\":\"https:\\\/\\\/www.forumcampinas.org.br\\\/interdependencia\\\/wp-content\\\/uploads\\\/2024\\\/07\\\/Jacques-Vielliard.jpg\",\"width\":1000,\"height\":553,\"caption\":\"Foto: Antoninho Perri\\\/Unicamp\"},{\"@type\":\"BreadcrumbList\",\"@id\":\"https:\\\/\\\/www.forumcampinas.org.br\\\/interdependencia\\\/blog\\\/jornada-sonora-pela-biodiversidade-a-fonoteca-neotropical-jacques-vielliard-do-mdbio-unicamp\\\/#breadcrumb\",\"itemListElement\":[{\"@type\":\"ListItem\",\"position\":1,\"name\":\"In\u00edcio\",\"item\":\"https:\\\/\\\/www.forumcampinas.org.br\\\/interdependencia\\\/\"},{\"@type\":\"ListItem\",\"position\":2,\"name\":\"Blog\",\"item\":\"https:\\\/\\\/www.forumcampinas.org.br\\\/interdependencia\\\/blog\\\/\"},{\"@type\":\"ListItem\",\"position\":3,\"name\":\"Jornada Sonora pela Biodiversidade: A Fonoteca Neotropical \u201cJacques Vielliard\u201d do MDBio-UNICAMP\"}]},{\"@type\":\"WebSite\",\"@id\":\"https:\\\/\\\/www.forumcampinas.org.br\\\/interdependencia\\\/#website\",\"url\":\"https:\\\/\\\/www.forumcampinas.org.br\\\/interdependencia\\\/\",\"name\":\"Interdepend\u00eancia\",\"description\":\"Ci\u00eancia, Tecnologia e Inova\u00e7\u00e3o e a Regi\u00e3o de Campinas\",\"publisher\":{\"@id\":\"https:\\\/\\\/www.forumcampinas.org.br\\\/interdependencia\\\/#organization\"},\"potentialAction\":[{\"@type\":\"SearchAction\",\"target\":{\"@type\":\"EntryPoint\",\"urlTemplate\":\"https:\\\/\\\/www.forumcampinas.org.br\\\/interdependencia\\\/?s={search_term_string}\"},\"query-input\":{\"@type\":\"PropertyValueSpecification\",\"valueRequired\":true,\"valueName\":\"search_term_string\"}}],\"inLanguage\":\"pt-BR\"},{\"@type\":\"Organization\",\"@id\":\"https:\\\/\\\/www.forumcampinas.org.br\\\/interdependencia\\\/#organization\",\"name\":\"Interdepend\u00eancia\",\"url\":\"https:\\\/\\\/www.forumcampinas.org.br\\\/interdependencia\\\/\",\"logo\":{\"@type\":\"ImageObject\",\"inLanguage\":\"pt-BR\",\"@id\":\"https:\\\/\\\/www.forumcampinas.org.br\\\/interdependencia\\\/#\\\/schema\\\/logo\\\/image\\\/\",\"url\":\"https:\\\/\\\/www.forumcampinas.org.br\\\/interdependencia\\\/wp-content\\\/uploads\\\/2023\\\/11\\\/interdependencia.png\",\"contentUrl\":\"https:\\\/\\\/www.forumcampinas.org.br\\\/interdependencia\\\/wp-content\\\/uploads\\\/2023\\\/11\\\/interdependencia.png\",\"width\":757,\"height\":195,\"caption\":\"Interdepend\u00eancia\"},\"image\":{\"@id\":\"https:\\\/\\\/www.forumcampinas.org.br\\\/interdependencia\\\/#\\\/schema\\\/logo\\\/image\\\/\"}}]}<\/script>\n<!-- \/ Yoast SEO plugin. -->","yoast_head_json":{"title":"Jornada Sonora pela Biodiversidade: A Fonoteca Neotropical \u201cJacques Vielliard\u201d do MDBio-UNICAMP - Interdepend\u00eancia","description":"Fundada em 1978, a FNJV \u00e9 uma das cinco maiores fonotecas do mundo, com mais de 100 mil grava\u00e7\u00f5es, e a maior da Am\u00e9rica Latina","robots":{"index":"index","follow":"follow","max-snippet":"max-snippet:-1","max-image-preview":"max-image-preview:large","max-video-preview":"max-video-preview:-1"},"canonical":"https:\/\/www.forumcampinas.org.br\/interdependencia\/blog\/jornada-sonora-pela-biodiversidade-a-fonoteca-neotropical-jacques-vielliard-do-mdbio-unicamp\/","og_locale":"pt_BR","og_type":"article","og_title":"Jornada Sonora pela Biodiversidade: A Fonoteca Neotropical \u201cJacques Vielliard\u201d do MDBio-UNICAMP - Interdepend\u00eancia","og_description":"Fundada em 1978, a FNJV \u00e9 uma das cinco maiores fonotecas do mundo, com mais de 100 mil grava\u00e7\u00f5es, e a maior da Am\u00e9rica Latina","og_url":"https:\/\/www.forumcampinas.org.br\/interdependencia\/blog\/jornada-sonora-pela-biodiversidade-a-fonoteca-neotropical-jacques-vielliard-do-mdbio-unicamp\/","og_site_name":"Interdepend\u00eancia","og_image":[{"width":1000,"height":553,"url":"https:\/\/www.forumcampinas.org.br\/interdependencia\/wp-content\/uploads\/2024\/07\/Jacques-Vielliard.jpg","type":"image\/jpeg"}],"twitter_card":"summary_large_image","twitter_misc":{"Est. tempo de leitura":"6 minutos"},"schema":{"@context":"https:\/\/schema.org","@graph":[{"@type":"WebPage","@id":"https:\/\/www.forumcampinas.org.br\/interdependencia\/blog\/jornada-sonora-pela-biodiversidade-a-fonoteca-neotropical-jacques-vielliard-do-mdbio-unicamp\/","url":"https:\/\/www.forumcampinas.org.br\/interdependencia\/blog\/jornada-sonora-pela-biodiversidade-a-fonoteca-neotropical-jacques-vielliard-do-mdbio-unicamp\/","name":"Jornada Sonora pela Biodiversidade: A Fonoteca Neotropical \u201cJacques Vielliard\u201d do MDBio-UNICAMP - Interdepend\u00eancia","isPartOf":{"@id":"https:\/\/www.forumcampinas.org.br\/interdependencia\/#website"},"primaryImageOfPage":{"@id":"https:\/\/www.forumcampinas.org.br\/interdependencia\/blog\/jornada-sonora-pela-biodiversidade-a-fonoteca-neotropical-jacques-vielliard-do-mdbio-unicamp\/#primaryimage"},"image":{"@id":"https:\/\/www.forumcampinas.org.br\/interdependencia\/blog\/jornada-sonora-pela-biodiversidade-a-fonoteca-neotropical-jacques-vielliard-do-mdbio-unicamp\/#primaryimage"},"thumbnailUrl":"https:\/\/www.forumcampinas.org.br\/interdependencia\/wp-content\/uploads\/2024\/07\/Jacques-Vielliard.jpg","datePublished":"2024-07-16T11:03:55+00:00","description":"Fundada em 1978, a FNJV \u00e9 uma das cinco maiores fonotecas do mundo, com mais de 100 mil grava\u00e7\u00f5es, e a maior da Am\u00e9rica Latina","breadcrumb":{"@id":"https:\/\/www.forumcampinas.org.br\/interdependencia\/blog\/jornada-sonora-pela-biodiversidade-a-fonoteca-neotropical-jacques-vielliard-do-mdbio-unicamp\/#breadcrumb"},"inLanguage":"pt-BR","potentialAction":[{"@type":"ReadAction","target":["https:\/\/www.forumcampinas.org.br\/interdependencia\/blog\/jornada-sonora-pela-biodiversidade-a-fonoteca-neotropical-jacques-vielliard-do-mdbio-unicamp\/"]}]},{"@type":"ImageObject","inLanguage":"pt-BR","@id":"https:\/\/www.forumcampinas.org.br\/interdependencia\/blog\/jornada-sonora-pela-biodiversidade-a-fonoteca-neotropical-jacques-vielliard-do-mdbio-unicamp\/#primaryimage","url":"https:\/\/www.forumcampinas.org.br\/interdependencia\/wp-content\/uploads\/2024\/07\/Jacques-Vielliard.jpg","contentUrl":"https:\/\/www.forumcampinas.org.br\/interdependencia\/wp-content\/uploads\/2024\/07\/Jacques-Vielliard.jpg","width":1000,"height":553,"caption":"Foto: Antoninho Perri\/Unicamp"},{"@type":"BreadcrumbList","@id":"https:\/\/www.forumcampinas.org.br\/interdependencia\/blog\/jornada-sonora-pela-biodiversidade-a-fonoteca-neotropical-jacques-vielliard-do-mdbio-unicamp\/#breadcrumb","itemListElement":[{"@type":"ListItem","position":1,"name":"In\u00edcio","item":"https:\/\/www.forumcampinas.org.br\/interdependencia\/"},{"@type":"ListItem","position":2,"name":"Blog","item":"https:\/\/www.forumcampinas.org.br\/interdependencia\/blog\/"},{"@type":"ListItem","position":3,"name":"Jornada Sonora pela Biodiversidade: A Fonoteca Neotropical \u201cJacques Vielliard\u201d do MDBio-UNICAMP"}]},{"@type":"WebSite","@id":"https:\/\/www.forumcampinas.org.br\/interdependencia\/#website","url":"https:\/\/www.forumcampinas.org.br\/interdependencia\/","name":"Interdepend\u00eancia","description":"Ci\u00eancia, Tecnologia e Inova\u00e7\u00e3o e a Regi\u00e3o de Campinas","publisher":{"@id":"https:\/\/www.forumcampinas.org.br\/interdependencia\/#organization"},"potentialAction":[{"@type":"SearchAction","target":{"@type":"EntryPoint","urlTemplate":"https:\/\/www.forumcampinas.org.br\/interdependencia\/?s={search_term_string}"},"query-input":{"@type":"PropertyValueSpecification","valueRequired":true,"valueName":"search_term_string"}}],"inLanguage":"pt-BR"},{"@type":"Organization","@id":"https:\/\/www.forumcampinas.org.br\/interdependencia\/#organization","name":"Interdepend\u00eancia","url":"https:\/\/www.forumcampinas.org.br\/interdependencia\/","logo":{"@type":"ImageObject","inLanguage":"pt-BR","@id":"https:\/\/www.forumcampinas.org.br\/interdependencia\/#\/schema\/logo\/image\/","url":"https:\/\/www.forumcampinas.org.br\/interdependencia\/wp-content\/uploads\/2023\/11\/interdependencia.png","contentUrl":"https:\/\/www.forumcampinas.org.br\/interdependencia\/wp-content\/uploads\/2023\/11\/interdependencia.png","width":757,"height":195,"caption":"Interdepend\u00eancia"},"image":{"@id":"https:\/\/www.forumcampinas.org.br\/interdependencia\/#\/schema\/logo\/image\/"}}]}},"_links":{"self":[{"href":"https:\/\/www.forumcampinas.org.br\/interdependencia\/wp-json\/wp\/v2\/blog\/925","targetHints":{"allow":["GET"]}}],"collection":[{"href":"https:\/\/www.forumcampinas.org.br\/interdependencia\/wp-json\/wp\/v2\/blog"}],"about":[{"href":"https:\/\/www.forumcampinas.org.br\/interdependencia\/wp-json\/wp\/v2\/types\/blog"}],"wp:featuredmedia":[{"embeddable":true,"href":"https:\/\/www.forumcampinas.org.br\/interdependencia\/wp-json\/wp\/v2\/media\/923"}],"wp:attachment":[{"href":"https:\/\/www.forumcampinas.org.br\/interdependencia\/wp-json\/wp\/v2\/media?parent=925"}],"curies":[{"name":"wp","href":"https:\/\/api.w.org\/{rel}","templated":true}]}}