{"id":932,"date":"2024-07-24T07:51:39","date_gmt":"2024-07-24T10:51:39","guid":{"rendered":"https:\/\/www.forumcampinas.org.br\/interdependencia\/?post_type=blog&#038;p=932"},"modified":"2024-07-24T07:51:39","modified_gmt":"2024-07-24T10:51:39","slug":"inovacao-e-inclusao-no-cti-renato-archer-um-olhar-sobre-acoes-e-programas-transformadores","status":"publish","type":"blog","link":"https:\/\/www.forumcampinas.org.br\/interdependencia\/blog\/inovacao-e-inclusao-no-cti-renato-archer-um-olhar-sobre-acoes-e-programas-transformadores\/","title":{"rendered":"Inova\u00e7\u00e3o e Inclus\u00e3o no CTI Renato Archer: Um Olhar sobre A\u00e7\u00f5es e Programas Transformadores"},"content":{"rendered":"<p>O Centro de Tecnologia da Informa\u00e7\u00e3o Renato Archer (CTI) se destaca como um centro de excel\u00eancia em inova\u00e7\u00e3o tecnol\u00f3gica e pesquisa colaborativa. Com uma ampla gama de laborat\u00f3rios e programas voltados para a inclus\u00e3o social e sustentabilidade, o CTI promove avan\u00e7os significativos em v\u00e1rias \u00e1reas. A seguir, conhe\u00e7a alguns dos principais laborat\u00f3rios, programas e projetos desenvolvidos no CTI.<\/p>\n<figure id=\"attachment_931\" aria-describedby=\"caption-attachment-931\" style=\"width: 1000px\" class=\"wp-caption aligncenter\"><img loading=\"lazy\" decoding=\"async\" class=\"size-full wp-image-931\" src=\"https:\/\/www.forumcampinas.org.br\/interdependencia\/wp-content\/uploads\/2024\/07\/CTI-Ricardo-Archer-lab.jpg\" alt=\"\" width=\"1000\" height=\"553\" srcset=\"https:\/\/www.forumcampinas.org.br\/interdependencia\/wp-content\/uploads\/2024\/07\/CTI-Ricardo-Archer-lab.jpg 1000w, https:\/\/www.forumcampinas.org.br\/interdependencia\/wp-content\/uploads\/2024\/07\/CTI-Ricardo-Archer-lab-300x166.jpg 300w, https:\/\/www.forumcampinas.org.br\/interdependencia\/wp-content\/uploads\/2024\/07\/CTI-Ricardo-Archer-lab-768x425.jpg 768w\" sizes=\"auto, (max-width: 1000px) 100vw, 1000px\" \/><figcaption id=\"caption-attachment-931\" class=\"wp-caption-text\">Foto: Website CTI Ricardo Archer<\/figcaption><\/figure>\n<p><strong>Laborat\u00f3rios Abertos<\/strong><\/p>\n<p><strong>Laborat\u00f3rio de Micro e Nanofabrica\u00e7\u00e3o (Lamina)<\/strong><\/p>\n<p>O Lamina \u00e9 dedicado \u00e0 cria\u00e7\u00e3o de estruturas em escala microsc\u00f3pica, utilizando t\u00e9cnicas avan\u00e7adas como grava\u00e7\u00e3o a laser e litografia. Essas t\u00e9cnicas permitem a constru\u00e7\u00e3o de micro e nano dispositivos com alta precis\u00e3o. O laborat\u00f3rio conta com ambientes controlados para garantir a qualidade dos processos, al\u00e9m de equipamentos modernos para a deposi\u00e7\u00e3o e medi\u00e7\u00e3o de materiais.<\/p>\n<p><strong>Laborat\u00f3rio de Empacotamento e Integra\u00e7\u00e3o de Sistemas (LApacs)<\/strong><\/p>\n<p>No LApacs, s\u00e3o integrados componentes eletr\u00f4nicos, mec\u00e2nicos e \u00f3pticos em sistemas compactos. O laborat\u00f3rio \u00e9 essencial para o desenvolvimento de novos dispositivos, utilizando tecnologias como montagem de chips e m\u00f3dulos complexos. As atividades incluem desde o corte e montagem de substratos at\u00e9 a soldagem em placas de circuito.<\/p>\n<p><strong>Laborat\u00f3rio de Impress\u00e3o 3D (LAPrint)<\/strong><\/p>\n<p>O LAPrint oferece diversas t\u00e9cnicas de impress\u00e3o 3D, esse laborat\u00f3rio possibilita a cria\u00e7\u00e3o de prot\u00f3tipos e pe\u00e7as personalizadas usando materiais como pl\u00e1sticos e metais. Com uma \u00e1rea equipada com v\u00e1rias impressoras 3D, o LAPrint apoia a inova\u00e7\u00e3o em manufatura aditiva.<\/p>\n<p><strong>Laborat\u00f3rio de Imageamento em Micro-Nanoeletr\u00f4nica (LAimage)<\/strong><\/p>\n<p>O LAimage utiliza microsc\u00f3pios avan\u00e7ados para examinar nanomateriais e dispositivos eletr\u00f4nicos. Tecnologias como o Microsc\u00f3pio Eletr\u00f4nico de Varredura com Fonte de El\u00e9trons Focados (FEG-SEM) e o Microsc\u00f3pio de For\u00e7a At\u00f4mica (AFM) s\u00e3o empregadas para uma an\u00e1lise detalhada e precisa de materiais em escala nano.<\/p>\n<p><strong>Laborat\u00f3rio de Energia Fotovoltaica (LAfoto)<\/strong><\/p>\n<p>O LAfoto se concentra na pesquisa e desenvolvimento de pain\u00e9is solares, buscando solu\u00e7\u00f5es inovadoras para gerar energia sustent\u00e1vel. O laborat\u00f3rio trabalha com tecnologias de pain\u00e9is solares integrados a estruturas, criando solu\u00e7\u00f5es como pain\u00e9is fotovoltaicos flex\u00edveis e leves, que contribuem para uma maior efici\u00eancia energ\u00e9tica.<\/p>\n<p><strong>Centro Nacional de Refer\u00eancia em Tecnologia Assistiva (CNRTA)<\/strong><\/p>\n<p>O CNRTA atua como uma rede de pesquisa voltada ao desenvolvimento de tecnologias assistivas, que visam promover a funcionalidade e a inclus\u00e3o social de pessoas com defici\u00eancia. Este centro busca melhorar a autonomia e a qualidade de vida dessas pessoas, criando produtos e servi\u00e7os que facilitam suas atividades di\u00e1rias e promovem a integra\u00e7\u00e3o social.<\/p>\n<p><strong>Plano Viver sem Limites<\/strong><\/p>\n<p>O Plano Viver sem Limites, lan\u00e7ado pela Presid\u00eancia da Rep\u00fablica, prioriza a inclus\u00e3o de pessoas com defici\u00eancia em v\u00e1rias esferas. Uma das principais a\u00e7\u00f5es desse plano \u00e9 a cria\u00e7\u00e3o do CNRTA, vinculado ao CTI Renato Archer, que adota uma abordagem interdisciplinar envolvendo aspectos tecnol\u00f3gicos, sociais, educacionais e de sa\u00fade para promover a inclus\u00e3o.<\/p>\n<p><strong>InVesalius<\/strong><\/p>\n<p>O InVesalius \u00e9 um software livre que permite a reconstru\u00e7\u00e3o tridimensional de imagens obtidas por tomografia computadorizada ou resson\u00e2ncia magn\u00e9tica. Dispon\u00edvel em v\u00e1rias plataformas, o software facilita diagn\u00f3sticos e planejamento cir\u00fargico ao converter dados m\u00e9dicos em modelos 3D detalhados. \u00c9 um projeto colaborativo, que aceita contribui\u00e7\u00f5es para tradu\u00e7\u00f5es e desenvolvimentos adicionais, e possui uma comunidade ativa de usu\u00e1rios e desenvolvedores.<\/p>\n<p><strong>Projeto REMATRONIC: Inova\u00e7\u00e3o na Recupera\u00e7\u00e3o de Materiais e Sustentabilidade<\/strong><\/p>\n<p>O Projeto REMATRONIC se destaca por desenvolver t\u00e9cnicas inovadoras para a recupera\u00e7\u00e3o de materiais de placas eletr\u00f4nicas descartadas. O objetivo \u00e9 promover a sustentabilidade e criar uma economia circular, reduzindo o impacto ambiental e gerando empregos na cadeia reversa. O projeto busca extrair materiais valiosos de res\u00edduos eletroeletr\u00f4nicos, minimizando a necessidade de novas extra\u00e7\u00f5es e promovendo a reutiliza\u00e7\u00e3o de recursos.<\/p>\n<p><strong>Laborat\u00f3rios do REMATRONIC e Seus Objetivos<\/strong><\/p>\n<p><strong>Laborat\u00f3rio de Prepara\u00e7\u00e3o de Amostras<\/strong> Este laborat\u00f3rio prepara amostras s\u00f3lidas para an\u00e1lise utilizando equipamentos como moinhos e digestores. O objetivo \u00e9 transformar res\u00edduos s\u00f3lidos em formas adequadas para an\u00e1lise, facilitando a detec\u00e7\u00e3o e recupera\u00e7\u00e3o de metais.<\/p>\n<p><strong>Laborat\u00f3rio de Processamento Mec\u00e2nico<\/strong> No laborat\u00f3rio de processamento mec\u00e2nico, res\u00edduos s\u00f3lidos s\u00e3o triturados e separados usando equipamentos como trituradores e peneiras. Este laborat\u00f3rio torna os materiais mais f\u00e1ceis de manejar e separa os componentes valiosos para as pr\u00f3ximas etapas de recupera\u00e7\u00e3o.<\/p>\n<p><strong>Laborat\u00f3rio de An\u00e1lise Qu\u00edmica<\/strong> Este laborat\u00f3rio realiza a an\u00e1lise da composi\u00e7\u00e3o dos materiais usando espectrometria de emiss\u00e3o \u00f3ptica com plasma acoplado indutivamente (ICP OES). Esse m\u00e9todo permite a identifica\u00e7\u00e3o de metais preciosos e outros elementos em res\u00edduos eletroeletr\u00f4nicos, essencial para a recupera\u00e7\u00e3o eficiente de materiais.<\/p>\n<p><strong>Laborat\u00f3rio de Hidrometalurgia e Biohidrometalurgia<\/strong> O laborat\u00f3rio de hidrometalurgia e biohidrometalurgia desenvolve t\u00e9cnicas para a recupera\u00e7\u00e3o de metais usando solu\u00e7\u00f5es aquosas e, em alguns casos, micro-organismos. O foco \u00e9 melhorar a efici\u00eancia e sustentabilidade dos processos de recupera\u00e7\u00e3o de res\u00edduos s\u00f3lidos urbanos.<\/p>\n<p>O Projeto REMATRONIC tamb\u00e9m investe em ecodesign e gest\u00e3o eficiente da cadeia reversa, colaborando com institui\u00e7\u00f5es p\u00fablicas e privadas para avan\u00e7ar em \u00e1reas como a sustentabilidade urbana e a log\u00edstica reversa. Com essas iniciativas, o REMATRONIC contribui para um futuro mais sustent\u00e1vel e economicamente vi\u00e1vel.<\/p>\n<p><strong>Parque Tecnol\u00f3gico CTI-Tec<\/strong><\/p>\n<p>O Parque Tecnol\u00f3gico CTI-Tec \u00e9 um ambiente que fomenta a colabora\u00e7\u00e3o entre empresas, institui\u00e7\u00f5es cient\u00edficas e tecnol\u00f3gicas, e organiza\u00e7\u00f5es privadas sem fins lucrativos. Ele oferece infraestrutura compartilhada e acesso \u00e0s compet\u00eancias do CTI, criando um ecossistema prop\u00edcio \u00e0 inova\u00e7\u00e3o. O CTI-Tec facilita a coopera\u00e7\u00e3o entre empresas, reduz custos operacionais e promove a conex\u00e3o com entidades de pesquisa e ensino da Regi\u00e3o Metropolitana de Campinas. Al\u00e9m disso, apoia o acesso das empresas aos mercados nacional e internacional.<\/p>\n<p>O parque inclui m\u00f3dulos industriais, centros de conven\u00e7\u00f5es, e \u00e1reas de lazer, al\u00e9m de oferecer suporte como transporte e seguran\u00e7a. Com seu credenciamento no Sistema Paulista de Parques Tecnol\u00f3gicos, o CTI-Tec possibilita que as empresas instaladas participem de programas estaduais de incentivos fiscais, melhorando sua competitividade e facilitando o acesso a novos mercados. Esse ambiente favorece a inova\u00e7\u00e3o, promove o desenvolvimento de solu\u00e7\u00f5es tecnol\u00f3gicas e fortalece a colabora\u00e7\u00e3o entre empresas e institui\u00e7\u00f5es de pesquisa.<\/p>\n<p>Links:<\/p>\n<p><a href=\"https:\/\/www.gov.br\/cti\/pt-br\/acesso-a-informacao\/acoes-e-programas\" target=\"_blank\" rel=\"noopener\">https:\/\/www.gov.br\/cti\/ pt-br\/acesso-a-informacao\/acoes-e-programas<\/a><\/p>\n<p><a href=\"https:\/\/www1.cti.gov.br\/colab\/language\/pt-br\/index.html\" target=\"_blank\" rel=\"noopener\">https:\/\/www1.cti.gov.br\/colab\/ language\/pt-br\/index.html<\/a><\/p>\n<p><a href=\"https:\/\/www.gov.br\/cti\/pt-br\/acesso-a-informacao\/acoes-e-programas\/invesalius\" target=\"_blank\" rel=\"noopener\">https:\/\/www.gov.br\/cti\/ pt-br\/acesso-a-informacao\/acoes-e-programas\/invesalius<\/a><\/p>\n<p><a href=\"https:\/\/www.gov.br\/cti\/pt-br\/acesso-a-informacao\/acoes-e-programas\/cnrta\" target=\"_blank\" rel=\"noopener\">https:\/\/www.gov.br\/cti\/ pt-br\/acesso-a-informacao\/acoes-e-programas\/cnrta<\/a><\/p>\n<p><a href=\"https:\/\/www.gov.br\/cti\/pt-br\/acesso-a-informacao\/acoes-e-programas\/rematronic\" target=\"_blank\" rel=\"noopener\">https:\/\/www.gov.br\/cti\/ pt-br\/acesso-a-informacao\/acoes-e-programas\/rematronic<\/a><\/p>\n<p><a href=\"https:\/\/www.gov.br\/cti\/pt-br\/acesso-a-informacao\/institucional\/parque-cti-tec\" target=\"_blank\" rel=\"noopener\">https:\/\/www.gov.br\/cti\/ pt-br\/acesso-a-informacao\/institucional\/parque-cti-tec<\/a><\/p>\n","protected":false},"excerpt":{"rendered":"<p>O Centro se destaca na excel\u00eancia em inova\u00e7\u00e3o e pesquisa com laborat\u00f3rios e programas voltados para a inclus\u00e3o social e sustentabilidade<\/p>\n","protected":false},"featured_media":931,"parent":0,"template":"","class_list":["post-932","blog","type-blog","status-publish","has-post-thumbnail","hentry"],"acf":[],"yoast_head":"<!-- This site is optimized with the Yoast SEO plugin v27.4 - https:\/\/yoast.com\/product\/yoast-seo-wordpress\/ -->\n<title>Inova\u00e7\u00e3o e Inclus\u00e3o no CTI Renato Archer: Um Olhar sobre A\u00e7\u00f5es e Programas Transformadores - Interdepend\u00eancia<\/title>\n<meta name=\"description\" content=\"O Centro se destaca na excel\u00eancia em inova\u00e7\u00e3o e pesquisa com laborat\u00f3rios e programas voltados para a inclus\u00e3o social e sustentabilidade\" \/>\n<meta name=\"robots\" content=\"index, follow, max-snippet:-1, max-image-preview:large, max-video-preview:-1\" \/>\n<link rel=\"canonical\" href=\"https:\/\/www.forumcampinas.org.br\/interdependencia\/blog\/inovacao-e-inclusao-no-cti-renato-archer-um-olhar-sobre-acoes-e-programas-transformadores\/\" \/>\n<meta property=\"og:locale\" content=\"pt_BR\" \/>\n<meta property=\"og:type\" content=\"article\" \/>\n<meta property=\"og:title\" content=\"Inova\u00e7\u00e3o e Inclus\u00e3o no CTI Renato Archer: Um Olhar sobre A\u00e7\u00f5es e Programas Transformadores - Interdepend\u00eancia\" \/>\n<meta property=\"og:description\" content=\"O Centro se destaca na excel\u00eancia em inova\u00e7\u00e3o e pesquisa com laborat\u00f3rios e programas voltados para a inclus\u00e3o social e sustentabilidade\" \/>\n<meta property=\"og:url\" content=\"https:\/\/www.forumcampinas.org.br\/interdependencia\/blog\/inovacao-e-inclusao-no-cti-renato-archer-um-olhar-sobre-acoes-e-programas-transformadores\/\" \/>\n<meta property=\"og:site_name\" content=\"Interdepend\u00eancia\" \/>\n<meta property=\"og:image\" content=\"https:\/\/www.forumcampinas.org.br\/interdependencia\/wp-content\/uploads\/2024\/07\/CTI-Ricardo-Archer-lab.jpg\" \/>\n\t<meta property=\"og:image:width\" content=\"1000\" \/>\n\t<meta property=\"og:image:height\" content=\"553\" \/>\n\t<meta property=\"og:image:type\" content=\"image\/jpeg\" \/>\n<meta name=\"twitter:card\" content=\"summary_large_image\" \/>\n<meta name=\"twitter:label1\" content=\"Est. tempo de leitura\" \/>\n\t<meta name=\"twitter:data1\" content=\"6 minutos\" \/>\n<script type=\"application\/ld+json\" class=\"yoast-schema-graph\">{\"@context\":\"https:\\\/\\\/schema.org\",\"@graph\":[{\"@type\":\"WebPage\",\"@id\":\"https:\\\/\\\/www.forumcampinas.org.br\\\/interdependencia\\\/blog\\\/inovacao-e-inclusao-no-cti-renato-archer-um-olhar-sobre-acoes-e-programas-transformadores\\\/\",\"url\":\"https:\\\/\\\/www.forumcampinas.org.br\\\/interdependencia\\\/blog\\\/inovacao-e-inclusao-no-cti-renato-archer-um-olhar-sobre-acoes-e-programas-transformadores\\\/\",\"name\":\"Inova\u00e7\u00e3o e Inclus\u00e3o no CTI Renato Archer: Um Olhar sobre A\u00e7\u00f5es e Programas Transformadores - Interdepend\u00eancia\",\"isPartOf\":{\"@id\":\"https:\\\/\\\/www.forumcampinas.org.br\\\/interdependencia\\\/#website\"},\"primaryImageOfPage\":{\"@id\":\"https:\\\/\\\/www.forumcampinas.org.br\\\/interdependencia\\\/blog\\\/inovacao-e-inclusao-no-cti-renato-archer-um-olhar-sobre-acoes-e-programas-transformadores\\\/#primaryimage\"},\"image\":{\"@id\":\"https:\\\/\\\/www.forumcampinas.org.br\\\/interdependencia\\\/blog\\\/inovacao-e-inclusao-no-cti-renato-archer-um-olhar-sobre-acoes-e-programas-transformadores\\\/#primaryimage\"},\"thumbnailUrl\":\"https:\\\/\\\/www.forumcampinas.org.br\\\/interdependencia\\\/wp-content\\\/uploads\\\/2024\\\/07\\\/CTI-Ricardo-Archer-lab.jpg\",\"datePublished\":\"2024-07-24T10:51:39+00:00\",\"description\":\"O Centro se destaca na excel\u00eancia em inova\u00e7\u00e3o e pesquisa com laborat\u00f3rios e programas voltados para a inclus\u00e3o social e sustentabilidade\",\"breadcrumb\":{\"@id\":\"https:\\\/\\\/www.forumcampinas.org.br\\\/interdependencia\\\/blog\\\/inovacao-e-inclusao-no-cti-renato-archer-um-olhar-sobre-acoes-e-programas-transformadores\\\/#breadcrumb\"},\"inLanguage\":\"pt-BR\",\"potentialAction\":[{\"@type\":\"ReadAction\",\"target\":[\"https:\\\/\\\/www.forumcampinas.org.br\\\/interdependencia\\\/blog\\\/inovacao-e-inclusao-no-cti-renato-archer-um-olhar-sobre-acoes-e-programas-transformadores\\\/\"]}]},{\"@type\":\"ImageObject\",\"inLanguage\":\"pt-BR\",\"@id\":\"https:\\\/\\\/www.forumcampinas.org.br\\\/interdependencia\\\/blog\\\/inovacao-e-inclusao-no-cti-renato-archer-um-olhar-sobre-acoes-e-programas-transformadores\\\/#primaryimage\",\"url\":\"https:\\\/\\\/www.forumcampinas.org.br\\\/interdependencia\\\/wp-content\\\/uploads\\\/2024\\\/07\\\/CTI-Ricardo-Archer-lab.jpg\",\"contentUrl\":\"https:\\\/\\\/www.forumcampinas.org.br\\\/interdependencia\\\/wp-content\\\/uploads\\\/2024\\\/07\\\/CTI-Ricardo-Archer-lab.jpg\",\"width\":1000,\"height\":553,\"caption\":\"Foto: Website CTI Ricardo Archer\"},{\"@type\":\"BreadcrumbList\",\"@id\":\"https:\\\/\\\/www.forumcampinas.org.br\\\/interdependencia\\\/blog\\\/inovacao-e-inclusao-no-cti-renato-archer-um-olhar-sobre-acoes-e-programas-transformadores\\\/#breadcrumb\",\"itemListElement\":[{\"@type\":\"ListItem\",\"position\":1,\"name\":\"In\u00edcio\",\"item\":\"https:\\\/\\\/www.forumcampinas.org.br\\\/interdependencia\\\/\"},{\"@type\":\"ListItem\",\"position\":2,\"name\":\"Blog\",\"item\":\"https:\\\/\\\/www.forumcampinas.org.br\\\/interdependencia\\\/blog\\\/\"},{\"@type\":\"ListItem\",\"position\":3,\"name\":\"Inova\u00e7\u00e3o e Inclus\u00e3o no CTI Renato Archer: Um Olhar sobre A\u00e7\u00f5es e Programas Transformadores\"}]},{\"@type\":\"WebSite\",\"@id\":\"https:\\\/\\\/www.forumcampinas.org.br\\\/interdependencia\\\/#website\",\"url\":\"https:\\\/\\\/www.forumcampinas.org.br\\\/interdependencia\\\/\",\"name\":\"Interdepend\u00eancia\",\"description\":\"Ci\u00eancia, Tecnologia e Inova\u00e7\u00e3o e a Regi\u00e3o de Campinas\",\"publisher\":{\"@id\":\"https:\\\/\\\/www.forumcampinas.org.br\\\/interdependencia\\\/#organization\"},\"potentialAction\":[{\"@type\":\"SearchAction\",\"target\":{\"@type\":\"EntryPoint\",\"urlTemplate\":\"https:\\\/\\\/www.forumcampinas.org.br\\\/interdependencia\\\/?s={search_term_string}\"},\"query-input\":{\"@type\":\"PropertyValueSpecification\",\"valueRequired\":true,\"valueName\":\"search_term_string\"}}],\"inLanguage\":\"pt-BR\"},{\"@type\":\"Organization\",\"@id\":\"https:\\\/\\\/www.forumcampinas.org.br\\\/interdependencia\\\/#organization\",\"name\":\"Interdepend\u00eancia\",\"url\":\"https:\\\/\\\/www.forumcampinas.org.br\\\/interdependencia\\\/\",\"logo\":{\"@type\":\"ImageObject\",\"inLanguage\":\"pt-BR\",\"@id\":\"https:\\\/\\\/www.forumcampinas.org.br\\\/interdependencia\\\/#\\\/schema\\\/logo\\\/image\\\/\",\"url\":\"https:\\\/\\\/www.forumcampinas.org.br\\\/interdependencia\\\/wp-content\\\/uploads\\\/2023\\\/11\\\/interdependencia.png\",\"contentUrl\":\"https:\\\/\\\/www.forumcampinas.org.br\\\/interdependencia\\\/wp-content\\\/uploads\\\/2023\\\/11\\\/interdependencia.png\",\"width\":757,\"height\":195,\"caption\":\"Interdepend\u00eancia\"},\"image\":{\"@id\":\"https:\\\/\\\/www.forumcampinas.org.br\\\/interdependencia\\\/#\\\/schema\\\/logo\\\/image\\\/\"}}]}<\/script>\n<!-- \/ Yoast SEO plugin. -->","yoast_head_json":{"title":"Inova\u00e7\u00e3o e Inclus\u00e3o no CTI Renato Archer: Um Olhar sobre A\u00e7\u00f5es e Programas Transformadores - Interdepend\u00eancia","description":"O Centro se destaca na excel\u00eancia em inova\u00e7\u00e3o e pesquisa com laborat\u00f3rios e programas voltados para a inclus\u00e3o social e sustentabilidade","robots":{"index":"index","follow":"follow","max-snippet":"max-snippet:-1","max-image-preview":"max-image-preview:large","max-video-preview":"max-video-preview:-1"},"canonical":"https:\/\/www.forumcampinas.org.br\/interdependencia\/blog\/inovacao-e-inclusao-no-cti-renato-archer-um-olhar-sobre-acoes-e-programas-transformadores\/","og_locale":"pt_BR","og_type":"article","og_title":"Inova\u00e7\u00e3o e Inclus\u00e3o no CTI Renato Archer: Um Olhar sobre A\u00e7\u00f5es e Programas Transformadores - Interdepend\u00eancia","og_description":"O Centro se destaca na excel\u00eancia em inova\u00e7\u00e3o e pesquisa com laborat\u00f3rios e programas voltados para a inclus\u00e3o social e sustentabilidade","og_url":"https:\/\/www.forumcampinas.org.br\/interdependencia\/blog\/inovacao-e-inclusao-no-cti-renato-archer-um-olhar-sobre-acoes-e-programas-transformadores\/","og_site_name":"Interdepend\u00eancia","og_image":[{"width":1000,"height":553,"url":"https:\/\/www.forumcampinas.org.br\/interdependencia\/wp-content\/uploads\/2024\/07\/CTI-Ricardo-Archer-lab.jpg","type":"image\/jpeg"}],"twitter_card":"summary_large_image","twitter_misc":{"Est. tempo de leitura":"6 minutos"},"schema":{"@context":"https:\/\/schema.org","@graph":[{"@type":"WebPage","@id":"https:\/\/www.forumcampinas.org.br\/interdependencia\/blog\/inovacao-e-inclusao-no-cti-renato-archer-um-olhar-sobre-acoes-e-programas-transformadores\/","url":"https:\/\/www.forumcampinas.org.br\/interdependencia\/blog\/inovacao-e-inclusao-no-cti-renato-archer-um-olhar-sobre-acoes-e-programas-transformadores\/","name":"Inova\u00e7\u00e3o e Inclus\u00e3o no CTI Renato Archer: Um Olhar sobre A\u00e7\u00f5es e Programas Transformadores - Interdepend\u00eancia","isPartOf":{"@id":"https:\/\/www.forumcampinas.org.br\/interdependencia\/#website"},"primaryImageOfPage":{"@id":"https:\/\/www.forumcampinas.org.br\/interdependencia\/blog\/inovacao-e-inclusao-no-cti-renato-archer-um-olhar-sobre-acoes-e-programas-transformadores\/#primaryimage"},"image":{"@id":"https:\/\/www.forumcampinas.org.br\/interdependencia\/blog\/inovacao-e-inclusao-no-cti-renato-archer-um-olhar-sobre-acoes-e-programas-transformadores\/#primaryimage"},"thumbnailUrl":"https:\/\/www.forumcampinas.org.br\/interdependencia\/wp-content\/uploads\/2024\/07\/CTI-Ricardo-Archer-lab.jpg","datePublished":"2024-07-24T10:51:39+00:00","description":"O Centro se destaca na excel\u00eancia em inova\u00e7\u00e3o e pesquisa com laborat\u00f3rios e programas voltados para a inclus\u00e3o social e sustentabilidade","breadcrumb":{"@id":"https:\/\/www.forumcampinas.org.br\/interdependencia\/blog\/inovacao-e-inclusao-no-cti-renato-archer-um-olhar-sobre-acoes-e-programas-transformadores\/#breadcrumb"},"inLanguage":"pt-BR","potentialAction":[{"@type":"ReadAction","target":["https:\/\/www.forumcampinas.org.br\/interdependencia\/blog\/inovacao-e-inclusao-no-cti-renato-archer-um-olhar-sobre-acoes-e-programas-transformadores\/"]}]},{"@type":"ImageObject","inLanguage":"pt-BR","@id":"https:\/\/www.forumcampinas.org.br\/interdependencia\/blog\/inovacao-e-inclusao-no-cti-renato-archer-um-olhar-sobre-acoes-e-programas-transformadores\/#primaryimage","url":"https:\/\/www.forumcampinas.org.br\/interdependencia\/wp-content\/uploads\/2024\/07\/CTI-Ricardo-Archer-lab.jpg","contentUrl":"https:\/\/www.forumcampinas.org.br\/interdependencia\/wp-content\/uploads\/2024\/07\/CTI-Ricardo-Archer-lab.jpg","width":1000,"height":553,"caption":"Foto: Website CTI Ricardo Archer"},{"@type":"BreadcrumbList","@id":"https:\/\/www.forumcampinas.org.br\/interdependencia\/blog\/inovacao-e-inclusao-no-cti-renato-archer-um-olhar-sobre-acoes-e-programas-transformadores\/#breadcrumb","itemListElement":[{"@type":"ListItem","position":1,"name":"In\u00edcio","item":"https:\/\/www.forumcampinas.org.br\/interdependencia\/"},{"@type":"ListItem","position":2,"name":"Blog","item":"https:\/\/www.forumcampinas.org.br\/interdependencia\/blog\/"},{"@type":"ListItem","position":3,"name":"Inova\u00e7\u00e3o e Inclus\u00e3o no CTI Renato Archer: Um Olhar sobre A\u00e7\u00f5es e Programas Transformadores"}]},{"@type":"WebSite","@id":"https:\/\/www.forumcampinas.org.br\/interdependencia\/#website","url":"https:\/\/www.forumcampinas.org.br\/interdependencia\/","name":"Interdepend\u00eancia","description":"Ci\u00eancia, Tecnologia e Inova\u00e7\u00e3o e a Regi\u00e3o de Campinas","publisher":{"@id":"https:\/\/www.forumcampinas.org.br\/interdependencia\/#organization"},"potentialAction":[{"@type":"SearchAction","target":{"@type":"EntryPoint","urlTemplate":"https:\/\/www.forumcampinas.org.br\/interdependencia\/?s={search_term_string}"},"query-input":{"@type":"PropertyValueSpecification","valueRequired":true,"valueName":"search_term_string"}}],"inLanguage":"pt-BR"},{"@type":"Organization","@id":"https:\/\/www.forumcampinas.org.br\/interdependencia\/#organization","name":"Interdepend\u00eancia","url":"https:\/\/www.forumcampinas.org.br\/interdependencia\/","logo":{"@type":"ImageObject","inLanguage":"pt-BR","@id":"https:\/\/www.forumcampinas.org.br\/interdependencia\/#\/schema\/logo\/image\/","url":"https:\/\/www.forumcampinas.org.br\/interdependencia\/wp-content\/uploads\/2023\/11\/interdependencia.png","contentUrl":"https:\/\/www.forumcampinas.org.br\/interdependencia\/wp-content\/uploads\/2023\/11\/interdependencia.png","width":757,"height":195,"caption":"Interdepend\u00eancia"},"image":{"@id":"https:\/\/www.forumcampinas.org.br\/interdependencia\/#\/schema\/logo\/image\/"}}]}},"_links":{"self":[{"href":"https:\/\/www.forumcampinas.org.br\/interdependencia\/wp-json\/wp\/v2\/blog\/932","targetHints":{"allow":["GET"]}}],"collection":[{"href":"https:\/\/www.forumcampinas.org.br\/interdependencia\/wp-json\/wp\/v2\/blog"}],"about":[{"href":"https:\/\/www.forumcampinas.org.br\/interdependencia\/wp-json\/wp\/v2\/types\/blog"}],"wp:featuredmedia":[{"embeddable":true,"href":"https:\/\/www.forumcampinas.org.br\/interdependencia\/wp-json\/wp\/v2\/media\/931"}],"wp:attachment":[{"href":"https:\/\/www.forumcampinas.org.br\/interdependencia\/wp-json\/wp\/v2\/media?parent=932"}],"curies":[{"name":"wp","href":"https:\/\/api.w.org\/{rel}","templated":true}]}}