{"id":940,"date":"2024-08-01T10:12:51","date_gmt":"2024-08-01T13:12:51","guid":{"rendered":"https:\/\/www.forumcampinas.org.br\/interdependencia\/?post_type=blog&#038;p=940"},"modified":"2024-08-01T10:13:19","modified_gmt":"2024-08-01T13:13:19","slug":"embrapa-agricultura-digital-inovacao-e-tecnologia-no-campo-ii","status":"publish","type":"blog","link":"https:\/\/www.forumcampinas.org.br\/interdependencia\/blog\/embrapa-agricultura-digital-inovacao-e-tecnologia-no-campo-ii\/","title":{"rendered":"Embrapa Agricultura Digital: Inova\u00e7\u00e3o e Tecnologia no Campo \u2013 II"},"content":{"rendered":"<p>A Embrapa Agricultura Digital continua a inovar no campo com uma s\u00e9rie de projetos e programas que visam otimizar a produ\u00e7\u00e3o agropecu\u00e1ria e melhorar a gest\u00e3o de recursos naturais. Nesta segunda reportagem, apresentamos os projetos TerraClass, Sibraar, o aplicativo Zarc Plantio Certo e o programa Balde Cheio, destacando suas tecnologias e impactos no setor agr\u00edcola.<\/p>\n<figure id=\"attachment_939\" aria-describedby=\"caption-attachment-939\" style=\"width: 1000px\" class=\"wp-caption aligncenter\"><img loading=\"lazy\" decoding=\"async\" class=\"size-full wp-image-939\" src=\"https:\/\/www.forumcampinas.org.br\/interdependencia\/wp-content\/uploads\/2024\/08\/agri-dig-2.jpg\" alt=\"\" width=\"1000\" height=\"553\" srcset=\"https:\/\/www.forumcampinas.org.br\/interdependencia\/wp-content\/uploads\/2024\/08\/agri-dig-2.jpg 1000w, https:\/\/www.forumcampinas.org.br\/interdependencia\/wp-content\/uploads\/2024\/08\/agri-dig-2-300x166.jpg 300w, https:\/\/www.forumcampinas.org.br\/interdependencia\/wp-content\/uploads\/2024\/08\/agri-dig-2-768x425.jpg 768w\" sizes=\"auto, (max-width: 1000px) 100vw, 1000px\" \/><figcaption id=\"caption-attachment-939\" class=\"wp-caption-text\">Foto: Embrapa Agricultura Digital<\/figcaption><\/figure>\n<p><strong>TerraClass: Qualificando o Desmatamento na Amaz\u00f4nia<\/strong><\/p>\n<p>O TerraClass \u00e9 um projeto pioneiro que qualifica o desmatamento na Amaz\u00f4nia Legal Brasileira, fornecendo subs\u00eddios essenciais para o entendimento das formas de uso e cobertura da terra. Desenvolvido em parceria com o Instituto Nacional de Pesquisas Espaciais (INPE), o TerraClass utiliza t\u00e9cnicas avan\u00e7adas de sensoriamento remoto (uso de sat\u00e9lites para obter informa\u00e7\u00f5es sobre a superf\u00edcie da Terra) e geoprocessamento (tecnologia para analisar e interpretar dados geogr\u00e1ficos) para produzir mapas detalhados das terras desflorestadas.<\/p>\n<p>O diferencial do TerraClass est\u00e1 na sua capacidade de investigar os motivos e causas do desmatamento, considerando diversas classes de uso da terra, como agricultura e pastagem. O projeto tamb\u00e9m mapeia \u00e1reas que est\u00e3o em processo de regenera\u00e7\u00e3o (terras que est\u00e3o naturalmente se recuperando ap\u00f3s terem sido desmatadas). Essa abordagem permite uma an\u00e1lise detalhada da din\u00e2mica do uso e ocupa\u00e7\u00e3o das \u00e1reas desflorestadas, contribuindo para pol\u00edticas de preserva\u00e7\u00e3o e uso sustent\u00e1vel da Amaz\u00f4nia. Com dados precisos e atualizados, o projeto apoia a formula\u00e7\u00e3o de estrat\u00e9gias eficazes para a conserva\u00e7\u00e3o e recupera\u00e7\u00e3o do bioma amaz\u00f4nico.<\/p>\n<p>Al\u00e9m disso, o TerraClass desempenha um papel crucial no monitoramento das mudan\u00e7as no uso da terra ao longo do tempo, permitindo a identifica\u00e7\u00e3o de tend\u00eancias e padr\u00f5es de desmatamento. Esses dados s\u00e3o fundamentais para a cria\u00e7\u00e3o de pol\u00edticas p\u00fablicas que visem n\u00e3o apenas a redu\u00e7\u00e3o do desmatamento, mas tamb\u00e9m a promo\u00e7\u00e3o de pr\u00e1ticas de uso sustent\u00e1vel da terra. A integra\u00e7\u00e3o de informa\u00e7\u00f5es do TerraClass com outras bases de dados ambientais fortalece a capacidade de resposta a quest\u00f5es ambientais emergentes, como a perda de biodiversidade e as mudan\u00e7as clim\u00e1ticas.<\/p>\n<p><strong>Sibraar: Rastreabilidade Digital com Blockchain<\/strong><\/p>\n<p>O Sibraar \u00e9 uma solu\u00e7\u00e3o tecnol\u00f3gica inovadora que utiliza a tecnologia blockchain (um sistema de registro descentralizado e seguro) para a rastreabilidade de produtos agroindustriais. Com um QR Code na embalagem, os consumidores podem acessar informa\u00e7\u00f5es detalhadas sobre a origem e o processo de fabrica\u00e7\u00e3o dos produtos, desde a propriedade rural at\u00e9 a comercializa\u00e7\u00e3o.<\/p>\n<p>O uso de assinaturas digitais e ferramentas criptogr\u00e1ficas (m\u00e9todos para proteger informa\u00e7\u00f5es atrav\u00e9s de c\u00f3digos) garante a seguran\u00e7a e integridade das informa\u00e7\u00f5es, tornando-as imut\u00e1veis e audit\u00e1veis. Esta tecnologia agrega valor aos produtos agroindustriais, oferecendo uma garantia de qualidade e proced\u00eancia confi\u00e1vel tanto no mercado nacional quanto internacional. Al\u00e9m disso, o Sibraar promove a transpar\u00eancia e a confian\u00e7a do consumidor, essenciais para o fortalecimento das cadeias produtivas.<\/p>\n<p>A implementa\u00e7\u00e3o do Sibraar tamb\u00e9m facilita o cumprimento de normas e regulamentos de rastreabilidade exigidos por mercados internacionais, ampliando as oportunidades de exporta\u00e7\u00e3o para os produtores brasileiros. A tecnologia blockchain aplicada pelo Sibraar reduz o risco de fraudes e adultera\u00e7\u00f5es nos produtos agroindustriais, assegurando que os consumidores recebam produtos aut\u00eanticos e de alta qualidade.<\/p>\n<p><strong>Aplicativo Zarc Plantio Certo: Gest\u00e3o de Riscos Clim\u00e1ticos<\/strong><\/p>\n<p>Dispon\u00edvel gratuitamente para sistemas Android e iOS, o aplicativo Zarc Plantio Certo \u00e9 uma ferramenta crucial para produtores e agentes da cadeia do agroneg\u00f3cio. Ele oferece informa\u00e7\u00f5es oficiais do Zoneamento Agr\u00edcola de Risco Clim\u00e1tico (Zarc), permitindo que os usu\u00e1rios consultem as taxas de risco de perdas por eventos meteorol\u00f3gicos adversos (como secas ou chuvas intensas).<\/p>\n<p>Com dados abrangendo 43 culturas em todos os munic\u00edpios brasileiros, o aplicativo facilita o planejamento da produ\u00e7\u00e3o agr\u00edcola e a gest\u00e3o de riscos, contribuindo para a tomada de decis\u00f5es mais informadas e seguras. Ao utilizar o aplicativo, os agricultores podem otimizar o calend\u00e1rio de plantio e adotar pr\u00e1ticas agr\u00edcolas mais resilientes \u00e0s varia\u00e7\u00f5es clim\u00e1ticas, aumentando a produtividade e reduzindo perdas.<\/p>\n<p>O aplicativo Zarc Plantio Certo tamb\u00e9m oferece funcionalidades adicionais, como alertas personalizados sobre condi\u00e7\u00f5es clim\u00e1ticas adversas e recomenda\u00e7\u00f5es de manejo agr\u00edcola baseadas em previs\u00f5es meteorol\u00f3gicas. Isso permite que os produtores ajustem suas estrat\u00e9gias de cultivo em tempo real, minimizando o impacto de eventos clim\u00e1ticos extremos. A integra\u00e7\u00e3o de dados meteorol\u00f3gicos com informa\u00e7\u00f5es sobre pr\u00e1ticas agr\u00edcolas recomendadas proporciona uma ferramenta abrangente para a gest\u00e3o de riscos, apoiando a sustentabilidade e a resili\u00eancia do setor agr\u00edcola brasileiro.<\/p>\n<p><strong>Balde Cheio: Capacita\u00e7\u00e3o e Sustentabilidade na Pecu\u00e1ria Leiteira<\/strong><\/p>\n<p>O programa Balde Cheio \u00e9 uma metodologia de transfer\u00eancia de tecnologia que visa capacitar profissionais da assist\u00eancia t\u00e9cnica, extens\u00e3o rural e pecuaristas em pr\u00e1ticas agr\u00edcolas, zoot\u00e9cnicas, gerenciais e ambientais. Atrav\u00e9s de unidades demonstrativas, que funcionam como salas de aula em propriedades rurais, os participantes recebem treinamentos pr\u00e1ticos e te\u00f3ricos.<\/p>\n<p>Em 2022, o Balde Cheio atendeu mais de 3.000 propriedades leiteiras em 375 munic\u00edpios de 18 estados brasileiros, promovendo a ado\u00e7\u00e3o de tecnologias que resultam em impactos ambientais, econ\u00f4micos e sociais positivos. O programa fomenta a sustentabilidade na pecu\u00e1ria leiteira, incentivando a implementa\u00e7\u00e3o de t\u00e9cnicas que melhoram a efici\u00eancia produtiva e reduzem o impacto ambiental, como o manejo adequado de pastagens e a gest\u00e3o eficiente de recursos h\u00eddricos.<\/p>\n<p>Al\u00e9m dos benef\u00edcios diretos para a produ\u00e7\u00e3o leiteira, o Balde Cheio promove a inclus\u00e3o social e o desenvolvimento rural sustent\u00e1vel, capacitando pequenos e m\u00e9dios produtores a adotarem pr\u00e1ticas mais eficientes e rent\u00e1veis. O programa tamb\u00e9m facilita a dissemina\u00e7\u00e3o de inova\u00e7\u00f5es tecnol\u00f3gicas no campo, contribuindo para a seguran\u00e7a alimentar. Atrav\u00e9s de uma abordagem integrada e participativa, o Balde Cheio impulsiona a transforma\u00e7\u00e3o da pecu\u00e1ria leiteira no Brasil, promovendo um modelo de produ\u00e7\u00e3o mais sustent\u00e1vel e competitivo.<\/p>\n<p>Links:<\/p>\n<p><a href=\"https:\/\/www.embrapa.br\/agricultura-digital\" target=\"_blank\" rel=\"noopener\">https:\/\/www.embrapa.br\/agricultura-digital<\/a><\/p>\n<p><a href=\"https:\/\/www.embrapa.br\/agricultura-digital\/busca-de-solucoes-tecnologicas\/-\/produto-servico\/5159\/geoportal---terraclass\" target=\"_blank\" rel=\"noopener\">https:\/\/www.embrapa.br\/agricultura-digital\/ busca-de-solucoes-tecnologicas\/-\/ produto-servico\/5159\/ geoportal&#8212;terraclass<\/a><\/p>\n<p><a href=\"https:\/\/www.embrapa.br\/agricultura-digital\/busca-de-solucoes-tecnologicas\/-\/produto-servico\/5423\/aplicativo-roda-da-reproducao---programa-balde-cheio\" target=\"_blank\" rel=\"noopener\">https:\/\/www.embrapa.br\/agricultura-digital\/ busca-de-solucoes-tecnologicas\/-\/ produto-servico\/5423\/ aplicativo-roda-da-reproducao- &#8211;programa-balde-cheio<\/a><\/p>\n<p><a href=\"https:\/\/www.embrapa.br\/agricultura-digital\/busca-de-solucoes-tecnologicas\/-\/produto-servico\/6516\/aplicativo-zarc---plantio-certo\" target=\"_blank\" rel=\"noopener\">https:\/\/www.embrapa.br\/agricultura-digital\/ busca-de-solucoes-tecnologicas\/-\/ produto-servico\/6516\/ aplicativo-zarc&#8212; plantio-certo<\/a><\/p>\n<p><a href=\"https:\/\/www.embrapa.br\/agricultura-digital\/busca-de-solucoes-tecnologicas\/-\/produto-servico\/8599\/sibraar---sistema-brasileiro-de-agrorrastreabilidade\" target=\"_blank\" rel=\"noopener\">https:\/\/www.embrapa.br\/agricultura-digital\/ busca-de-solucoes-tecnologicas\/-\/ produto-servico\/8599\/sibraar&#8212; sistema-brasileiro-de- agrorrastreabilidade<\/a><\/p>\n","protected":false},"excerpt":{"rendered":"<p>Continuando a inovar no campo com projetos e programas que visam otimizar a produ\u00e7\u00e3o agropecu\u00e1ria e melhorar a gest\u00e3o de recursos naturais<\/p>\n","protected":false},"featured_media":939,"parent":0,"template":"","class_list":["post-940","blog","type-blog","status-publish","has-post-thumbnail","hentry"],"acf":[],"yoast_head":"<!-- This site is optimized with the Yoast SEO plugin v27.4 - https:\/\/yoast.com\/product\/yoast-seo-wordpress\/ -->\n<title>Embrapa Agricultura Digital: Inova\u00e7\u00e3o e Tecnologia no Campo \u2013 II - Interdepend\u00eancia<\/title>\n<meta name=\"description\" content=\"Continuando a inovar no campo com projetos e programas que visam otimizar a produ\u00e7\u00e3o agropecu\u00e1ria e melhorar a gest\u00e3o de recursos naturais\" \/>\n<meta name=\"robots\" content=\"index, follow, max-snippet:-1, max-image-preview:large, max-video-preview:-1\" \/>\n<link rel=\"canonical\" href=\"https:\/\/www.forumcampinas.org.br\/interdependencia\/blog\/embrapa-agricultura-digital-inovacao-e-tecnologia-no-campo-ii\/\" \/>\n<meta property=\"og:locale\" content=\"pt_BR\" \/>\n<meta property=\"og:type\" content=\"article\" \/>\n<meta property=\"og:title\" content=\"Embrapa Agricultura Digital: Inova\u00e7\u00e3o e Tecnologia no Campo \u2013 II - Interdepend\u00eancia\" \/>\n<meta property=\"og:description\" content=\"Continuando a inovar no campo com projetos e programas que visam otimizar a produ\u00e7\u00e3o agropecu\u00e1ria e melhorar a gest\u00e3o de recursos naturais\" \/>\n<meta property=\"og:url\" content=\"https:\/\/www.forumcampinas.org.br\/interdependencia\/blog\/embrapa-agricultura-digital-inovacao-e-tecnologia-no-campo-ii\/\" \/>\n<meta property=\"og:site_name\" content=\"Interdepend\u00eancia\" \/>\n<meta property=\"article:modified_time\" content=\"2024-08-01T13:13:19+00:00\" \/>\n<meta property=\"og:image\" content=\"https:\/\/www.forumcampinas.org.br\/interdependencia\/wp-content\/uploads\/2024\/08\/agri-dig-2.jpg\" \/>\n\t<meta property=\"og:image:width\" content=\"1000\" \/>\n\t<meta property=\"og:image:height\" content=\"553\" \/>\n\t<meta property=\"og:image:type\" content=\"image\/jpeg\" \/>\n<meta name=\"twitter:card\" content=\"summary_large_image\" \/>\n<meta name=\"twitter:label1\" content=\"Est. tempo de leitura\" \/>\n\t<meta name=\"twitter:data1\" content=\"6 minutos\" \/>\n<script type=\"application\/ld+json\" class=\"yoast-schema-graph\">{\"@context\":\"https:\\\/\\\/schema.org\",\"@graph\":[{\"@type\":\"WebPage\",\"@id\":\"https:\\\/\\\/www.forumcampinas.org.br\\\/interdependencia\\\/blog\\\/embrapa-agricultura-digital-inovacao-e-tecnologia-no-campo-ii\\\/\",\"url\":\"https:\\\/\\\/www.forumcampinas.org.br\\\/interdependencia\\\/blog\\\/embrapa-agricultura-digital-inovacao-e-tecnologia-no-campo-ii\\\/\",\"name\":\"Embrapa Agricultura Digital: Inova\u00e7\u00e3o e Tecnologia no Campo \u2013 II - Interdepend\u00eancia\",\"isPartOf\":{\"@id\":\"https:\\\/\\\/www.forumcampinas.org.br\\\/interdependencia\\\/#website\"},\"primaryImageOfPage\":{\"@id\":\"https:\\\/\\\/www.forumcampinas.org.br\\\/interdependencia\\\/blog\\\/embrapa-agricultura-digital-inovacao-e-tecnologia-no-campo-ii\\\/#primaryimage\"},\"image\":{\"@id\":\"https:\\\/\\\/www.forumcampinas.org.br\\\/interdependencia\\\/blog\\\/embrapa-agricultura-digital-inovacao-e-tecnologia-no-campo-ii\\\/#primaryimage\"},\"thumbnailUrl\":\"https:\\\/\\\/www.forumcampinas.org.br\\\/interdependencia\\\/wp-content\\\/uploads\\\/2024\\\/08\\\/agri-dig-2.jpg\",\"datePublished\":\"2024-08-01T13:12:51+00:00\",\"dateModified\":\"2024-08-01T13:13:19+00:00\",\"description\":\"Continuando a inovar no campo com projetos e programas que visam otimizar a produ\u00e7\u00e3o agropecu\u00e1ria e melhorar a gest\u00e3o de recursos naturais\",\"breadcrumb\":{\"@id\":\"https:\\\/\\\/www.forumcampinas.org.br\\\/interdependencia\\\/blog\\\/embrapa-agricultura-digital-inovacao-e-tecnologia-no-campo-ii\\\/#breadcrumb\"},\"inLanguage\":\"pt-BR\",\"potentialAction\":[{\"@type\":\"ReadAction\",\"target\":[\"https:\\\/\\\/www.forumcampinas.org.br\\\/interdependencia\\\/blog\\\/embrapa-agricultura-digital-inovacao-e-tecnologia-no-campo-ii\\\/\"]}]},{\"@type\":\"ImageObject\",\"inLanguage\":\"pt-BR\",\"@id\":\"https:\\\/\\\/www.forumcampinas.org.br\\\/interdependencia\\\/blog\\\/embrapa-agricultura-digital-inovacao-e-tecnologia-no-campo-ii\\\/#primaryimage\",\"url\":\"https:\\\/\\\/www.forumcampinas.org.br\\\/interdependencia\\\/wp-content\\\/uploads\\\/2024\\\/08\\\/agri-dig-2.jpg\",\"contentUrl\":\"https:\\\/\\\/www.forumcampinas.org.br\\\/interdependencia\\\/wp-content\\\/uploads\\\/2024\\\/08\\\/agri-dig-2.jpg\",\"width\":1000,\"height\":553,\"caption\":\"Foto: Embrapa Agricultura Digital\"},{\"@type\":\"BreadcrumbList\",\"@id\":\"https:\\\/\\\/www.forumcampinas.org.br\\\/interdependencia\\\/blog\\\/embrapa-agricultura-digital-inovacao-e-tecnologia-no-campo-ii\\\/#breadcrumb\",\"itemListElement\":[{\"@type\":\"ListItem\",\"position\":1,\"name\":\"In\u00edcio\",\"item\":\"https:\\\/\\\/www.forumcampinas.org.br\\\/interdependencia\\\/\"},{\"@type\":\"ListItem\",\"position\":2,\"name\":\"Blog\",\"item\":\"https:\\\/\\\/www.forumcampinas.org.br\\\/interdependencia\\\/blog\\\/\"},{\"@type\":\"ListItem\",\"position\":3,\"name\":\"Embrapa Agricultura Digital: Inova\u00e7\u00e3o e Tecnologia no Campo \u2013 II\"}]},{\"@type\":\"WebSite\",\"@id\":\"https:\\\/\\\/www.forumcampinas.org.br\\\/interdependencia\\\/#website\",\"url\":\"https:\\\/\\\/www.forumcampinas.org.br\\\/interdependencia\\\/\",\"name\":\"Interdepend\u00eancia\",\"description\":\"Ci\u00eancia, Tecnologia e Inova\u00e7\u00e3o e a Regi\u00e3o de Campinas\",\"publisher\":{\"@id\":\"https:\\\/\\\/www.forumcampinas.org.br\\\/interdependencia\\\/#organization\"},\"potentialAction\":[{\"@type\":\"SearchAction\",\"target\":{\"@type\":\"EntryPoint\",\"urlTemplate\":\"https:\\\/\\\/www.forumcampinas.org.br\\\/interdependencia\\\/?s={search_term_string}\"},\"query-input\":{\"@type\":\"PropertyValueSpecification\",\"valueRequired\":true,\"valueName\":\"search_term_string\"}}],\"inLanguage\":\"pt-BR\"},{\"@type\":\"Organization\",\"@id\":\"https:\\\/\\\/www.forumcampinas.org.br\\\/interdependencia\\\/#organization\",\"name\":\"Interdepend\u00eancia\",\"url\":\"https:\\\/\\\/www.forumcampinas.org.br\\\/interdependencia\\\/\",\"logo\":{\"@type\":\"ImageObject\",\"inLanguage\":\"pt-BR\",\"@id\":\"https:\\\/\\\/www.forumcampinas.org.br\\\/interdependencia\\\/#\\\/schema\\\/logo\\\/image\\\/\",\"url\":\"https:\\\/\\\/www.forumcampinas.org.br\\\/interdependencia\\\/wp-content\\\/uploads\\\/2023\\\/11\\\/interdependencia.png\",\"contentUrl\":\"https:\\\/\\\/www.forumcampinas.org.br\\\/interdependencia\\\/wp-content\\\/uploads\\\/2023\\\/11\\\/interdependencia.png\",\"width\":757,\"height\":195,\"caption\":\"Interdepend\u00eancia\"},\"image\":{\"@id\":\"https:\\\/\\\/www.forumcampinas.org.br\\\/interdependencia\\\/#\\\/schema\\\/logo\\\/image\\\/\"}}]}<\/script>\n<!-- \/ Yoast SEO plugin. -->","yoast_head_json":{"title":"Embrapa Agricultura Digital: Inova\u00e7\u00e3o e Tecnologia no Campo \u2013 II - Interdepend\u00eancia","description":"Continuando a inovar no campo com projetos e programas que visam otimizar a produ\u00e7\u00e3o agropecu\u00e1ria e melhorar a gest\u00e3o de recursos naturais","robots":{"index":"index","follow":"follow","max-snippet":"max-snippet:-1","max-image-preview":"max-image-preview:large","max-video-preview":"max-video-preview:-1"},"canonical":"https:\/\/www.forumcampinas.org.br\/interdependencia\/blog\/embrapa-agricultura-digital-inovacao-e-tecnologia-no-campo-ii\/","og_locale":"pt_BR","og_type":"article","og_title":"Embrapa Agricultura Digital: Inova\u00e7\u00e3o e Tecnologia no Campo \u2013 II - Interdepend\u00eancia","og_description":"Continuando a inovar no campo com projetos e programas que visam otimizar a produ\u00e7\u00e3o agropecu\u00e1ria e melhorar a gest\u00e3o de recursos naturais","og_url":"https:\/\/www.forumcampinas.org.br\/interdependencia\/blog\/embrapa-agricultura-digital-inovacao-e-tecnologia-no-campo-ii\/","og_site_name":"Interdepend\u00eancia","article_modified_time":"2024-08-01T13:13:19+00:00","og_image":[{"width":1000,"height":553,"url":"https:\/\/www.forumcampinas.org.br\/interdependencia\/wp-content\/uploads\/2024\/08\/agri-dig-2.jpg","type":"image\/jpeg"}],"twitter_card":"summary_large_image","twitter_misc":{"Est. tempo de leitura":"6 minutos"},"schema":{"@context":"https:\/\/schema.org","@graph":[{"@type":"WebPage","@id":"https:\/\/www.forumcampinas.org.br\/interdependencia\/blog\/embrapa-agricultura-digital-inovacao-e-tecnologia-no-campo-ii\/","url":"https:\/\/www.forumcampinas.org.br\/interdependencia\/blog\/embrapa-agricultura-digital-inovacao-e-tecnologia-no-campo-ii\/","name":"Embrapa Agricultura Digital: Inova\u00e7\u00e3o e Tecnologia no Campo \u2013 II - Interdepend\u00eancia","isPartOf":{"@id":"https:\/\/www.forumcampinas.org.br\/interdependencia\/#website"},"primaryImageOfPage":{"@id":"https:\/\/www.forumcampinas.org.br\/interdependencia\/blog\/embrapa-agricultura-digital-inovacao-e-tecnologia-no-campo-ii\/#primaryimage"},"image":{"@id":"https:\/\/www.forumcampinas.org.br\/interdependencia\/blog\/embrapa-agricultura-digital-inovacao-e-tecnologia-no-campo-ii\/#primaryimage"},"thumbnailUrl":"https:\/\/www.forumcampinas.org.br\/interdependencia\/wp-content\/uploads\/2024\/08\/agri-dig-2.jpg","datePublished":"2024-08-01T13:12:51+00:00","dateModified":"2024-08-01T13:13:19+00:00","description":"Continuando a inovar no campo com projetos e programas que visam otimizar a produ\u00e7\u00e3o agropecu\u00e1ria e melhorar a gest\u00e3o de recursos naturais","breadcrumb":{"@id":"https:\/\/www.forumcampinas.org.br\/interdependencia\/blog\/embrapa-agricultura-digital-inovacao-e-tecnologia-no-campo-ii\/#breadcrumb"},"inLanguage":"pt-BR","potentialAction":[{"@type":"ReadAction","target":["https:\/\/www.forumcampinas.org.br\/interdependencia\/blog\/embrapa-agricultura-digital-inovacao-e-tecnologia-no-campo-ii\/"]}]},{"@type":"ImageObject","inLanguage":"pt-BR","@id":"https:\/\/www.forumcampinas.org.br\/interdependencia\/blog\/embrapa-agricultura-digital-inovacao-e-tecnologia-no-campo-ii\/#primaryimage","url":"https:\/\/www.forumcampinas.org.br\/interdependencia\/wp-content\/uploads\/2024\/08\/agri-dig-2.jpg","contentUrl":"https:\/\/www.forumcampinas.org.br\/interdependencia\/wp-content\/uploads\/2024\/08\/agri-dig-2.jpg","width":1000,"height":553,"caption":"Foto: Embrapa Agricultura Digital"},{"@type":"BreadcrumbList","@id":"https:\/\/www.forumcampinas.org.br\/interdependencia\/blog\/embrapa-agricultura-digital-inovacao-e-tecnologia-no-campo-ii\/#breadcrumb","itemListElement":[{"@type":"ListItem","position":1,"name":"In\u00edcio","item":"https:\/\/www.forumcampinas.org.br\/interdependencia\/"},{"@type":"ListItem","position":2,"name":"Blog","item":"https:\/\/www.forumcampinas.org.br\/interdependencia\/blog\/"},{"@type":"ListItem","position":3,"name":"Embrapa Agricultura Digital: Inova\u00e7\u00e3o e Tecnologia no Campo \u2013 II"}]},{"@type":"WebSite","@id":"https:\/\/www.forumcampinas.org.br\/interdependencia\/#website","url":"https:\/\/www.forumcampinas.org.br\/interdependencia\/","name":"Interdepend\u00eancia","description":"Ci\u00eancia, Tecnologia e Inova\u00e7\u00e3o e a Regi\u00e3o de Campinas","publisher":{"@id":"https:\/\/www.forumcampinas.org.br\/interdependencia\/#organization"},"potentialAction":[{"@type":"SearchAction","target":{"@type":"EntryPoint","urlTemplate":"https:\/\/www.forumcampinas.org.br\/interdependencia\/?s={search_term_string}"},"query-input":{"@type":"PropertyValueSpecification","valueRequired":true,"valueName":"search_term_string"}}],"inLanguage":"pt-BR"},{"@type":"Organization","@id":"https:\/\/www.forumcampinas.org.br\/interdependencia\/#organization","name":"Interdepend\u00eancia","url":"https:\/\/www.forumcampinas.org.br\/interdependencia\/","logo":{"@type":"ImageObject","inLanguage":"pt-BR","@id":"https:\/\/www.forumcampinas.org.br\/interdependencia\/#\/schema\/logo\/image\/","url":"https:\/\/www.forumcampinas.org.br\/interdependencia\/wp-content\/uploads\/2023\/11\/interdependencia.png","contentUrl":"https:\/\/www.forumcampinas.org.br\/interdependencia\/wp-content\/uploads\/2023\/11\/interdependencia.png","width":757,"height":195,"caption":"Interdepend\u00eancia"},"image":{"@id":"https:\/\/www.forumcampinas.org.br\/interdependencia\/#\/schema\/logo\/image\/"}}]}},"_links":{"self":[{"href":"https:\/\/www.forumcampinas.org.br\/interdependencia\/wp-json\/wp\/v2\/blog\/940","targetHints":{"allow":["GET"]}}],"collection":[{"href":"https:\/\/www.forumcampinas.org.br\/interdependencia\/wp-json\/wp\/v2\/blog"}],"about":[{"href":"https:\/\/www.forumcampinas.org.br\/interdependencia\/wp-json\/wp\/v2\/types\/blog"}],"wp:featuredmedia":[{"embeddable":true,"href":"https:\/\/www.forumcampinas.org.br\/interdependencia\/wp-json\/wp\/v2\/media\/939"}],"wp:attachment":[{"href":"https:\/\/www.forumcampinas.org.br\/interdependencia\/wp-json\/wp\/v2\/media?parent=940"}],"curies":[{"name":"wp","href":"https:\/\/api.w.org\/{rel}","templated":true}]}}