{"id":942,"date":"2024-08-06T14:04:47","date_gmt":"2024-08-06T17:04:47","guid":{"rendered":"https:\/\/www.forumcampinas.org.br\/interdependencia\/?post_type=blog&#038;p=942"},"modified":"2024-08-06T14:04:47","modified_gmt":"2024-08-06T17:04:47","slug":"embrapa-territorial-pioneira-em-monitoramento-e-gestao-territorial-na-agricultura-brasileira","status":"publish","type":"blog","link":"https:\/\/www.forumcampinas.org.br\/interdependencia\/blog\/embrapa-territorial-pioneira-em-monitoramento-e-gestao-territorial-na-agricultura-brasileira\/","title":{"rendered":"Embrapa Territorial: Pioneira em Monitoramento e Gest\u00e3o Territorial na Agricultura Brasileira"},"content":{"rendered":"<p>Localizada em Campinas, SP, a Embrapa Territorial \u00e9 uma unidade tem\u00e1tica da Embrapa, criada em 1989, inicialmente conhecida como Embrapa Monitoramento por Sat\u00e9lite. A unidade \u00e9 refer\u00eancia em pesquisa, desenvolvimento e inova\u00e7\u00e3o em intelig\u00eancia, gest\u00e3o e monitoramento territorial, com foco na sustentabilidade e competitividade da agricultura brasileira.<\/p>\n<figure id=\"attachment_941\" aria-describedby=\"caption-attachment-941\" style=\"width: 1000px\" class=\"wp-caption aligncenter\"><img loading=\"lazy\" decoding=\"async\" class=\"size-full wp-image-941\" src=\"https:\/\/www.forumcampinas.org.br\/interdependencia\/wp-content\/uploads\/2024\/08\/embrapa-territorial.jpg\" alt=\"\" width=\"1000\" height=\"553\" srcset=\"https:\/\/www.forumcampinas.org.br\/interdependencia\/wp-content\/uploads\/2024\/08\/embrapa-territorial.jpg 1000w, https:\/\/www.forumcampinas.org.br\/interdependencia\/wp-content\/uploads\/2024\/08\/embrapa-territorial-300x166.jpg 300w, https:\/\/www.forumcampinas.org.br\/interdependencia\/wp-content\/uploads\/2024\/08\/embrapa-territorial-768x425.jpg 768w\" sizes=\"auto, (max-width: 1000px) 100vw, 1000px\" \/><figcaption id=\"caption-attachment-941\" class=\"wp-caption-text\">Foto: Website Embrapa Territorial<\/figcaption><\/figure>\n<p><strong>Miss\u00e3o e Objetivos<\/strong><\/p>\n<p>A Embrapa Territorial tem como objetivo principal o desenvolvimento e a promo\u00e7\u00e3o de tecnologias e inova\u00e7\u00f5es que utilizem o monitoramento por sat\u00e9lite e geotecnologias para intensificar a agropecu\u00e1ria de forma sustent\u00e1vel. Al\u00e9m disso, a unidade trabalha na cria\u00e7\u00e3o de Sistemas de Intelig\u00eancia Territorial Estrat\u00e9gica (SITE), que integram e analisam informa\u00e7\u00f5es sobre aspectos naturais, agr\u00e1rios, agr\u00edcolas, de infraestrutura e socioecon\u00f4micos. Esses sistemas apoiam o desenvolvimento, ordenamento e zoneamento territorial em diversas escalas temporais e espaciais.<\/p>\n<p>Outro objetivo crucial \u00e9 a cria\u00e7\u00e3o de sistemas para gest\u00e3o territorial da produ\u00e7\u00e3o e macrolog\u00edstica, que monitoram a produ\u00e7\u00e3o, armazenagem e escoamento das safras, auxiliando na formula\u00e7\u00e3o de pol\u00edticas p\u00fablicas e privadas para melhoria da log\u00edstica agr\u00edcola. A unidade tamb\u00e9m desenvolve m\u00e9todos para mapear e monitorar o uso e a ocupa\u00e7\u00e3o das terras, utilizando sensoriamento remoto e geotecnologias, fundamentais para o planejamento de atividades agr\u00edcolas, pecu\u00e1rias, florestais e ambientais.<\/p>\n<p><strong>Hist\u00f3ria e Evolu\u00e7\u00e3o<\/strong><\/p>\n<p>A Embrapa Territorial foi criada a partir de uma demanda da Presid\u00eancia da Rep\u00fablica, visando monitorar o territ\u00f3rio brasileiro com foco na agricultura e meio ambiente. Inicialmente, as tecnologias de monitoramento eram desenvolvidas na Embrapa Semi\u00e1rido (Petrolina, PE) e na Embrapa Meio Ambiente (Jaguari\u00fana, SP). Com a cria\u00e7\u00e3o do N\u00facleo de Monitoramento Ambiental e de Recursos Naturais por Sat\u00e9lite (NMA), essas atividades se consolidaram, culminando na forma\u00e7\u00e3o da Embrapa Monitoramento por Sat\u00e9lite no ano 2000. Em 2017, a unidade se reestruturou e se tornou Embrapa Territorial, unindo esfor\u00e7os com a Embrapa Gest\u00e3o Territorial e o Grupo de Intelig\u00eancia Territorial Estrat\u00e9gica<strong>.<\/strong><\/p>\n<p><strong>Infraestrutura e Capacidades<\/strong><\/p>\n<p>Instalada em um terreno de 20 mil m\u00b2 na \u00e1rea da 11\u00aa Brigada de Infantaria Leve em Campinas, a Embrapa Territorial possui laborat\u00f3rios de pesquisa e inova\u00e7\u00e3o geoespacial, dedicados ao processamento de dados espaciais para intelig\u00eancia, gest\u00e3o e monitoramento agr\u00edcola. A unidade conta com uma complexa rede de servidores, computadores e softwares de geoprocessamento com alto poder de processamento, al\u00e9m de um acervo cartogr\u00e1fico com mais de 15 mil itens.<\/p>\n<p>A partir de 2023, a Embrapa Territorial come\u00e7ou a operar uma usina fotovoltaica com capacidade m\u00e1xima de gera\u00e7\u00e3o de 110 kw\/pico, suprindo cerca de 30% do consumo mensal de energia da unidade, destacando-se em iniciativas de sustentabilidade energ\u00e9tica.<\/p>\n<p><strong>Iniciativas Sociais e Ambientais<\/strong><\/p>\n<p>A Embrapa Territorial se engaja em diversas a\u00e7\u00f5es sociais e ambientais, como o <strong>Programa Reciclagem Cidad\u00e3,<\/strong> iniciado em 2010, que promove a reutiliza\u00e7\u00e3o de materiais e a coleta seletiva de res\u00edduos. Desde 1997, o programa <strong>Embrapa &amp; Escola<\/strong> conscientiza estudantes do ensino fundamental e m\u00e9dio sobre a import\u00e2ncia da ci\u00eancia e tecnologia na agricultura.<\/p>\n<p>Anualmente, a unidade organiza a Campanha do Agasalho, arrecadando roupas e sapatos para doa\u00e7\u00e3o a centros assistenciais, em parceria com institui\u00e7\u00f5es p\u00fablicas, privadas e ONGs. Em reconhecimento a essas a\u00e7\u00f5es, a Embrapa Territorial recebeu o t\u00edtulo de Empresa Amiga de Campinas pela Prefeitura Municipal.<\/p>\n<p><strong>Pesquisa e Desenvolvimento<\/strong><\/p>\n<p>A Embrapa Territorial trabalha em v\u00e1rias frentes de pesquisa e desenvolvimento, incluindo a din\u00e2mica do uso e ocupa\u00e7\u00e3o das terras, intelig\u00eancia e gest\u00e3o territorial, inclus\u00e3o produtiva, governan\u00e7a fundi\u00e1ria e monitoramento de territ\u00f3rios com foco na produ\u00e7\u00e3o agropecu\u00e1ria. A unidade tamb\u00e9m desenvolve sistemas para monitoramento de pragas, doen\u00e7as e plantas daninhas, bem como a macrolog\u00edstica agropecu\u00e1ria, agricultura familiar e cumprimento do C\u00f3digo Florestal.<\/p>\n<p><strong>Transfer\u00eancia de Tecnologias e Parcerias<\/strong><\/p>\n<p>Os conhecimentos e tecnologias desenvolvidos pela Embrapa Territorial est\u00e3o dispon\u00edveis para produtores rurais, empresas, entidades de classe, \u00f3rg\u00e3os governamentais e a sociedade em geral. A unidade possui uma equipe dedicada \u00e0 Transfer\u00eancia de Tecnologias, que facilita a disponibiliza\u00e7\u00e3o e a coopera\u00e7\u00e3o para novos projetos. As parcerias podem ser formalizadas por meio de cocria\u00e7\u00e3o ou codesenvolvimento, dependendo do est\u00e1gio do projeto.<\/p>\n<p>A Embrapa Territorial disponibiliza seus produtos e dados atrav\u00e9s de publica\u00e7\u00f5es para download gratuito e plataformas digitais como a <strong>Infraestrutura de Dados Espaciais da Embrapa (GeoInfo), conectada \u00e0 Infraestrutura Nacional de Dados Espaciais (INDE).<\/strong><\/p>\n<p><strong>Eixos Estrat\u00e9gicos e Linhas de Pesquisa<\/strong><\/p>\n<p>A unidade foca em quatro eixos estrat\u00e9gicos: <strong>sistemas de intelig\u00eancia territorial para o desenvolvimento agropecu\u00e1rio, gest\u00e3o da macrolog\u00edstica agropecu\u00e1ria, governan\u00e7a fundi\u00e1ria e monitoramento territorial<\/strong>. As principais linhas de pesquisa incluem a din\u00e2mica da ocupa\u00e7\u00e3o das terras, intelig\u00eancia e gest\u00e3o territorial, inclus\u00e3o produtiva e governan\u00e7a fundi\u00e1ria, al\u00e9m de mapeamentos e monitoramentos focados na produ\u00e7\u00e3o agropecu\u00e1ria.<\/p>\n<p>Com quase quatro d\u00e9cadas de exist\u00eancia, a Embrapa Territorial continua a desenvolver solu\u00e7\u00f5es inovadoras para compreender a din\u00e2mica espa\u00e7o-temporal da agropecu\u00e1ria brasileira, enfrentando os desafios do processamento de grandes volumes de dados e imagens de sat\u00e9lite. <strong>A unidade \u00e9 um exemplo de como a ci\u00eancia e a tecnologia podem promover a sustentabilidade e a competitividade da agricultura no Brasil.<\/strong><\/p>\n<p>Links:<\/p>\n<p><a href=\"https:\/\/www.embrapa.br\/territorial\" target=\"_blank\" rel=\"noopener\">https:\/\/www.embrapa.br\/territorial<\/a><\/p>\n<p><a href=\"https:\/\/www.embrapa.br\/territorial\/inovacao?home-territorial\" target=\"_blank\" rel=\"noopener\">https:\/\/www.embrapa.br\/territorial\/ inovacao?home-territorial<\/a><\/p>\n<p><a href=\"https:\/\/www.embrapa.br\/busca-de-noticias\/-\/noticia\/78290565\/embrapa-territorial-recebe-o-titulo-de-empresa-amiga-de-campinas\" target=\"_blank\" rel=\"noopener\">https:\/\/www.embrapa.br\/ busca-de-noticias\/-\/ noticia\/78290565\/e mbrapa-territorial- recebe-o-titulo-de -empresa-amiga-de-campinas<\/a><\/p>\n","protected":false},"excerpt":{"rendered":"<p>Refer\u00eancia em intelig\u00eancia, gest\u00e3o e monitoramento territorial, com foco na sustentabilidade e competitividade da agricultura brasileira<\/p>\n","protected":false},"featured_media":941,"parent":0,"template":"","class_list":["post-942","blog","type-blog","status-publish","has-post-thumbnail","hentry"],"acf":[],"yoast_head":"<!-- This site is optimized with the Yoast SEO plugin v27.4 - https:\/\/yoast.com\/product\/yoast-seo-wordpress\/ -->\n<title>Embrapa Territorial: Pioneira em Monitoramento e Gest\u00e3o Territorial na Agricultura Brasileira - Interdepend\u00eancia<\/title>\n<meta name=\"description\" content=\"Refer\u00eancia em intelig\u00eancia, gest\u00e3o e monitoramento territorial, com foco na sustentabilidade e competitividade da agricultura brasileira\" \/>\n<meta name=\"robots\" content=\"index, follow, max-snippet:-1, max-image-preview:large, max-video-preview:-1\" \/>\n<link rel=\"canonical\" href=\"https:\/\/www.forumcampinas.org.br\/interdependencia\/blog\/embrapa-territorial-pioneira-em-monitoramento-e-gestao-territorial-na-agricultura-brasileira\/\" \/>\n<meta property=\"og:locale\" content=\"pt_BR\" \/>\n<meta property=\"og:type\" content=\"article\" \/>\n<meta property=\"og:title\" content=\"Embrapa Territorial: Pioneira em Monitoramento e Gest\u00e3o Territorial na Agricultura Brasileira - Interdepend\u00eancia\" \/>\n<meta property=\"og:description\" content=\"Refer\u00eancia em intelig\u00eancia, gest\u00e3o e monitoramento territorial, com foco na sustentabilidade e competitividade da agricultura brasileira\" \/>\n<meta property=\"og:url\" content=\"https:\/\/www.forumcampinas.org.br\/interdependencia\/blog\/embrapa-territorial-pioneira-em-monitoramento-e-gestao-territorial-na-agricultura-brasileira\/\" \/>\n<meta property=\"og:site_name\" content=\"Interdepend\u00eancia\" \/>\n<meta property=\"og:image\" content=\"https:\/\/www.forumcampinas.org.br\/interdependencia\/wp-content\/uploads\/2024\/08\/embrapa-territorial.jpg\" \/>\n\t<meta property=\"og:image:width\" content=\"1000\" \/>\n\t<meta property=\"og:image:height\" content=\"553\" \/>\n\t<meta property=\"og:image:type\" content=\"image\/jpeg\" \/>\n<meta name=\"twitter:card\" content=\"summary_large_image\" \/>\n<meta name=\"twitter:label1\" content=\"Est. tempo de leitura\" \/>\n\t<meta name=\"twitter:data1\" content=\"5 minutos\" \/>\n<script type=\"application\/ld+json\" class=\"yoast-schema-graph\">{\"@context\":\"https:\\\/\\\/schema.org\",\"@graph\":[{\"@type\":\"WebPage\",\"@id\":\"https:\\\/\\\/www.forumcampinas.org.br\\\/interdependencia\\\/blog\\\/embrapa-territorial-pioneira-em-monitoramento-e-gestao-territorial-na-agricultura-brasileira\\\/\",\"url\":\"https:\\\/\\\/www.forumcampinas.org.br\\\/interdependencia\\\/blog\\\/embrapa-territorial-pioneira-em-monitoramento-e-gestao-territorial-na-agricultura-brasileira\\\/\",\"name\":\"Embrapa Territorial: Pioneira em Monitoramento e Gest\u00e3o Territorial na Agricultura Brasileira - Interdepend\u00eancia\",\"isPartOf\":{\"@id\":\"https:\\\/\\\/www.forumcampinas.org.br\\\/interdependencia\\\/#website\"},\"primaryImageOfPage\":{\"@id\":\"https:\\\/\\\/www.forumcampinas.org.br\\\/interdependencia\\\/blog\\\/embrapa-territorial-pioneira-em-monitoramento-e-gestao-territorial-na-agricultura-brasileira\\\/#primaryimage\"},\"image\":{\"@id\":\"https:\\\/\\\/www.forumcampinas.org.br\\\/interdependencia\\\/blog\\\/embrapa-territorial-pioneira-em-monitoramento-e-gestao-territorial-na-agricultura-brasileira\\\/#primaryimage\"},\"thumbnailUrl\":\"https:\\\/\\\/www.forumcampinas.org.br\\\/interdependencia\\\/wp-content\\\/uploads\\\/2024\\\/08\\\/embrapa-territorial.jpg\",\"datePublished\":\"2024-08-06T17:04:47+00:00\",\"description\":\"Refer\u00eancia em intelig\u00eancia, gest\u00e3o e monitoramento territorial, com foco na sustentabilidade e competitividade da agricultura brasileira\",\"breadcrumb\":{\"@id\":\"https:\\\/\\\/www.forumcampinas.org.br\\\/interdependencia\\\/blog\\\/embrapa-territorial-pioneira-em-monitoramento-e-gestao-territorial-na-agricultura-brasileira\\\/#breadcrumb\"},\"inLanguage\":\"pt-BR\",\"potentialAction\":[{\"@type\":\"ReadAction\",\"target\":[\"https:\\\/\\\/www.forumcampinas.org.br\\\/interdependencia\\\/blog\\\/embrapa-territorial-pioneira-em-monitoramento-e-gestao-territorial-na-agricultura-brasileira\\\/\"]}]},{\"@type\":\"ImageObject\",\"inLanguage\":\"pt-BR\",\"@id\":\"https:\\\/\\\/www.forumcampinas.org.br\\\/interdependencia\\\/blog\\\/embrapa-territorial-pioneira-em-monitoramento-e-gestao-territorial-na-agricultura-brasileira\\\/#primaryimage\",\"url\":\"https:\\\/\\\/www.forumcampinas.org.br\\\/interdependencia\\\/wp-content\\\/uploads\\\/2024\\\/08\\\/embrapa-territorial.jpg\",\"contentUrl\":\"https:\\\/\\\/www.forumcampinas.org.br\\\/interdependencia\\\/wp-content\\\/uploads\\\/2024\\\/08\\\/embrapa-territorial.jpg\",\"width\":1000,\"height\":553,\"caption\":\"Foto: Website Embrapa Territorial\"},{\"@type\":\"BreadcrumbList\",\"@id\":\"https:\\\/\\\/www.forumcampinas.org.br\\\/interdependencia\\\/blog\\\/embrapa-territorial-pioneira-em-monitoramento-e-gestao-territorial-na-agricultura-brasileira\\\/#breadcrumb\",\"itemListElement\":[{\"@type\":\"ListItem\",\"position\":1,\"name\":\"In\u00edcio\",\"item\":\"https:\\\/\\\/www.forumcampinas.org.br\\\/interdependencia\\\/\"},{\"@type\":\"ListItem\",\"position\":2,\"name\":\"Blog\",\"item\":\"https:\\\/\\\/www.forumcampinas.org.br\\\/interdependencia\\\/blog\\\/\"},{\"@type\":\"ListItem\",\"position\":3,\"name\":\"Embrapa Territorial: Pioneira em Monitoramento e Gest\u00e3o Territorial na Agricultura Brasileira\"}]},{\"@type\":\"WebSite\",\"@id\":\"https:\\\/\\\/www.forumcampinas.org.br\\\/interdependencia\\\/#website\",\"url\":\"https:\\\/\\\/www.forumcampinas.org.br\\\/interdependencia\\\/\",\"name\":\"Interdepend\u00eancia\",\"description\":\"Ci\u00eancia, Tecnologia e Inova\u00e7\u00e3o e a Regi\u00e3o de Campinas\",\"publisher\":{\"@id\":\"https:\\\/\\\/www.forumcampinas.org.br\\\/interdependencia\\\/#organization\"},\"potentialAction\":[{\"@type\":\"SearchAction\",\"target\":{\"@type\":\"EntryPoint\",\"urlTemplate\":\"https:\\\/\\\/www.forumcampinas.org.br\\\/interdependencia\\\/?s={search_term_string}\"},\"query-input\":{\"@type\":\"PropertyValueSpecification\",\"valueRequired\":true,\"valueName\":\"search_term_string\"}}],\"inLanguage\":\"pt-BR\"},{\"@type\":\"Organization\",\"@id\":\"https:\\\/\\\/www.forumcampinas.org.br\\\/interdependencia\\\/#organization\",\"name\":\"Interdepend\u00eancia\",\"url\":\"https:\\\/\\\/www.forumcampinas.org.br\\\/interdependencia\\\/\",\"logo\":{\"@type\":\"ImageObject\",\"inLanguage\":\"pt-BR\",\"@id\":\"https:\\\/\\\/www.forumcampinas.org.br\\\/interdependencia\\\/#\\\/schema\\\/logo\\\/image\\\/\",\"url\":\"https:\\\/\\\/www.forumcampinas.org.br\\\/interdependencia\\\/wp-content\\\/uploads\\\/2023\\\/11\\\/interdependencia.png\",\"contentUrl\":\"https:\\\/\\\/www.forumcampinas.org.br\\\/interdependencia\\\/wp-content\\\/uploads\\\/2023\\\/11\\\/interdependencia.png\",\"width\":757,\"height\":195,\"caption\":\"Interdepend\u00eancia\"},\"image\":{\"@id\":\"https:\\\/\\\/www.forumcampinas.org.br\\\/interdependencia\\\/#\\\/schema\\\/logo\\\/image\\\/\"}}]}<\/script>\n<!-- \/ Yoast SEO plugin. -->","yoast_head_json":{"title":"Embrapa Territorial: Pioneira em Monitoramento e Gest\u00e3o Territorial na Agricultura Brasileira - Interdepend\u00eancia","description":"Refer\u00eancia em intelig\u00eancia, gest\u00e3o e monitoramento territorial, com foco na sustentabilidade e competitividade da agricultura brasileira","robots":{"index":"index","follow":"follow","max-snippet":"max-snippet:-1","max-image-preview":"max-image-preview:large","max-video-preview":"max-video-preview:-1"},"canonical":"https:\/\/www.forumcampinas.org.br\/interdependencia\/blog\/embrapa-territorial-pioneira-em-monitoramento-e-gestao-territorial-na-agricultura-brasileira\/","og_locale":"pt_BR","og_type":"article","og_title":"Embrapa Territorial: Pioneira em Monitoramento e Gest\u00e3o Territorial na Agricultura Brasileira - Interdepend\u00eancia","og_description":"Refer\u00eancia em intelig\u00eancia, gest\u00e3o e monitoramento territorial, com foco na sustentabilidade e competitividade da agricultura brasileira","og_url":"https:\/\/www.forumcampinas.org.br\/interdependencia\/blog\/embrapa-territorial-pioneira-em-monitoramento-e-gestao-territorial-na-agricultura-brasileira\/","og_site_name":"Interdepend\u00eancia","og_image":[{"width":1000,"height":553,"url":"https:\/\/www.forumcampinas.org.br\/interdependencia\/wp-content\/uploads\/2024\/08\/embrapa-territorial.jpg","type":"image\/jpeg"}],"twitter_card":"summary_large_image","twitter_misc":{"Est. tempo de leitura":"5 minutos"},"schema":{"@context":"https:\/\/schema.org","@graph":[{"@type":"WebPage","@id":"https:\/\/www.forumcampinas.org.br\/interdependencia\/blog\/embrapa-territorial-pioneira-em-monitoramento-e-gestao-territorial-na-agricultura-brasileira\/","url":"https:\/\/www.forumcampinas.org.br\/interdependencia\/blog\/embrapa-territorial-pioneira-em-monitoramento-e-gestao-territorial-na-agricultura-brasileira\/","name":"Embrapa Territorial: Pioneira em Monitoramento e Gest\u00e3o Territorial na Agricultura Brasileira - Interdepend\u00eancia","isPartOf":{"@id":"https:\/\/www.forumcampinas.org.br\/interdependencia\/#website"},"primaryImageOfPage":{"@id":"https:\/\/www.forumcampinas.org.br\/interdependencia\/blog\/embrapa-territorial-pioneira-em-monitoramento-e-gestao-territorial-na-agricultura-brasileira\/#primaryimage"},"image":{"@id":"https:\/\/www.forumcampinas.org.br\/interdependencia\/blog\/embrapa-territorial-pioneira-em-monitoramento-e-gestao-territorial-na-agricultura-brasileira\/#primaryimage"},"thumbnailUrl":"https:\/\/www.forumcampinas.org.br\/interdependencia\/wp-content\/uploads\/2024\/08\/embrapa-territorial.jpg","datePublished":"2024-08-06T17:04:47+00:00","description":"Refer\u00eancia em intelig\u00eancia, gest\u00e3o e monitoramento territorial, com foco na sustentabilidade e competitividade da agricultura brasileira","breadcrumb":{"@id":"https:\/\/www.forumcampinas.org.br\/interdependencia\/blog\/embrapa-territorial-pioneira-em-monitoramento-e-gestao-territorial-na-agricultura-brasileira\/#breadcrumb"},"inLanguage":"pt-BR","potentialAction":[{"@type":"ReadAction","target":["https:\/\/www.forumcampinas.org.br\/interdependencia\/blog\/embrapa-territorial-pioneira-em-monitoramento-e-gestao-territorial-na-agricultura-brasileira\/"]}]},{"@type":"ImageObject","inLanguage":"pt-BR","@id":"https:\/\/www.forumcampinas.org.br\/interdependencia\/blog\/embrapa-territorial-pioneira-em-monitoramento-e-gestao-territorial-na-agricultura-brasileira\/#primaryimage","url":"https:\/\/www.forumcampinas.org.br\/interdependencia\/wp-content\/uploads\/2024\/08\/embrapa-territorial.jpg","contentUrl":"https:\/\/www.forumcampinas.org.br\/interdependencia\/wp-content\/uploads\/2024\/08\/embrapa-territorial.jpg","width":1000,"height":553,"caption":"Foto: Website Embrapa Territorial"},{"@type":"BreadcrumbList","@id":"https:\/\/www.forumcampinas.org.br\/interdependencia\/blog\/embrapa-territorial-pioneira-em-monitoramento-e-gestao-territorial-na-agricultura-brasileira\/#breadcrumb","itemListElement":[{"@type":"ListItem","position":1,"name":"In\u00edcio","item":"https:\/\/www.forumcampinas.org.br\/interdependencia\/"},{"@type":"ListItem","position":2,"name":"Blog","item":"https:\/\/www.forumcampinas.org.br\/interdependencia\/blog\/"},{"@type":"ListItem","position":3,"name":"Embrapa Territorial: Pioneira em Monitoramento e Gest\u00e3o Territorial na Agricultura Brasileira"}]},{"@type":"WebSite","@id":"https:\/\/www.forumcampinas.org.br\/interdependencia\/#website","url":"https:\/\/www.forumcampinas.org.br\/interdependencia\/","name":"Interdepend\u00eancia","description":"Ci\u00eancia, Tecnologia e Inova\u00e7\u00e3o e a Regi\u00e3o de Campinas","publisher":{"@id":"https:\/\/www.forumcampinas.org.br\/interdependencia\/#organization"},"potentialAction":[{"@type":"SearchAction","target":{"@type":"EntryPoint","urlTemplate":"https:\/\/www.forumcampinas.org.br\/interdependencia\/?s={search_term_string}"},"query-input":{"@type":"PropertyValueSpecification","valueRequired":true,"valueName":"search_term_string"}}],"inLanguage":"pt-BR"},{"@type":"Organization","@id":"https:\/\/www.forumcampinas.org.br\/interdependencia\/#organization","name":"Interdepend\u00eancia","url":"https:\/\/www.forumcampinas.org.br\/interdependencia\/","logo":{"@type":"ImageObject","inLanguage":"pt-BR","@id":"https:\/\/www.forumcampinas.org.br\/interdependencia\/#\/schema\/logo\/image\/","url":"https:\/\/www.forumcampinas.org.br\/interdependencia\/wp-content\/uploads\/2023\/11\/interdependencia.png","contentUrl":"https:\/\/www.forumcampinas.org.br\/interdependencia\/wp-content\/uploads\/2023\/11\/interdependencia.png","width":757,"height":195,"caption":"Interdepend\u00eancia"},"image":{"@id":"https:\/\/www.forumcampinas.org.br\/interdependencia\/#\/schema\/logo\/image\/"}}]}},"_links":{"self":[{"href":"https:\/\/www.forumcampinas.org.br\/interdependencia\/wp-json\/wp\/v2\/blog\/942","targetHints":{"allow":["GET"]}}],"collection":[{"href":"https:\/\/www.forumcampinas.org.br\/interdependencia\/wp-json\/wp\/v2\/blog"}],"about":[{"href":"https:\/\/www.forumcampinas.org.br\/interdependencia\/wp-json\/wp\/v2\/types\/blog"}],"wp:featuredmedia":[{"embeddable":true,"href":"https:\/\/www.forumcampinas.org.br\/interdependencia\/wp-json\/wp\/v2\/media\/941"}],"wp:attachment":[{"href":"https:\/\/www.forumcampinas.org.br\/interdependencia\/wp-json\/wp\/v2\/media?parent=942"}],"curies":[{"name":"wp","href":"https:\/\/api.w.org\/{rel}","templated":true}]}}