{"id":981,"date":"2024-08-22T07:26:15","date_gmt":"2024-08-22T10:26:15","guid":{"rendered":"https:\/\/www.forumcampinas.org.br\/interdependencia\/?post_type=blog&#038;p=981"},"modified":"2024-08-22T07:26:15","modified_gmt":"2024-08-22T10:26:15","slug":"experiencie-a-ilum-uma-oportunidade-imperdivel-para-estudantes-do-ensino-medio","status":"publish","type":"blog","link":"https:\/\/www.forumcampinas.org.br\/interdependencia\/blog\/experiencie-a-ilum-uma-oportunidade-imperdivel-para-estudantes-do-ensino-medio\/","title":{"rendered":"Experiencie a Ilum: uma oportunidade imperd\u00edvel para estudantes do ensino m\u00e9dio"},"content":{"rendered":"<p>No dia 28 de setembro de 2024, a Ilum Escola de Ci\u00eancia abrir\u00e1 suas portas para uma oportunidade \u00fanica: o evento \u201cIlum de Portas Abertas\u201d. Estudantes do Ensino M\u00e9dio, especialmente aqueles que est\u00e3o em fase de decidir suas futuras carreiras, poder\u00e3o conhecer de perto o ambiente acad\u00eamico e a inovadora metodologia de ensino da Ilum, localizada no campus em Campinas (SP). O evento apresentar\u00e1 aulas pr\u00e1ticas de laborat\u00f3rio, al\u00e9m de uma vis\u00e3o geral sobre o curso de Bacharelado em Ci\u00eancia e Tecnologia, oferecido gratuitamente pelo Centro Nacional de Pesquisa em Energia e Materiais (CNPEM). Os interessados devem se inscrever no site da Ilum entre 20 de agosto e 15 de setembro de 2024.<\/p>\n<figure id=\"attachment_980\" aria-describedby=\"caption-attachment-980\" style=\"width: 1000px\" class=\"wp-caption aligncenter\"><img loading=\"lazy\" decoding=\"async\" class=\"size-full wp-image-980\" src=\"https:\/\/www.forumcampinas.org.br\/interdependencia\/wp-content\/uploads\/2024\/08\/ILUM.jpg\" alt=\"\" width=\"1000\" height=\"553\" srcset=\"https:\/\/www.forumcampinas.org.br\/interdependencia\/wp-content\/uploads\/2024\/08\/ILUM.jpg 1000w, https:\/\/www.forumcampinas.org.br\/interdependencia\/wp-content\/uploads\/2024\/08\/ILUM-300x166.jpg 300w, https:\/\/www.forumcampinas.org.br\/interdependencia\/wp-content\/uploads\/2024\/08\/ILUM-768x425.jpg 768w\" sizes=\"auto, (max-width: 1000px) 100vw, 1000px\" \/><figcaption id=\"caption-attachment-980\" class=\"wp-caption-text\">Foto: Ilum Escola de Ci\u00eancia<\/figcaption><\/figure>\n<p>A Ilum Escola de Ci\u00eancia, que faz parte do CNPEM e foi fundada em 2022, \u00e9 uma institui\u00e7\u00e3o que se dedica \u00e0 forma\u00e7\u00e3o de novos cientistas com uma perspectiva interdisciplinar. O CNPEM \u00e9 um centro de excel\u00eancia em pesquisa cient\u00edfica no Brasil, operando em \u00e1reas como biotecnologia, f\u00edsica, materiais avan\u00e7ados e ci\u00eancia de dados.<\/p>\n<p>A Ilum compartilha o mesmo esp\u00edrito de inova\u00e7\u00e3o e rigor cient\u00edfico, oferecendo uma educa\u00e7\u00e3o voltada para a pesquisa e o desenvolvimento tecnol\u00f3gico. O Bacharelado em Ci\u00eancia e Tecnologia, com dura\u00e7\u00e3o de tr\u00eas anos, prepara os alunos para enfrentar os desafios globais com solu\u00e7\u00f5es tecnol\u00f3gicas avan\u00e7adas.<\/p>\n<p><strong>Detalhes do Evento e Processo de Sele\u00e7\u00e3o<\/strong><\/p>\n<p>O evento \u201cIlum de Portas Abertas\u201d ser\u00e1 realizado em dois per\u00edodos, manh\u00e3 e tarde, para atender a uma quantidade limitada de participantes. A sele\u00e7\u00e3o ser\u00e1 feita por ordem de inscri\u00e7\u00e3o, e cada per\u00edodo poder\u00e1 receber at\u00e9 100 visitantes. Durante o evento, os participantes ser\u00e3o guiados pelos pr\u00f3prios estudantes da Ilum, que mostrar\u00e3o as instala\u00e7\u00f5es, os laborat\u00f3rios e as din\u00e2micas pr\u00e1ticas do curso. Para se inscrever, os interessados devem acessar o Formul\u00e1rio Eletr\u00f4nico dispon\u00edvel no site da Ilum.<\/p>\n<p><strong>Processo Seletivo 2025: Um Caminho para a Excel\u00eancia Acad\u00eamica<\/strong><\/p>\n<p>Para aqueles que almejam ingressar na Ilum Escola de Ci\u00eancia em 2025, o processo seletivo \u00e9 uma oportunidade para demonstrar suas habilidades e potencial em um ambiente acad\u00eamico de ponta. As inscri\u00e7\u00f5es ter\u00e3o in\u00edcio em 2 de setembro de 2024 e se estender\u00e3o at\u00e9 10 de novembro de 2024. O processo seletivo \u00e9 dividido em duas etapas principais, cada uma projetada para identificar os estudantes mais qualificados e motivados.<\/p>\n<p><strong>Primeira Etapa: Avalia\u00e7\u00e3o da Nota do ENEM<\/strong><\/p>\n<p>A primeira etapa consiste na avalia\u00e7\u00e3o da nota do Exame Nacional do Ensino M\u00e9dio (ENEM), que \u00e9 um dos crit\u00e9rios centrais para a sele\u00e7\u00e3o. A Ilum considera a nota do ENEM como um indicador do desempenho acad\u00eamico geral dos candidatos, permitindo que a institui\u00e7\u00e3o tenha uma vis\u00e3o abrangente das compet\u00eancias em \u00e1reas como ci\u00eancias, matem\u00e1tica, linguagens, e reda\u00e7\u00e3o. Apenas os candidatos que atingirem uma pontua\u00e7\u00e3o m\u00ednima estabelecida pela escola avan\u00e7ar\u00e3o para a segunda fase do processo.<\/p>\n<p><strong>Segunda Etapa: Entrevista Individual<\/strong><\/p>\n<p>Aqueles que passarem pela primeira etapa ser\u00e3o convidados para uma entrevista individual, programada para dezembro de 2024. Esta fase \u00e9 crucial, pois permite \u00e0 equipe de sele\u00e7\u00e3o conhecer mais sobre o perfil pessoal e acad\u00eamico dos candidatos.<\/p>\n<p>Durante a entrevista, os estudantes ter\u00e3o a oportunidade de discutir suas motiva\u00e7\u00f5es, interesses cient\u00edficos, e como pretendem contribuir para a comunidade acad\u00eamica da Ilum. A entrevista tamb\u00e9m avalia a capacidade dos candidatos de articular suas ideias, seu pensamento cr\u00edtico, e seu potencial para se destacar em um ambiente de alta exig\u00eancia acad\u00eamica.<\/p>\n<p><strong>Um Ambiente que Incentiva a Criatividade e a Inova\u00e7\u00e3o<\/strong><\/p>\n<p>A infraestrutura da Ilum \u00e9 um dos seus grandes diferenciais. Os estudantes t\u00eam \u00e0 disposi\u00e7\u00e3o laborat\u00f3rios equipados com tecnologia de ponta, al\u00e9m de espa\u00e7os que incentivam a troca de ideias e a colabora\u00e7\u00e3o entre colegas e professores. A Escola tamb\u00e9m promove a participa\u00e7\u00e3o dos alunos em eventos e confer\u00eancias cient\u00edficas, proporcionando a eles uma imers\u00e3o no mundo da pesquisa desde os primeiros semestres.<\/p>\n<p><strong>Uma Experi\u00eancia Imersiva<\/strong><\/p>\n<p>Mais do que uma simples visita, o \u201cIlum de Portas Abertas\u201d oferece uma verdadeira imers\u00e3o no dia a dia da Escola. Os participantes poder\u00e3o experimentar atividades pr\u00e1ticas nos laborat\u00f3rios, interagir com professores e alunos, e conhecer as diferentes \u00e1reas do campus. Ao final, haver\u00e1 uma sess\u00e3o de perguntas e respostas sobre o curso, o processo seletivo e a vida acad\u00eamica na Ilum.<\/p>\n<p><strong>Conclus\u00e3o<\/strong><\/p>\n<p>O \u201cIlum de Portas Abertas\u201d \u00e9 uma excelente oportunidade para os estudantes do Ensino M\u00e9dio que buscam uma forma\u00e7\u00e3o inovadora em ci\u00eancia e tecnologia. Atrav\u00e9s desse evento, a Ilum Escola de Ci\u00eancia visa atrair jovens talentos e apresentar uma proposta de ensino que combina uma s\u00f3lida forma\u00e7\u00e3o acad\u00eamica com pr\u00e1tica em um ambiente de pesquisa de ponta. N\u00e3o perca essa oportunidade de conhecer a Ilum e descobrir como essa experi\u00eancia pode transformar sua trajet\u00f3ria profissional.<\/p>\n<p>Para mais informa\u00e7\u00f5es sobre o evento e o processo seletivo, visite o site oficial da Ilum Escola de Ci\u00eancia.<\/p>\n<p>Links:<\/p>\n<p><a href=\"https:\/\/ilum.cnpem.br\/processo-de-ingresso\/\" target=\"_blank\" rel=\"noopener\">https:\/\/ilum.cnpem.br\/ processo-de-ingresso\/<\/a><\/p>\n<p><a href=\"https:\/\/pages.cnpem.br\/ilumportasabertas\/\" target=\"_blank\" rel=\"noopener\">https:\/\/pages.cnpem.br\/ ilumportasabertas\/<\/a><\/p>\n","protected":false},"excerpt":{"rendered":"<p>A Ilum Escola de Ci\u00eancia \u00e9 uma institui\u00e7\u00e3o que se dedica \u00e0 forma\u00e7\u00e3o de novos cientistas com uma perspectiva interdisciplinar<\/p>\n","protected":false},"featured_media":980,"parent":0,"template":"","class_list":["post-981","blog","type-blog","status-publish","has-post-thumbnail","hentry"],"acf":[],"yoast_head":"<!-- This site is optimized with the Yoast SEO plugin v27.4 - https:\/\/yoast.com\/product\/yoast-seo-wordpress\/ -->\n<title>Experiencie a Ilum: uma oportunidade imperd\u00edvel para estudantes do ensino m\u00e9dio - Interdepend\u00eancia<\/title>\n<meta name=\"description\" content=\"A Ilum Escola de Ci\u00eancia \u00e9 uma institui\u00e7\u00e3o que se dedica \u00e0 forma\u00e7\u00e3o de novos cientistas com uma perspectiva interdisciplinar\" \/>\n<meta name=\"robots\" content=\"index, follow, max-snippet:-1, max-image-preview:large, max-video-preview:-1\" \/>\n<link rel=\"canonical\" href=\"https:\/\/www.forumcampinas.org.br\/interdependencia\/blog\/experiencie-a-ilum-uma-oportunidade-imperdivel-para-estudantes-do-ensino-medio\/\" \/>\n<meta property=\"og:locale\" content=\"pt_BR\" \/>\n<meta property=\"og:type\" content=\"article\" \/>\n<meta property=\"og:title\" content=\"Experiencie a Ilum: uma oportunidade imperd\u00edvel para estudantes do ensino m\u00e9dio - Interdepend\u00eancia\" \/>\n<meta property=\"og:description\" content=\"A Ilum Escola de Ci\u00eancia \u00e9 uma institui\u00e7\u00e3o que se dedica \u00e0 forma\u00e7\u00e3o de novos cientistas com uma perspectiva interdisciplinar\" \/>\n<meta property=\"og:url\" content=\"https:\/\/www.forumcampinas.org.br\/interdependencia\/blog\/experiencie-a-ilum-uma-oportunidade-imperdivel-para-estudantes-do-ensino-medio\/\" \/>\n<meta property=\"og:site_name\" content=\"Interdepend\u00eancia\" \/>\n<meta property=\"og:image\" content=\"https:\/\/www.forumcampinas.org.br\/interdependencia\/wp-content\/uploads\/2024\/08\/ILUM.jpg\" \/>\n\t<meta property=\"og:image:width\" content=\"1000\" \/>\n\t<meta property=\"og:image:height\" content=\"553\" \/>\n\t<meta property=\"og:image:type\" content=\"image\/jpeg\" \/>\n<meta name=\"twitter:card\" content=\"summary_large_image\" \/>\n<meta name=\"twitter:label1\" content=\"Est. tempo de leitura\" \/>\n\t<meta name=\"twitter:data1\" content=\"5 minutos\" \/>\n<script type=\"application\/ld+json\" class=\"yoast-schema-graph\">{\"@context\":\"https:\\\/\\\/schema.org\",\"@graph\":[{\"@type\":\"WebPage\",\"@id\":\"https:\\\/\\\/www.forumcampinas.org.br\\\/interdependencia\\\/blog\\\/experiencie-a-ilum-uma-oportunidade-imperdivel-para-estudantes-do-ensino-medio\\\/\",\"url\":\"https:\\\/\\\/www.forumcampinas.org.br\\\/interdependencia\\\/blog\\\/experiencie-a-ilum-uma-oportunidade-imperdivel-para-estudantes-do-ensino-medio\\\/\",\"name\":\"Experiencie a Ilum: uma oportunidade imperd\u00edvel para estudantes do ensino m\u00e9dio - Interdepend\u00eancia\",\"isPartOf\":{\"@id\":\"https:\\\/\\\/www.forumcampinas.org.br\\\/interdependencia\\\/#website\"},\"primaryImageOfPage\":{\"@id\":\"https:\\\/\\\/www.forumcampinas.org.br\\\/interdependencia\\\/blog\\\/experiencie-a-ilum-uma-oportunidade-imperdivel-para-estudantes-do-ensino-medio\\\/#primaryimage\"},\"image\":{\"@id\":\"https:\\\/\\\/www.forumcampinas.org.br\\\/interdependencia\\\/blog\\\/experiencie-a-ilum-uma-oportunidade-imperdivel-para-estudantes-do-ensino-medio\\\/#primaryimage\"},\"thumbnailUrl\":\"https:\\\/\\\/www.forumcampinas.org.br\\\/interdependencia\\\/wp-content\\\/uploads\\\/2024\\\/08\\\/ILUM.jpg\",\"datePublished\":\"2024-08-22T10:26:15+00:00\",\"description\":\"A Ilum Escola de Ci\u00eancia \u00e9 uma institui\u00e7\u00e3o que se dedica \u00e0 forma\u00e7\u00e3o de novos cientistas com uma perspectiva interdisciplinar\",\"breadcrumb\":{\"@id\":\"https:\\\/\\\/www.forumcampinas.org.br\\\/interdependencia\\\/blog\\\/experiencie-a-ilum-uma-oportunidade-imperdivel-para-estudantes-do-ensino-medio\\\/#breadcrumb\"},\"inLanguage\":\"pt-BR\",\"potentialAction\":[{\"@type\":\"ReadAction\",\"target\":[\"https:\\\/\\\/www.forumcampinas.org.br\\\/interdependencia\\\/blog\\\/experiencie-a-ilum-uma-oportunidade-imperdivel-para-estudantes-do-ensino-medio\\\/\"]}]},{\"@type\":\"ImageObject\",\"inLanguage\":\"pt-BR\",\"@id\":\"https:\\\/\\\/www.forumcampinas.org.br\\\/interdependencia\\\/blog\\\/experiencie-a-ilum-uma-oportunidade-imperdivel-para-estudantes-do-ensino-medio\\\/#primaryimage\",\"url\":\"https:\\\/\\\/www.forumcampinas.org.br\\\/interdependencia\\\/wp-content\\\/uploads\\\/2024\\\/08\\\/ILUM.jpg\",\"contentUrl\":\"https:\\\/\\\/www.forumcampinas.org.br\\\/interdependencia\\\/wp-content\\\/uploads\\\/2024\\\/08\\\/ILUM.jpg\",\"width\":1000,\"height\":553,\"caption\":\"Foto: Ilum Escola de Ci\u00eancia\"},{\"@type\":\"BreadcrumbList\",\"@id\":\"https:\\\/\\\/www.forumcampinas.org.br\\\/interdependencia\\\/blog\\\/experiencie-a-ilum-uma-oportunidade-imperdivel-para-estudantes-do-ensino-medio\\\/#breadcrumb\",\"itemListElement\":[{\"@type\":\"ListItem\",\"position\":1,\"name\":\"In\u00edcio\",\"item\":\"https:\\\/\\\/www.forumcampinas.org.br\\\/interdependencia\\\/\"},{\"@type\":\"ListItem\",\"position\":2,\"name\":\"Blog\",\"item\":\"https:\\\/\\\/www.forumcampinas.org.br\\\/interdependencia\\\/blog\\\/\"},{\"@type\":\"ListItem\",\"position\":3,\"name\":\"Experiencie a Ilum: uma oportunidade imperd\u00edvel para estudantes do ensino m\u00e9dio\"}]},{\"@type\":\"WebSite\",\"@id\":\"https:\\\/\\\/www.forumcampinas.org.br\\\/interdependencia\\\/#website\",\"url\":\"https:\\\/\\\/www.forumcampinas.org.br\\\/interdependencia\\\/\",\"name\":\"Interdepend\u00eancia\",\"description\":\"Ci\u00eancia, Tecnologia e Inova\u00e7\u00e3o e a Regi\u00e3o de Campinas\",\"publisher\":{\"@id\":\"https:\\\/\\\/www.forumcampinas.org.br\\\/interdependencia\\\/#organization\"},\"potentialAction\":[{\"@type\":\"SearchAction\",\"target\":{\"@type\":\"EntryPoint\",\"urlTemplate\":\"https:\\\/\\\/www.forumcampinas.org.br\\\/interdependencia\\\/?s={search_term_string}\"},\"query-input\":{\"@type\":\"PropertyValueSpecification\",\"valueRequired\":true,\"valueName\":\"search_term_string\"}}],\"inLanguage\":\"pt-BR\"},{\"@type\":\"Organization\",\"@id\":\"https:\\\/\\\/www.forumcampinas.org.br\\\/interdependencia\\\/#organization\",\"name\":\"Interdepend\u00eancia\",\"url\":\"https:\\\/\\\/www.forumcampinas.org.br\\\/interdependencia\\\/\",\"logo\":{\"@type\":\"ImageObject\",\"inLanguage\":\"pt-BR\",\"@id\":\"https:\\\/\\\/www.forumcampinas.org.br\\\/interdependencia\\\/#\\\/schema\\\/logo\\\/image\\\/\",\"url\":\"https:\\\/\\\/www.forumcampinas.org.br\\\/interdependencia\\\/wp-content\\\/uploads\\\/2023\\\/11\\\/interdependencia.png\",\"contentUrl\":\"https:\\\/\\\/www.forumcampinas.org.br\\\/interdependencia\\\/wp-content\\\/uploads\\\/2023\\\/11\\\/interdependencia.png\",\"width\":757,\"height\":195,\"caption\":\"Interdepend\u00eancia\"},\"image\":{\"@id\":\"https:\\\/\\\/www.forumcampinas.org.br\\\/interdependencia\\\/#\\\/schema\\\/logo\\\/image\\\/\"}}]}<\/script>\n<!-- \/ Yoast SEO plugin. -->","yoast_head_json":{"title":"Experiencie a Ilum: uma oportunidade imperd\u00edvel para estudantes do ensino m\u00e9dio - Interdepend\u00eancia","description":"A Ilum Escola de Ci\u00eancia \u00e9 uma institui\u00e7\u00e3o que se dedica \u00e0 forma\u00e7\u00e3o de novos cientistas com uma perspectiva interdisciplinar","robots":{"index":"index","follow":"follow","max-snippet":"max-snippet:-1","max-image-preview":"max-image-preview:large","max-video-preview":"max-video-preview:-1"},"canonical":"https:\/\/www.forumcampinas.org.br\/interdependencia\/blog\/experiencie-a-ilum-uma-oportunidade-imperdivel-para-estudantes-do-ensino-medio\/","og_locale":"pt_BR","og_type":"article","og_title":"Experiencie a Ilum: uma oportunidade imperd\u00edvel para estudantes do ensino m\u00e9dio - Interdepend\u00eancia","og_description":"A Ilum Escola de Ci\u00eancia \u00e9 uma institui\u00e7\u00e3o que se dedica \u00e0 forma\u00e7\u00e3o de novos cientistas com uma perspectiva interdisciplinar","og_url":"https:\/\/www.forumcampinas.org.br\/interdependencia\/blog\/experiencie-a-ilum-uma-oportunidade-imperdivel-para-estudantes-do-ensino-medio\/","og_site_name":"Interdepend\u00eancia","og_image":[{"width":1000,"height":553,"url":"https:\/\/www.forumcampinas.org.br\/interdependencia\/wp-content\/uploads\/2024\/08\/ILUM.jpg","type":"image\/jpeg"}],"twitter_card":"summary_large_image","twitter_misc":{"Est. tempo de leitura":"5 minutos"},"schema":{"@context":"https:\/\/schema.org","@graph":[{"@type":"WebPage","@id":"https:\/\/www.forumcampinas.org.br\/interdependencia\/blog\/experiencie-a-ilum-uma-oportunidade-imperdivel-para-estudantes-do-ensino-medio\/","url":"https:\/\/www.forumcampinas.org.br\/interdependencia\/blog\/experiencie-a-ilum-uma-oportunidade-imperdivel-para-estudantes-do-ensino-medio\/","name":"Experiencie a Ilum: uma oportunidade imperd\u00edvel para estudantes do ensino m\u00e9dio - Interdepend\u00eancia","isPartOf":{"@id":"https:\/\/www.forumcampinas.org.br\/interdependencia\/#website"},"primaryImageOfPage":{"@id":"https:\/\/www.forumcampinas.org.br\/interdependencia\/blog\/experiencie-a-ilum-uma-oportunidade-imperdivel-para-estudantes-do-ensino-medio\/#primaryimage"},"image":{"@id":"https:\/\/www.forumcampinas.org.br\/interdependencia\/blog\/experiencie-a-ilum-uma-oportunidade-imperdivel-para-estudantes-do-ensino-medio\/#primaryimage"},"thumbnailUrl":"https:\/\/www.forumcampinas.org.br\/interdependencia\/wp-content\/uploads\/2024\/08\/ILUM.jpg","datePublished":"2024-08-22T10:26:15+00:00","description":"A Ilum Escola de Ci\u00eancia \u00e9 uma institui\u00e7\u00e3o que se dedica \u00e0 forma\u00e7\u00e3o de novos cientistas com uma perspectiva interdisciplinar","breadcrumb":{"@id":"https:\/\/www.forumcampinas.org.br\/interdependencia\/blog\/experiencie-a-ilum-uma-oportunidade-imperdivel-para-estudantes-do-ensino-medio\/#breadcrumb"},"inLanguage":"pt-BR","potentialAction":[{"@type":"ReadAction","target":["https:\/\/www.forumcampinas.org.br\/interdependencia\/blog\/experiencie-a-ilum-uma-oportunidade-imperdivel-para-estudantes-do-ensino-medio\/"]}]},{"@type":"ImageObject","inLanguage":"pt-BR","@id":"https:\/\/www.forumcampinas.org.br\/interdependencia\/blog\/experiencie-a-ilum-uma-oportunidade-imperdivel-para-estudantes-do-ensino-medio\/#primaryimage","url":"https:\/\/www.forumcampinas.org.br\/interdependencia\/wp-content\/uploads\/2024\/08\/ILUM.jpg","contentUrl":"https:\/\/www.forumcampinas.org.br\/interdependencia\/wp-content\/uploads\/2024\/08\/ILUM.jpg","width":1000,"height":553,"caption":"Foto: Ilum Escola de Ci\u00eancia"},{"@type":"BreadcrumbList","@id":"https:\/\/www.forumcampinas.org.br\/interdependencia\/blog\/experiencie-a-ilum-uma-oportunidade-imperdivel-para-estudantes-do-ensino-medio\/#breadcrumb","itemListElement":[{"@type":"ListItem","position":1,"name":"In\u00edcio","item":"https:\/\/www.forumcampinas.org.br\/interdependencia\/"},{"@type":"ListItem","position":2,"name":"Blog","item":"https:\/\/www.forumcampinas.org.br\/interdependencia\/blog\/"},{"@type":"ListItem","position":3,"name":"Experiencie a Ilum: uma oportunidade imperd\u00edvel para estudantes do ensino m\u00e9dio"}]},{"@type":"WebSite","@id":"https:\/\/www.forumcampinas.org.br\/interdependencia\/#website","url":"https:\/\/www.forumcampinas.org.br\/interdependencia\/","name":"Interdepend\u00eancia","description":"Ci\u00eancia, Tecnologia e Inova\u00e7\u00e3o e a Regi\u00e3o de Campinas","publisher":{"@id":"https:\/\/www.forumcampinas.org.br\/interdependencia\/#organization"},"potentialAction":[{"@type":"SearchAction","target":{"@type":"EntryPoint","urlTemplate":"https:\/\/www.forumcampinas.org.br\/interdependencia\/?s={search_term_string}"},"query-input":{"@type":"PropertyValueSpecification","valueRequired":true,"valueName":"search_term_string"}}],"inLanguage":"pt-BR"},{"@type":"Organization","@id":"https:\/\/www.forumcampinas.org.br\/interdependencia\/#organization","name":"Interdepend\u00eancia","url":"https:\/\/www.forumcampinas.org.br\/interdependencia\/","logo":{"@type":"ImageObject","inLanguage":"pt-BR","@id":"https:\/\/www.forumcampinas.org.br\/interdependencia\/#\/schema\/logo\/image\/","url":"https:\/\/www.forumcampinas.org.br\/interdependencia\/wp-content\/uploads\/2023\/11\/interdependencia.png","contentUrl":"https:\/\/www.forumcampinas.org.br\/interdependencia\/wp-content\/uploads\/2023\/11\/interdependencia.png","width":757,"height":195,"caption":"Interdepend\u00eancia"},"image":{"@id":"https:\/\/www.forumcampinas.org.br\/interdependencia\/#\/schema\/logo\/image\/"}}]}},"_links":{"self":[{"href":"https:\/\/www.forumcampinas.org.br\/interdependencia\/wp-json\/wp\/v2\/blog\/981","targetHints":{"allow":["GET"]}}],"collection":[{"href":"https:\/\/www.forumcampinas.org.br\/interdependencia\/wp-json\/wp\/v2\/blog"}],"about":[{"href":"https:\/\/www.forumcampinas.org.br\/interdependencia\/wp-json\/wp\/v2\/types\/blog"}],"wp:featuredmedia":[{"embeddable":true,"href":"https:\/\/www.forumcampinas.org.br\/interdependencia\/wp-json\/wp\/v2\/media\/980"}],"wp:attachment":[{"href":"https:\/\/www.forumcampinas.org.br\/interdependencia\/wp-json\/wp\/v2\/media?parent=981"}],"curies":[{"name":"wp","href":"https:\/\/api.w.org\/{rel}","templated":true}]}}